{"id":54064,"date":"2016-08-30T08:35:16","date_gmt":"2016-08-30T11:35:16","guid":{"rendered":"http:\/\/www.hoymercedes.com.ar\/principal\/?p=54064"},"modified":"2016-08-29T20:41:24","modified_gmt":"2016-08-29T23:41:24","slug":"ultimo-dia-para-entregar-fotografias","status":"publish","type":"post","link":"https:\/\/www.hoymercedes.com.ar\/principal\/2016\/08\/30\/ultimo-dia-para-entregar-fotografias\/","title":{"rendered":"\u00daltimo d\u00eda para entregar fotograf\u00edas"},"content":{"rendered":"<p>Este 31 de agosto, ser\u00e1 el \u00faltimo d\u00eda para entregar las im\u00e1genes que compitan en el Sal\u00f3n Aual Nacional de Fotograf\u00eda \u201cCiudad de Mercedes\u201d 2016.<\/p>\n<p>Esta ser\u00e1 la \u00faltima oportunidad, ya que la pr\u00f3xima semana &#8211; entre lunes y martes &#8211; actuar\u00e1\u00a0el jurado. En este ocasi\u00f3n se trata de tres profesionales, dos de ellas radicadas en C.A.B.A., y una mercedina que tampoco vive en nuestra ciudad, que se har\u00e1n cargo de la selecci\u00f3n y premiaci\u00f3n de las obras que participan del concurso.<\/p>\n<p>Paula Lerma (fot\u00f3grafa, dise\u00f1adora y Blogger) y Mar\u00eda Paz Germ\u00e1n (Fot\u00f3grafa y tallerista en Ojo de Pez) forman parte de Nano Festival de Fotograf\u00eda, dedicado a la promoci\u00f3n y difusi\u00f3n de fot\u00f3grafos emergentes a nivel nacional e internacional, una plataforma que descubre nuevos valores de la fotograf\u00eda argentina y latinoamericana, con m\u00e1s de 40.000 seguidores en Facebok.<\/p>\n<p>Tambi\u00e9n integrar\u00e1 el jurado Luciana Acu\u00f1a (curadora independiente, historiadora del Arte y tatuadora art\u00edstica, y redactora de contenidos culturales), oriunda de la ciudad de Mercedes.<\/p>\n<p>Los resultados de la jura se dar\u00e1n a conocer en esa semana, difundiendo las listas de los seleccionados a trav\u00e9s de los medios de difusi\u00f3n del propio museo y de los medios de comunicaci\u00f3n de la ciudad.<\/p>\n<p>&nbsp;<\/p>\n","protected":false},"excerpt":{"rendered":"<p>Este 31 de agosto, ser\u00e1 el \u00faltimo d\u00eda para entregar las im\u00e1genes que compitan en el Sal\u00f3n Aual Nacional de &#8230; <a title=\"\u00daltimo d\u00eda para entregar fotograf\u00edas\" class=\"read-more\" href=\"https:\/\/www.hoymercedes.com.ar\/principal\/2016\/08\/30\/ultimo-dia-para-entregar-fotografias\/\" aria-label=\"Leer m\u00e1s sobre \u00daltimo d\u00eda para entregar fotograf\u00edas\">Leer m\u00e1s<\/a><\/p>\n","protected":false},"author":1,"featured_media":53780,"comment_status":"open","ping_status":"open","sticky":false,"template":"","format":"standard","meta":{"_monsterinsights_skip_tracking":false,"_monsterinsights_sitenote_active":false,"_monsterinsights_sitenote_note":"","_monsterinsights_sitenote_category":0,"jetpack_post_was_ever_published":false,"_jetpack_newsletter_access":"","_jetpack_dont_email_post_to_subs":false,"_jetpack_newsletter_tier_id":0,"_jetpack_memberships_contains_paywalled_content":false,"_jetpack_memberships_contains_paid_content":false,"footnotes":"","jetpack_publicize_message":"","jetpack_publicize_feature_enabled":true,"jetpack_social_post_already_shared":true,"jetpack_social_options":{"image_generator_settings":{"template":"highway","default_image_id":0,"font":"","enabled":false},"version":2},"_wpas_customize_per_network":false},"categories":[104],"tags":[7805,8674,9632],"class_list":["post-54064","post","type-post","status-publish","format-standard","has-post-thumbnail","hentry","category-cultura","tag-cultura","tag-mamm","tag-salon-de-fotografia","generate-columns","tablet-grid-50","mobile-grid-100","grid-parent","grid-50"],"jetpack_publicize_connections":[],"jetpack_featured_media_url":"https:\/\/www.hoymercedes.com.ar\/principal\/wp-content\/uploads\/2016\/08\/22-salon-foto.jpg","wps_subtitle":"Sal\u00f3n de fotograf\u00edas","jetpack_sharing_enabled":true,"_links":{"self":[{"href":"https:\/\/www.hoymercedes.com.ar\/principal\/wp-json\/wp\/v2\/posts\/54064","targetHints":{"allow":["GET"]}}],"collection":[{"href":"https:\/\/www.hoymercedes.com.ar\/principal\/wp-json\/wp\/v2\/posts"}],"about":[{"href":"https:\/\/www.hoymercedes.com.ar\/principal\/wp-json\/wp\/v2\/types\/post"}],"author":[{"embeddable":true,"href":"https:\/\/www.hoymercedes.com.ar\/principal\/wp-json\/wp\/v2\/users\/1"}],"replies":[{"embeddable":true,"href":"https:\/\/www.hoymercedes.com.ar\/principal\/wp-json\/wp\/v2\/comments?post=54064"}],"version-history":[{"count":0,"href":"https:\/\/www.hoymercedes.com.ar\/principal\/wp-json\/wp\/v2\/posts\/54064\/revisions"}],"wp:featuredmedia":[{"embeddable":true,"href":"https:\/\/www.hoymercedes.com.ar\/principal\/wp-json\/wp\/v2\/media\/53780"}],"wp:attachment":[{"href":"https:\/\/www.hoymercedes.com.ar\/principal\/wp-json\/wp\/v2\/media?parent=54064"}],"wp:term":[{"taxonomy":"category","embeddable":true,"href":"https:\/\/www.hoymercedes.com.ar\/principal\/wp-json\/wp\/v2\/categories?post=54064"},{"taxonomy":"post_tag","embeddable":true,"href":"https:\/\/www.hoymercedes.com.ar\/principal\/wp-json\/wp\/v2\/tags?post=54064"}],"curies":[{"name":"wp","href":"https:\/\/api.w.org\/{rel}","templated":true}]}}