{"id":54068,"date":"2016-08-29T23:06:23","date_gmt":"2016-08-30T02:06:23","guid":{"rendered":"http:\/\/www.hoymercedes.com.ar\/principal\/?p=54068"},"modified":"2016-08-29T23:06:23","modified_gmt":"2016-08-30T02:06:23","slug":"ustarroz-la-idea-es-llevar-adelante-todos-los-trabajos-posibles-para-lograr-una-ciudad-verde","status":"publish","type":"post","link":"https:\/\/www.hoymercedes.com.ar\/principal\/2016\/08\/29\/ustarroz-la-idea-es-llevar-adelante-todos-los-trabajos-posibles-para-lograr-una-ciudad-verde\/","title":{"rendered":"Ustarroz: \u201cLa idea es llevar adelante todos los trabajos posibles para lograr una ciudad verde\u00bb"},"content":{"rendered":"<p>Por Prensa Municipal &#8211; El arbolado es parte fundamental de la sustentabilidad ambiental de nuestra ciudad, y como tal se debe cuidar y preservar. En el \u201cD\u00eda del \u00c1rbol\u201d desde la Direcci\u00f3n de Espacios Verdes de la Municipalidad de Mercedes, se llev\u00f3 adelante una jornada de concientizaci\u00f3n con folleter\u00eda que explic\u00f3 el procedimiento de plantar correctamente un \u00e1rbol, y sus cuidados. Adem\u00e1s se entregaron \u00e1rboles, de manera gratuita.<\/p>\n<p>El Intendente Municipal Dr. Juan Ignacio Ustarroz, acompa\u00f1o la iniciativa en plaza San Mart\u00edn y dijo\u00a0\u201cla idea es cuidar el \u00e1rbol y llevar adelante todos los trabajos posibles para hacer una ciudad verde. Con este objetivo es que creamos la Direcci\u00f3n de Espacios verdes, donde se trabaja con una planificaci\u00f3n, una mirada estrat\u00e9gica, a trav\u00e9s de su titular Leonardo Belforte y su personal, a la vez que convocamos a todas las organizaciones sociales preocupadas por esta tem\u00e1tica como es S.O.S. Habitat y aquellas que quieran sumar voluntades a esta tarea. La idea es que a\u00f1o tras a\u00f1o, podamos avanzar mucho y convertir a la ciudad en ese ideal que queremos.\u201d expres\u00f3 el Jefe Comunal.<\/p>\n<p>Belforte agreg\u00f3 que la jornada busca que los vecinos acerquen y se lleven de la especie que m\u00e1s le convenga a la zona de su domicilio. Se entregaron fresnos, pl\u00e1tanos, jacarand\u00e1 y acer burgeriano, m\u00e1s algunas plantas de durazno. De estas \u00faltimas, se entregan 100 y del resto de las mencionadas poco m\u00e1s de 350.<\/p>\n<p>El Intendente dijo que \u201cse debe destacar el accionar de la Direcci\u00f3n, que esta trabajando muy bien. Vamos embelleciendo la ciudad, con una mirada estrat\u00e9gica, planificando as\u00ed la puesta en valor del espacio p\u00fablico que debemos cuidar entre todos\u201d.<\/p>\n<p>&nbsp;<\/p>\n","protected":false},"excerpt":{"rendered":"<p>Por Prensa Municipal &#8211; El arbolado es parte fundamental de la sustentabilidad ambiental de nuestra ciudad, y como tal se &#8230; <a title=\"Ustarroz: \u201cLa idea es llevar adelante todos los trabajos posibles para lograr una ciudad verde\u00bb\" class=\"read-more\" href=\"https:\/\/www.hoymercedes.com.ar\/principal\/2016\/08\/29\/ustarroz-la-idea-es-llevar-adelante-todos-los-trabajos-posibles-para-lograr-una-ciudad-verde\/\" aria-label=\"Leer m\u00e1s sobre Ustarroz: \u201cLa idea es llevar adelante todos los trabajos posibles para lograr una ciudad verde\u00bb\">Leer m\u00e1s<\/a><\/p>\n","protected":false},"author":1,"featured_media":54069,"comment_status":"open","ping_status":"open","sticky":false,"template":"","format":"standard","meta":{"_monsterinsights_skip_tracking":false,"_monsterinsights_sitenote_active":false,"_monsterinsights_sitenote_note":"","_monsterinsights_sitenote_category":0,"jetpack_post_was_ever_published":false,"_jetpack_newsletter_access":"","_jetpack_dont_email_post_to_subs":false,"_jetpack_newsletter_tier_id":0,"_jetpack_memberships_contains_paywalled_content":false,"_jetpack_memberships_contains_paid_content":false,"footnotes":"","jetpack_publicize_message":"","jetpack_publicize_feature_enabled":true,"jetpack_social_post_already_shared":true,"jetpack_social_options":{"image_generator_settings":{"template":"highway","default_image_id":0,"font":"","enabled":false},"version":2},"_wpas_customize_per_network":false},"categories":[30],"tags":[3826,244,424],"class_list":["post-54068","post","type-post","status-publish","format-standard","has-post-thumbnail","hentry","category-municipio","tag-dia-del-arbol","tag-municipio-2","tag-ustarroz","generate-columns","tablet-grid-50","mobile-grid-100","grid-parent","grid-50"],"jetpack_publicize_connections":[],"jetpack_featured_media_url":"https:\/\/www.hoymercedes.com.ar\/principal\/wp-content\/uploads\/2016\/08\/30-ARBOL-2.jpg","wps_subtitle":"D\u00eda del \u00c1rbol","jetpack_sharing_enabled":true,"_links":{"self":[{"href":"https:\/\/www.hoymercedes.com.ar\/principal\/wp-json\/wp\/v2\/posts\/54068","targetHints":{"allow":["GET"]}}],"collection":[{"href":"https:\/\/www.hoymercedes.com.ar\/principal\/wp-json\/wp\/v2\/posts"}],"about":[{"href":"https:\/\/www.hoymercedes.com.ar\/principal\/wp-json\/wp\/v2\/types\/post"}],"author":[{"embeddable":true,"href":"https:\/\/www.hoymercedes.com.ar\/principal\/wp-json\/wp\/v2\/users\/1"}],"replies":[{"embeddable":true,"href":"https:\/\/www.hoymercedes.com.ar\/principal\/wp-json\/wp\/v2\/comments?post=54068"}],"version-history":[{"count":0,"href":"https:\/\/www.hoymercedes.com.ar\/principal\/wp-json\/wp\/v2\/posts\/54068\/revisions"}],"wp:featuredmedia":[{"embeddable":true,"href":"https:\/\/www.hoymercedes.com.ar\/principal\/wp-json\/wp\/v2\/media\/54069"}],"wp:attachment":[{"href":"https:\/\/www.hoymercedes.com.ar\/principal\/wp-json\/wp\/v2\/media?parent=54068"}],"wp:term":[{"taxonomy":"category","embeddable":true,"href":"https:\/\/www.hoymercedes.com.ar\/principal\/wp-json\/wp\/v2\/categories?post=54068"},{"taxonomy":"post_tag","embeddable":true,"href":"https:\/\/www.hoymercedes.com.ar\/principal\/wp-json\/wp\/v2\/tags?post=54068"}],"curies":[{"name":"wp","href":"https:\/\/api.w.org\/{rel}","templated":true}]}}