{"id":54084,"date":"2016-08-30T18:57:13","date_gmt":"2016-08-30T21:57:13","guid":{"rendered":"http:\/\/www.hoymercedes.com.ar\/principal\/?p=54084"},"modified":"2016-08-30T18:57:13","modified_gmt":"2016-08-30T21:57:13","slug":"encontraron-a-belen-la-joven-que-desde-hace-dias-era-buscada","status":"publish","type":"post","link":"https:\/\/www.hoymercedes.com.ar\/principal\/2016\/08\/30\/encontraron-a-belen-la-joven-que-desde-hace-dias-era-buscada\/","title":{"rendered":"Encontraron a Bel\u00e9n, la joven que desde hace d\u00edas era buscada"},"content":{"rendered":"<p>&nbsp;<\/p>\n<p><img loading=\"lazy\" decoding=\"async\" data-attachment-id=\"54020\" data-permalink=\"https:\/\/www.hoymercedes.com.ar\/principal\/2016\/08\/28\/buscan-a-belen-galeano-de-15-anos\/28-belen-galeano-1\/#main\" data-orig-file=\"https:\/\/www.hoymercedes.com.ar\/principal\/wp-content\/uploads\/2016\/08\/28-bel\u00e9n-galeano-1.jpg\" data-orig-size=\"480,360\" data-comments-opened=\"1\" data-image-meta=\"{&quot;aperture&quot;:&quot;0&quot;,&quot;credit&quot;:&quot;&quot;,&quot;camera&quot;:&quot;&quot;,&quot;caption&quot;:&quot;&quot;,&quot;created_timestamp&quot;:&quot;0&quot;,&quot;copyright&quot;:&quot;&quot;,&quot;focal_length&quot;:&quot;0&quot;,&quot;iso&quot;:&quot;0&quot;,&quot;shutter_speed&quot;:&quot;0&quot;,&quot;title&quot;:&quot;&quot;,&quot;orientation&quot;:&quot;0&quot;}\" data-image-title=\"28 bel\u00e9n galeano 1\" data-image-description=\"\" data-image-caption=\"\" data-large-file=\"https:\/\/www.hoymercedes.com.ar\/principal\/wp-content\/uploads\/2016\/08\/28-bel\u00e9n-galeano-1.jpg\" class=\"aligncenter wp-image-54020\" src=\"https:\/\/www.hoymercedes.com.ar\/principal\/wp-content\/uploads\/2016\/08\/28-bel\u00e9n-galeano-1.jpg\" alt=\"28 bel\u00e9n galeano 1\" width=\"620\" height=\"465\" srcset=\"https:\/\/www.hoymercedes.com.ar\/principal\/wp-content\/uploads\/2016\/08\/28-bel\u00e9n-galeano-1.jpg 480w, https:\/\/www.hoymercedes.com.ar\/principal\/wp-content\/uploads\/2016\/08\/28-bel\u00e9n-galeano-1-150x113.jpg 150w\" sizes=\"auto, (max-width: 620px) 100vw, 620px\" \/><\/p>\n<p>Durante la tarde de \u00e9ste martes se logr\u00f3 encontrar a la joven mercedina, de tan s\u00f3lo 15 a\u00f1os de edad, que desde hace unos d\u00edas se ven\u00eda buscando desde esferas oficiales y desde la familia y amigos. La joven est\u00e1 en buen estado confirmaron desde el \u00e1rea de seguridad del municipio y fue hallada en la localidad de General Belgrano.<\/p>\n<p>Se trata de Bel\u00e9n Galeano y la Secretaria de Control Urbano, Josefina Kelly, confirm\u00f3 a nuestro medio que se est\u00e1n realizando los procedimientos habituales en estos casos para que el encuentro con la familia sea el m\u00e1s r\u00e1pido posible.<\/p>\n<p>Toda una ciudad estuvo alerta y preocupada. Bel\u00e9n, ya se puede confirmar, est\u00e1 en perfecto estado.<\/p>\n<p>&nbsp;<\/p>\n<p>&nbsp;<\/p>\n","protected":false},"excerpt":{"rendered":"<p>&nbsp; Durante la tarde de \u00e9ste martes se logr\u00f3 encontrar a la joven mercedina, de tan s\u00f3lo 15 a\u00f1os de &#8230; <a title=\"Encontraron a Bel\u00e9n, la joven que desde hace d\u00edas era buscada\" class=\"read-more\" href=\"https:\/\/www.hoymercedes.com.ar\/principal\/2016\/08\/30\/encontraron-a-belen-la-joven-que-desde-hace-dias-era-buscada\/\" aria-label=\"Leer m\u00e1s sobre Encontraron a Bel\u00e9n, la joven que desde hace d\u00edas era buscada\">Leer m\u00e1s<\/a><\/p>\n","protected":false},"author":1,"featured_media":54020,"comment_status":"open","ping_status":"open","sticky":false,"template":"","format":"standard","meta":{"_monsterinsights_skip_tracking":false,"_monsterinsights_sitenote_active":false,"_monsterinsights_sitenote_note":"","_monsterinsights_sitenote_category":0,"jetpack_post_was_ever_published":false,"_jetpack_newsletter_access":"","_jetpack_dont_email_post_to_subs":false,"_jetpack_newsletter_tier_id":0,"_jetpack_memberships_contains_paywalled_content":false,"_jetpack_memberships_contains_paid_content":false,"footnotes":"","jetpack_publicize_message":"","jetpack_publicize_feature_enabled":true,"jetpack_social_post_already_shared":true,"jetpack_social_options":{"image_generator_settings":{"template":"highway","default_image_id":0,"font":"","enabled":false},"version":2},"_wpas_customize_per_network":false},"categories":[85],"tags":[9950],"class_list":["post-54084","post","type-post","status-publish","format-standard","has-post-thumbnail","hentry","category-policial","tag-belen-galeano","generate-columns","tablet-grid-50","mobile-grid-100","grid-parent","grid-50"],"jetpack_publicize_connections":[],"jetpack_featured_media_url":"https:\/\/www.hoymercedes.com.ar\/principal\/wp-content\/uploads\/2016\/08\/28-bel\u00e9n-galeano-1.jpg","wps_subtitle":"Est\u00e1 en perfectas condiciones","jetpack_sharing_enabled":true,"_links":{"self":[{"href":"https:\/\/www.hoymercedes.com.ar\/principal\/wp-json\/wp\/v2\/posts\/54084","targetHints":{"allow":["GET"]}}],"collection":[{"href":"https:\/\/www.hoymercedes.com.ar\/principal\/wp-json\/wp\/v2\/posts"}],"about":[{"href":"https:\/\/www.hoymercedes.com.ar\/principal\/wp-json\/wp\/v2\/types\/post"}],"author":[{"embeddable":true,"href":"https:\/\/www.hoymercedes.com.ar\/principal\/wp-json\/wp\/v2\/users\/1"}],"replies":[{"embeddable":true,"href":"https:\/\/www.hoymercedes.com.ar\/principal\/wp-json\/wp\/v2\/comments?post=54084"}],"version-history":[{"count":0,"href":"https:\/\/www.hoymercedes.com.ar\/principal\/wp-json\/wp\/v2\/posts\/54084\/revisions"}],"wp:featuredmedia":[{"embeddable":true,"href":"https:\/\/www.hoymercedes.com.ar\/principal\/wp-json\/wp\/v2\/media\/54020"}],"wp:attachment":[{"href":"https:\/\/www.hoymercedes.com.ar\/principal\/wp-json\/wp\/v2\/media?parent=54084"}],"wp:term":[{"taxonomy":"category","embeddable":true,"href":"https:\/\/www.hoymercedes.com.ar\/principal\/wp-json\/wp\/v2\/categories?post=54084"},{"taxonomy":"post_tag","embeddable":true,"href":"https:\/\/www.hoymercedes.com.ar\/principal\/wp-json\/wp\/v2\/tags?post=54084"}],"curies":[{"name":"wp","href":"https:\/\/api.w.org\/{rel}","templated":true}]}}