{"id":54161,"date":"2016-09-02T09:12:56","date_gmt":"2016-09-02T12:12:56","guid":{"rendered":"http:\/\/www.hoymercedes.com.ar\/principal\/?p=54161"},"modified":"2016-09-02T09:12:56","modified_gmt":"2016-09-02T12:12:56","slug":"termino-el-primer-taller-de-prevencion-contra-la-violencia-de-genero","status":"publish","type":"post","link":"https:\/\/www.hoymercedes.com.ar\/principal\/2016\/09\/02\/termino-el-primer-taller-de-prevencion-contra-la-violencia-de-genero\/","title":{"rendered":"Termin\u00f3 el primer taller de prevenci\u00f3n contra la violencia de g\u00e9nero"},"content":{"rendered":"<p>Durante la tarde del pasado mi\u00e9rcoles se cerr\u00f3 la primera etapa del taller de prevenci\u00f3n contra la violencia de g\u00e9nero organizado por\u00a0la Coordinaci\u00f3n\u00a0de Derechos Humanos de\u00a0la Municipalidad. El Jefe Comunal fue el responsable de entregar los certificados a los participantes, representantes de varias instituciones como el Sindicato de Trabajadores Municipales, el Programa Envi\u00f3n,\u00a0la Oficina\u00a0de Abordaje de Conflictos y el Centro de Graduados de Trabajo Social de\u00a0la UNLu, adem\u00e1s de las vecinas y vecinos que fueron parte de los encuentros.<\/p>\n<p>Tras cuatro encuentros se cerr\u00f3 la primera etapa que incluy\u00f3 invitados, proyecciones, reflexi\u00f3n colectiva y exposici\u00f3n de diversos autores a nivel nacional e internacional que han trabajado la tem\u00e1tica.<\/p>\n<p>\u201cFue una actividad muy fruct\u00edfera. Se not\u00f3 el compromiso de todas y todos los que participaron, los que iniciaron, lo que se sumaron, los que pudieron estar cada mi\u00e9rcoles y los que no, pero, lo valioso es que decidieron continuar y seguir encontr\u00e1ndose en el espacio de\u00a0La Trochapara articular diversas tareas y visibilizar una de las m\u00e1s complejas problem\u00e1ticas de la actualidad. El compromiso que vivenci\u00e9 fue un placer. Ver la ciudadan\u00eda comprometida es algo que sin duda alegra\u201d, coment\u00f3 Juan Ignacio Ustarroz quien fue parte de la actividad del pasado mi\u00e9rcoles donde se entraron certificados de asistencia y se confirm\u00f3 y ratific\u00f3 la decisi\u00f3n tomada por el grupo de continuar encontr\u00e1ndose y empezar a programar acciones a realizar en la pr\u00f3xima Fiesta Nacional del Salame Quintero.<\/p>\n<p>Juan Pablo L\u00f3pez Baggio, Secretario de Gobierno y Mat\u00edas Dematei, Presidente del Concejo Deliberante acompa\u00f1aron al primer mandatario adem\u00e1s de dialogar e intercambiar opiniones con las presentes.<\/p>\n<p>La propuesta encabezada por Derechos Humanos y\u00a0la Secretaria\u00a0de Gobierno gener\u00f3 un grupo muy comprometido y que \u201cse llev\u00f3 muy bien\u201d comentaron desde las \u00e1reas involucradas ante lo cual se decidi\u00f3 continuar trabajando en varias propuestas y la m\u00e1s cercana es efectuar una fuerte campa\u00f1a de difusi\u00f3n en la pr\u00f3xima Fiesta Nacional del Salame donde las mujeres participantes distribuir\u00e1n flyer informativos sobre lugares de asistencia y c\u00f3mo actuar en caso de violencia de g\u00e9nero no s\u00f3lo en Mercedes, sino en toda la regi\u00f3n.<\/p>\n<p>La actividad compartida es fruto del intercambio que vienen efectuando desde las distintas \u00e1reas comunales, como Control Urbano, Derechos Humanos, Juventud, Gobierno, entre s\u00ed y con otras instituciones buscando as\u00ed cada paso dado sea interdisciplinario y de miradas m\u00faltiples.<\/p>\n<p>Fuente: Prensa Municipal<\/p>\n","protected":false},"excerpt":{"rendered":"<p>Durante la tarde del pasado mi\u00e9rcoles se cerr\u00f3 la primera etapa del taller de prevenci\u00f3n contra la violencia de g\u00e9nero &#8230; <a title=\"Termin\u00f3 el primer taller de prevenci\u00f3n contra la violencia de g\u00e9nero\" class=\"read-more\" href=\"https:\/\/www.hoymercedes.com.ar\/principal\/2016\/09\/02\/termino-el-primer-taller-de-prevencion-contra-la-violencia-de-genero\/\" aria-label=\"Leer m\u00e1s sobre Termin\u00f3 el primer taller de prevenci\u00f3n contra la violencia de g\u00e9nero\">Leer m\u00e1s<\/a><\/p>\n","protected":false},"author":1,"featured_media":54162,"comment_status":"open","ping_status":"open","sticky":false,"template":"","format":"standard","meta":{"_monsterinsights_skip_tracking":false,"_monsterinsights_sitenote_active":false,"_monsterinsights_sitenote_note":"","_monsterinsights_sitenote_category":0,"jetpack_post_was_ever_published":false,"_jetpack_newsletter_access":"","_jetpack_dont_email_post_to_subs":false,"_jetpack_newsletter_tier_id":0,"_jetpack_memberships_contains_paywalled_content":false,"_jetpack_memberships_contains_paid_content":false,"footnotes":"","jetpack_publicize_message":"","jetpack_publicize_feature_enabled":true,"jetpack_social_post_already_shared":true,"jetpack_social_options":{"image_generator_settings":{"template":"highway","default_image_id":0,"font":"","enabled":false},"version":2},"_wpas_customize_per_network":false},"categories":[30],"tags":[9311,244,1475],"class_list":["post-54161","post","type-post","status-publish","format-standard","has-post-thumbnail","hentry","category-municipio","tag-ddhh","tag-municipio-2","tag-violencia-de-genero","generate-columns","tablet-grid-50","mobile-grid-100","grid-parent","grid-50"],"jetpack_publicize_connections":[],"jetpack_featured_media_url":"https:\/\/www.hoymercedes.com.ar\/principal\/wp-content\/uploads\/2016\/09\/02-TALLER-1-1.jpg","wps_subtitle":"Entrega de certificados","jetpack_sharing_enabled":true,"_links":{"self":[{"href":"https:\/\/www.hoymercedes.com.ar\/principal\/wp-json\/wp\/v2\/posts\/54161","targetHints":{"allow":["GET"]}}],"collection":[{"href":"https:\/\/www.hoymercedes.com.ar\/principal\/wp-json\/wp\/v2\/posts"}],"about":[{"href":"https:\/\/www.hoymercedes.com.ar\/principal\/wp-json\/wp\/v2\/types\/post"}],"author":[{"embeddable":true,"href":"https:\/\/www.hoymercedes.com.ar\/principal\/wp-json\/wp\/v2\/users\/1"}],"replies":[{"embeddable":true,"href":"https:\/\/www.hoymercedes.com.ar\/principal\/wp-json\/wp\/v2\/comments?post=54161"}],"version-history":[{"count":0,"href":"https:\/\/www.hoymercedes.com.ar\/principal\/wp-json\/wp\/v2\/posts\/54161\/revisions"}],"wp:featuredmedia":[{"embeddable":true,"href":"https:\/\/www.hoymercedes.com.ar\/principal\/wp-json\/wp\/v2\/media\/54162"}],"wp:attachment":[{"href":"https:\/\/www.hoymercedes.com.ar\/principal\/wp-json\/wp\/v2\/media?parent=54161"}],"wp:term":[{"taxonomy":"category","embeddable":true,"href":"https:\/\/www.hoymercedes.com.ar\/principal\/wp-json\/wp\/v2\/categories?post=54161"},{"taxonomy":"post_tag","embeddable":true,"href":"https:\/\/www.hoymercedes.com.ar\/principal\/wp-json\/wp\/v2\/tags?post=54161"}],"curies":[{"name":"wp","href":"https:\/\/api.w.org\/{rel}","templated":true}]}}