{"id":54168,"date":"2016-09-02T11:00:36","date_gmt":"2016-09-02T14:00:36","guid":{"rendered":"http:\/\/www.hoymercedes.com.ar\/principal\/?p=54168"},"modified":"2016-09-02T09:31:58","modified_gmt":"2016-09-02T12:31:58","slug":"realizaron-reunion-para-prevenir-incidentes-en-el-dia-de-la-primavera","status":"publish","type":"post","link":"https:\/\/www.hoymercedes.com.ar\/principal\/2016\/09\/02\/realizaron-reunion-para-prevenir-incidentes-en-el-dia-de-la-primavera\/","title":{"rendered":"Realizaron reuni\u00f3n para prevenir incidentes en el D\u00eda de la Primavera"},"content":{"rendered":"<p>Convocada por la Municipalidad de Mercedes desde el Departamento Ejecutivo, en la tarde noche de este jueves se realiz\u00f3 una reuni\u00f3n destinada a los padres de los adolescentes que organizan las fiestas del D\u00eda de la Primavera.<\/p>\n<p>Quien dirigi\u00f3 el encuentro fue el Intendente Juan Ignacio Ustarroz junto a la Secretaria de Control Urbano Josefina Kelly. Acompa\u00f1ados por representantes del Concejo Deliberante, Departamento Judicial Mercedes, Polic\u00eda Regional y Comunal, y otros funcionarios de las \u00e1reas de Seguridad y Juventud, el Jefe Comunal y su Secretaria dieron cuenta de los motivos del encuentro.<\/p>\n<p><img loading=\"lazy\" decoding=\"async\" data-attachment-id=\"54169\" data-permalink=\"https:\/\/www.hoymercedes.com.ar\/principal\/2016\/09\/02\/realizaron-reunion-para-prevenir-incidentes-en-el-dia-de-la-primavera\/02-reunion-pre-primavera-1\/#main\" data-orig-file=\"https:\/\/www.hoymercedes.com.ar\/principal\/wp-content\/uploads\/2016\/09\/02-reunion-pre-primavera-1.jpg\" data-orig-size=\"448,299\" data-comments-opened=\"1\" data-image-meta=\"{&quot;aperture&quot;:&quot;3.5&quot;,&quot;credit&quot;:&quot;&quot;,&quot;camera&quot;:&quot;NIKON D3100&quot;,&quot;caption&quot;:&quot;&quot;,&quot;created_timestamp&quot;:&quot;1472757860&quot;,&quot;copyright&quot;:&quot;&quot;,&quot;focal_length&quot;:&quot;18&quot;,&quot;iso&quot;:&quot;3200&quot;,&quot;shutter_speed&quot;:&quot;0.016666666666667&quot;,&quot;title&quot;:&quot;&quot;,&quot;orientation&quot;:&quot;1&quot;}\" data-image-title=\"02 reunion pre primavera 1\" data-image-description=\"\" data-image-caption=\"\" data-large-file=\"https:\/\/www.hoymercedes.com.ar\/principal\/wp-content\/uploads\/2016\/09\/02-reunion-pre-primavera-1.jpg\" class=\"aligncenter size-full wp-image-54169\" src=\"https:\/\/www.hoymercedes.com.ar\/principal\/wp-content\/uploads\/2016\/09\/02-reunion-pre-primavera-1.jpg\" alt=\"02 reunion pre primavera 1\" width=\"448\" height=\"299\" srcset=\"https:\/\/www.hoymercedes.com.ar\/principal\/wp-content\/uploads\/2016\/09\/02-reunion-pre-primavera-1.jpg 448w, https:\/\/www.hoymercedes.com.ar\/principal\/wp-content\/uploads\/2016\/09\/02-reunion-pre-primavera-1-150x100.jpg 150w, https:\/\/www.hoymercedes.com.ar\/principal\/wp-content\/uploads\/2016\/09\/02-reunion-pre-primavera-1-300x200.jpg 300w\" sizes=\"auto, (max-width: 448px) 100vw, 448px\" \/><\/p>\n<p>Si bien, la convocatoria se orientaba a los padres, fueron los menos los que se hicieron presentes. Los que s\u00ed acompa\u00f1aron fueron los directivos e inspectores de las instituciones educativas a las que asisten los j\u00f3venes que organizan las distintas fiestas del D\u00eda de la Primavera.<\/p>\n<p>Ustarroz y Kelly dieron cuenta de las ordenanzas vigentes. Un punto que previamente hab\u00eda circulado por mensajes de textos y redes sociales, para que tanto los adolescentes como sus padres y los responsables de las quintas a alquilar tuviesen en cuenta a la hora de organizar las fiestas del 21 de septiembre.<\/p>\n<p>El pedido de \u201cmayor responsabilidad y compromiso de los padres\u201d fue reiterativo. \u201cNo queremos que los padres se desliguen de la responsabilidad. Hemos tenido reuniones con los j\u00f3venes desde el \u00e1rea de Juventud\u201d, cont\u00f3 el Intendente para luego dar pie a la fiscal del fuero juvenil que explic\u00f3 c\u00f3mo est\u00e1 la causa de las pintadas en el Instituto Camila Rol\u00f3n, ya que fueron identificados los j\u00f3venes agresores y se lleg\u00f3 un acuerdo con los padres de los mismos para que se hagan cargo y reparen el da\u00f1o.<\/p>\n<p>Ustarroz destac\u00f3 que tanto los padres como los adolescentes saben a d\u00f3nde se juntar\u00e1n. Es por eso que se pide que se informe a la Comuna y que exista el compromiso para que los chicos lleguen a la zona de quintas en horas del mediod\u00eda. \u201cLos padres tenemos la responsabilidad. Mientras m\u00e1s padres sean los que est\u00e9n comprometidos, ser\u00e1 mejor y nos ayudar\u00e1 a tener una cobertura mayor en el espacio p\u00fablico. De esa forma, podremos evitar alg\u00fan conflicto y en caso de que se den, podremos intervenir y resolverlo r\u00e1pido.\u201d, marc\u00f3 el Jefe Comunal.<\/p>\n<p>\u201cLa Ordenanza 5859 es la que habla de la habilitaci\u00f3n para quintas. Los requisitos se pasaron a los j\u00f3venes y a los due\u00f1os de quintas que algunos hablaron con Control Urbano sobre esos requisitos. Pedimos que nos informen con certeza donde estar\u00e1n, desde qu\u00e9 hora, qui\u00e9nes ser\u00e1n los adultos que acompa\u00f1ar\u00e1n en la caravana y qui\u00e9n en las quintas. Esto es para armar una red de comunicaci\u00f3n entre los padres y el Municipio\u201d, explic\u00f3 Kelly.<\/p>\n<p>Luego, se plantearon distintas cuestiones, dudas y propuestas. Algunas planteadas, tambi\u00e9n a\u00f1os anteriores y otras pensadas como un proyecto a largo plazo pero para comenzar a trabajar el d\u00eda despu\u00e9s del 21 de septiembre. No obstante, la preocupaci\u00f3n para este a\u00f1o se vio reflejada ante la falta de respuesta de los padres convocados y la ausencia de muchos de ellos.<\/p>\n<p>\u201cSi no hay compromiso, es muy dif\u00edcil que se pueda revertir la situaci\u00f3n. La responsabilidad pasa por nosotros, los padres. El Estado se tendr\u00e1 que hacerse cargo de lo que corresponde. Pero somos los padres los responsables de la educaci\u00f3n, de lo que hacen nuestros hijos. Hay un problema de violencia general. No es un problema de ahora. Me apena ver a pocos padres\u201d, dijo el Concejal Oscar Albini<\/p>\n<p>Asimismo, una madre plante\u00f3 que los conflictos m\u00e1s all\u00e1 del D\u00eda de la Primavera, las noches previas les preocupa. Es as\u00ed que otro padre, propuso que se la Polic\u00eda Local la que prevenga posibles nuevas pintadas, tan comunes en los d\u00edas premios al 21 de septiembre. \u201cDurante las fiestas, en las quintas, los padres podemos estar y ha aflojado el nivel de conflictividad. Pero las pintadas de los d\u00edas anteriores produce un nuevo conflicto\u201d, acot\u00f3 uno de los padres presentes.<\/p>\n<p>El tema de la droga y los hechos de violencia en general en las noches mercedinas tambi\u00e9n fue un tema que se plante\u00f3 en el encuentro entre funcionarios, padres y directivos de instituciones educativas. Una madre cont\u00f3 que su propio hijo le ha contado distintas situaciones en donde las drogas \u2013 a modo de ejemplo habl\u00f3 de pastillas y coca\u00edna \u2013 son distribuidas por adultos aprovechando el mismo D\u00eda de la Primavera.<\/p>\n<p>A modo de cierre, el Intendente cont\u00f3 que en los pr\u00f3ximos d\u00edas, el \u00e1rea de Pol\u00edticas Juveniles, volver\u00e1 a encontrarse con los adolescentes que organizan las fiestas del D\u00eda de la Primavera. Saben que ser\u00e1n cinco las quintas que tendr\u00e1n distintas fiestas, pero quieren definir los detalles para que el venidero 21 de septiembre sea de festejo, y no de conflicto.<\/p>\n<p>Fuente: Diario El Oeste<\/p>\n","protected":false},"excerpt":{"rendered":"<p>Convocada por la Municipalidad de Mercedes desde el Departamento Ejecutivo, en la tarde noche de este jueves se realiz\u00f3 una &#8230; <a title=\"Realizaron reuni\u00f3n para prevenir incidentes en el D\u00eda de la Primavera\" class=\"read-more\" href=\"https:\/\/www.hoymercedes.com.ar\/principal\/2016\/09\/02\/realizaron-reunion-para-prevenir-incidentes-en-el-dia-de-la-primavera\/\" aria-label=\"Leer m\u00e1s sobre Realizaron reuni\u00f3n para prevenir incidentes en el D\u00eda de la Primavera\">Leer m\u00e1s<\/a><\/p>\n","protected":false},"author":1,"featured_media":54169,"comment_status":"open","ping_status":"open","sticky":false,"template":"","format":"standard","meta":{"_monsterinsights_skip_tracking":false,"_monsterinsights_sitenote_active":false,"_monsterinsights_sitenote_note":"","_monsterinsights_sitenote_category":0,"jetpack_post_was_ever_published":false,"_jetpack_newsletter_access":"","_jetpack_dont_email_post_to_subs":false,"_jetpack_newsletter_tier_id":0,"_jetpack_memberships_contains_paywalled_content":false,"_jetpack_memberships_contains_paid_content":false,"footnotes":"","jetpack_publicize_message":"","jetpack_publicize_feature_enabled":true,"jetpack_social_post_already_shared":true,"jetpack_social_options":{"image_generator_settings":{"template":"highway","default_image_id":0,"font":"","enabled":false},"version":2},"_wpas_customize_per_network":false},"categories":[30,8],"tags":[9954,1002,244,8756,802],"class_list":["post-54168","post","type-post","status-publish","format-standard","has-post-thumbnail","hentry","category-municipio","category-sociedad","tag-21-de-septiembre","tag-dia-de-la-primavera","tag-municipio-2","tag-prevencion","tag-seguridad","generate-columns","tablet-grid-50","mobile-grid-100","grid-parent","grid-50"],"jetpack_publicize_connections":[],"jetpack_featured_media_url":"https:\/\/www.hoymercedes.com.ar\/principal\/wp-content\/uploads\/2016\/09\/02-reunion-pre-primavera-1.jpg","wps_subtitle":"21 de septiembre","jetpack_sharing_enabled":true,"_links":{"self":[{"href":"https:\/\/www.hoymercedes.com.ar\/principal\/wp-json\/wp\/v2\/posts\/54168","targetHints":{"allow":["GET"]}}],"collection":[{"href":"https:\/\/www.hoymercedes.com.ar\/principal\/wp-json\/wp\/v2\/posts"}],"about":[{"href":"https:\/\/www.hoymercedes.com.ar\/principal\/wp-json\/wp\/v2\/types\/post"}],"author":[{"embeddable":true,"href":"https:\/\/www.hoymercedes.com.ar\/principal\/wp-json\/wp\/v2\/users\/1"}],"replies":[{"embeddable":true,"href":"https:\/\/www.hoymercedes.com.ar\/principal\/wp-json\/wp\/v2\/comments?post=54168"}],"version-history":[{"count":0,"href":"https:\/\/www.hoymercedes.com.ar\/principal\/wp-json\/wp\/v2\/posts\/54168\/revisions"}],"wp:featuredmedia":[{"embeddable":true,"href":"https:\/\/www.hoymercedes.com.ar\/principal\/wp-json\/wp\/v2\/media\/54169"}],"wp:attachment":[{"href":"https:\/\/www.hoymercedes.com.ar\/principal\/wp-json\/wp\/v2\/media?parent=54168"}],"wp:term":[{"taxonomy":"category","embeddable":true,"href":"https:\/\/www.hoymercedes.com.ar\/principal\/wp-json\/wp\/v2\/categories?post=54168"},{"taxonomy":"post_tag","embeddable":true,"href":"https:\/\/www.hoymercedes.com.ar\/principal\/wp-json\/wp\/v2\/tags?post=54168"}],"curies":[{"name":"wp","href":"https:\/\/api.w.org\/{rel}","templated":true}]}}