{"id":54185,"date":"2016-09-02T16:15:12","date_gmt":"2016-09-02T19:15:12","guid":{"rendered":"http:\/\/www.hoymercedes.com.ar\/principal\/?p=54185"},"modified":"2016-09-02T15:48:39","modified_gmt":"2016-09-02T18:48:39","slug":"el-municipio-firmo-convenio-con-agrale-para-adquirir-maquinaria","status":"publish","type":"post","link":"https:\/\/www.hoymercedes.com.ar\/principal\/2016\/09\/02\/el-municipio-firmo-convenio-con-agrale-para-adquirir-maquinaria\/","title":{"rendered":"EL Municipio firm\u00f3 convenio con AGRALE para adquirir maquinaria"},"content":{"rendered":"<p>En horas del mediod\u00eda del viernes, la Municipalidad de Mercedes, a trav\u00e9s del Intendente Municipal Juan Ignacio Ustarroz, firm\u00f3 un convenio con la empresa Agrale Argentina S.A. representados por los cuatro principales gerentes los se\u00f1ores Leonardo Moroziuk (Gerente de Administraci\u00f3n y Finanzas), Durban Araujo Ferreira (Gerente de Planta), Ignacio Armendariz (Gerente Comercial y Marketing) y Eligio Dom\u00ednguez (Gerente de Ingenier\u00eda).<\/p>\n<p><img loading=\"lazy\" decoding=\"async\" data-attachment-id=\"54187\" data-permalink=\"https:\/\/www.hoymercedes.com.ar\/principal\/2016\/09\/02\/el-municipio-firmo-convenio-con-agrale-para-adquirir-maquinaria\/02-agrale-2\/#main\" data-orig-file=\"https:\/\/www.hoymercedes.com.ar\/principal\/wp-content\/uploads\/2016\/09\/02-agrale-2.jpg\" data-orig-size=\"448,299\" data-comments-opened=\"1\" data-image-meta=\"{&quot;aperture&quot;:&quot;3.5&quot;,&quot;credit&quot;:&quot;&quot;,&quot;camera&quot;:&quot;NIKON D3100&quot;,&quot;caption&quot;:&quot;&quot;,&quot;created_timestamp&quot;:&quot;1472822442&quot;,&quot;copyright&quot;:&quot;&quot;,&quot;focal_length&quot;:&quot;19&quot;,&quot;iso&quot;:&quot;1800&quot;,&quot;shutter_speed&quot;:&quot;0.016666666666667&quot;,&quot;title&quot;:&quot;&quot;,&quot;orientation&quot;:&quot;1&quot;}\" data-image-title=\"02 agrale 2\" data-image-description=\"\" data-image-caption=\"\" data-large-file=\"https:\/\/www.hoymercedes.com.ar\/principal\/wp-content\/uploads\/2016\/09\/02-agrale-2.jpg\" class=\"aligncenter size-full wp-image-54187\" src=\"https:\/\/www.hoymercedes.com.ar\/principal\/wp-content\/uploads\/2016\/09\/02-agrale-2.jpg\" alt=\"02 agrale 2\" width=\"448\" height=\"299\" srcset=\"https:\/\/www.hoymercedes.com.ar\/principal\/wp-content\/uploads\/2016\/09\/02-agrale-2.jpg 448w, https:\/\/www.hoymercedes.com.ar\/principal\/wp-content\/uploads\/2016\/09\/02-agrale-2-150x100.jpg 150w, https:\/\/www.hoymercedes.com.ar\/principal\/wp-content\/uploads\/2016\/09\/02-agrale-2-300x200.jpg 300w\" sizes=\"auto, (max-width: 448px) 100vw, 448px\" \/><\/p>\n<p>A trav\u00e9s de un encuentro con la prensa, el Jefe Comunal con los Gerentes explicaron que el convenio marco incluir\u00eda por un lado la capacitaci\u00f3n para los empleados municipales del \u00e1rea del Corral\u00f3n en el uso de las nuevas maquinarias que la Comuna adquirir\u00e1 por un monto de 6.430.999 de pesos, monto que ya cuenta con un descuento de m\u00e1s de 2,6 millones. La maquinaria a adquirir son cuatro tractores, una desmalezadora, seis camiones, una pala retro y otra frontal. El convenio tambi\u00e9n establece eximir a la empresa del pago de la tasa de seguridad e higiene por dos a\u00f1os.<\/p>\n<p>En la reuni\u00f3n para llegar al acuerdo y al firmado del convenio con la empresa tambi\u00e9n participaron el Secretario de Econom\u00eda Agust\u00edn Simone, el Director de Producci\u00f3n del Municipio Sim\u00f3n Bruschi y el Gerente de Recursos Humanos Horacio Fern\u00e1ndez.<\/p>\n<p>&nbsp;<\/p>\n<p>&nbsp;<\/p>\n","protected":false},"excerpt":{"rendered":"<p>En horas del mediod\u00eda del viernes, la Municipalidad de Mercedes, a trav\u00e9s del Intendente Municipal Juan Ignacio Ustarroz, firm\u00f3 un &#8230; <a title=\"EL Municipio firm\u00f3 convenio con AGRALE para adquirir maquinaria\" class=\"read-more\" href=\"https:\/\/www.hoymercedes.com.ar\/principal\/2016\/09\/02\/el-municipio-firmo-convenio-con-agrale-para-adquirir-maquinaria\/\" aria-label=\"Leer m\u00e1s sobre EL Municipio firm\u00f3 convenio con AGRALE para adquirir maquinaria\">Leer m\u00e1s<\/a><\/p>\n","protected":false},"author":1,"featured_media":54186,"comment_status":"open","ping_status":"open","sticky":false,"template":"","format":"standard","meta":{"_monsterinsights_skip_tracking":false,"_monsterinsights_sitenote_active":false,"_monsterinsights_sitenote_note":"","_monsterinsights_sitenote_category":0,"jetpack_post_was_ever_published":false,"_jetpack_newsletter_access":"","_jetpack_dont_email_post_to_subs":false,"_jetpack_newsletter_tier_id":0,"_jetpack_memberships_contains_paywalled_content":false,"_jetpack_memberships_contains_paid_content":false,"footnotes":"","jetpack_publicize_message":"","jetpack_publicize_feature_enabled":true,"jetpack_social_post_already_shared":true,"jetpack_social_options":{"image_generator_settings":{"template":"highway","default_image_id":0,"font":"","enabled":false},"version":2},"_wpas_customize_per_network":false},"categories":[30],"tags":[950,9504,244],"class_list":["post-54185","post","type-post","status-publish","format-standard","has-post-thumbnail","hentry","category-municipio","tag-agrale","tag-convenio","tag-municipio-2","generate-columns","tablet-grid-50","mobile-grid-100","grid-parent","grid-50"],"jetpack_publicize_connections":[],"jetpack_featured_media_url":"https:\/\/www.hoymercedes.com.ar\/principal\/wp-content\/uploads\/2016\/09\/02-agrale.jpg","wps_subtitle":"Este viernes","jetpack_sharing_enabled":true,"_links":{"self":[{"href":"https:\/\/www.hoymercedes.com.ar\/principal\/wp-json\/wp\/v2\/posts\/54185","targetHints":{"allow":["GET"]}}],"collection":[{"href":"https:\/\/www.hoymercedes.com.ar\/principal\/wp-json\/wp\/v2\/posts"}],"about":[{"href":"https:\/\/www.hoymercedes.com.ar\/principal\/wp-json\/wp\/v2\/types\/post"}],"author":[{"embeddable":true,"href":"https:\/\/www.hoymercedes.com.ar\/principal\/wp-json\/wp\/v2\/users\/1"}],"replies":[{"embeddable":true,"href":"https:\/\/www.hoymercedes.com.ar\/principal\/wp-json\/wp\/v2\/comments?post=54185"}],"version-history":[{"count":0,"href":"https:\/\/www.hoymercedes.com.ar\/principal\/wp-json\/wp\/v2\/posts\/54185\/revisions"}],"wp:featuredmedia":[{"embeddable":true,"href":"https:\/\/www.hoymercedes.com.ar\/principal\/wp-json\/wp\/v2\/media\/54186"}],"wp:attachment":[{"href":"https:\/\/www.hoymercedes.com.ar\/principal\/wp-json\/wp\/v2\/media?parent=54185"}],"wp:term":[{"taxonomy":"category","embeddable":true,"href":"https:\/\/www.hoymercedes.com.ar\/principal\/wp-json\/wp\/v2\/categories?post=54185"},{"taxonomy":"post_tag","embeddable":true,"href":"https:\/\/www.hoymercedes.com.ar\/principal\/wp-json\/wp\/v2\/tags?post=54185"}],"curies":[{"name":"wp","href":"https:\/\/api.w.org\/{rel}","templated":true}]}}