{"id":54209,"date":"2016-09-03T14:58:41","date_gmt":"2016-09-03T17:58:41","guid":{"rendered":"http:\/\/www.hoymercedes.com.ar\/principal\/?p=54209"},"modified":"2016-09-03T19:03:19","modified_gmt":"2016-09-03T22:03:19","slug":"el-30-de-octubre-se-habilitaria-un-nuevo-tramo-en-la-ruta-5","status":"publish","type":"post","link":"https:\/\/www.hoymercedes.com.ar\/principal\/2016\/09\/03\/el-30-de-octubre-se-habilitaria-un-nuevo-tramo-en-la-ruta-5\/","title":{"rendered":"El 30 de octubre se habilitar\u00eda un nuevo tramo en la Ruta 5"},"content":{"rendered":"<p>Durante la tarde de este viernes, la Biblioteca Sarmiento fue el espacio elegido para un encuentro entre los funcionarios de Vialidad Nacional y autoridades comunales y vecinos autoconvocados de los corredores viales de las rutas nacionales 5, 7 y 8. Un encuentro que permiti\u00f3 conocer los proyectos y \u201cdesaf\u00edos\u201d para el \u00e1rea del gobierno nacional en cuanto a las v\u00edas de comunicaci\u00f3n del pa\u00eds.<\/p>\n<p><img loading=\"lazy\" decoding=\"async\" data-attachment-id=\"54210\" data-permalink=\"https:\/\/www.hoymercedes.com.ar\/principal\/2016\/09\/03\/el-30-de-octubre-se-habilitaria-un-nuevo-tramo-en-la-ruta-5\/03-vialidad-nacional-2\/#main\" data-orig-file=\"https:\/\/www.hoymercedes.com.ar\/principal\/wp-content\/uploads\/2016\/09\/03-vialidad-nacional-2.jpg\" data-orig-size=\"448,299\" data-comments-opened=\"1\" data-image-meta=\"{&quot;aperture&quot;:&quot;4.2&quot;,&quot;credit&quot;:&quot;&quot;,&quot;camera&quot;:&quot;NIKON D3100&quot;,&quot;caption&quot;:&quot;&quot;,&quot;created_timestamp&quot;:&quot;1472835287&quot;,&quot;copyright&quot;:&quot;&quot;,&quot;focal_length&quot;:&quot;30&quot;,&quot;iso&quot;:&quot;3200&quot;,&quot;shutter_speed&quot;:&quot;0.016666666666667&quot;,&quot;title&quot;:&quot;&quot;,&quot;orientation&quot;:&quot;1&quot;}\" data-image-title=\"03 vialidad nacional 2\" data-image-description=\"\" data-image-caption=\"\" data-large-file=\"https:\/\/www.hoymercedes.com.ar\/principal\/wp-content\/uploads\/2016\/09\/03-vialidad-nacional-2.jpg\" class=\"aligncenter size-full wp-image-54210\" src=\"https:\/\/www.hoymercedes.com.ar\/principal\/wp-content\/uploads\/2016\/09\/03-vialidad-nacional-2.jpg\" alt=\"03 vialidad nacional 2\" width=\"448\" height=\"299\" srcset=\"https:\/\/www.hoymercedes.com.ar\/principal\/wp-content\/uploads\/2016\/09\/03-vialidad-nacional-2.jpg 448w, https:\/\/www.hoymercedes.com.ar\/principal\/wp-content\/uploads\/2016\/09\/03-vialidad-nacional-2-150x100.jpg 150w, https:\/\/www.hoymercedes.com.ar\/principal\/wp-content\/uploads\/2016\/09\/03-vialidad-nacional-2-300x200.jpg 300w\" sizes=\"auto, (max-width: 448px) 100vw, 448px\" \/><\/p>\n<p>En la reuni\u00f3n organizada por los vecinos preocupados por las rutas nacionales, estuvieron presentes el Administrador General de Vialidad Nacional Javier Iguacel y el Director de Relaciones Institucionales, Comunicaci\u00f3n y Pol\u00edtica de la Agencia, pero tambi\u00e9n los Intendentes de Mercedes, Juan Ignacio Ustarroz, y de Suipacha, Alejandro Federico, adem\u00e1s de concejales de la ciudad, representantes del Centro de Ingenieros, y otros vecinos que desde hace m\u00e1s de veinte a\u00f1os llevan adelante reclamos y propuestas para la terminaci\u00f3n de los corredores viales.<\/p>\n<p>En primera instancia, Iguacel resumi\u00f3 el plan federal vial haciendo hincapi\u00e9 en la regi\u00f3n centro que nuclea las provincias de Buenos Aires, Santa Fe y C\u00f3rdoba, y que enfatiza las rutas nacionales 3, 5, 7 y 8. \u201cEl desaf\u00edo 2016-2019 que tenemos es lograr 2800 kil\u00f3metros de autopistas, que ya arrancamos con 900 km, 4 mil kil\u00f3metros de rutas seguras y 13 mil kil\u00f3metros de pavimentaci\u00f3n. En concreto el Plan Vial Federal Buenos Aires &#8211; Santa Fe &#8211; C\u00f3rdoba 2016\/2019\u00a0 propone 1713 km de autopistas, 2103 km de rutas seguras, 117 km obras especiales, 68 km de obras nuevas, y 34 km de pavimentaciones. En estos cuatro a\u00f1os haremos lo que no se construy\u00f3 en los \u00faltimos casi cuarenta a\u00f1os\u201d, expuso el responsable del \u00e1rea.<\/p>\n<p>\u201cEn la ruta 5, en estos cuatro a\u00f1os, convertiremos en autopista desde Mercedes hasta Bragado. En el caso de la Ruta 8 est\u00e1 todo en construcci\u00f3n hasta Pergamino igual que la Ruta 7 hasta Jun\u00edn. La diferencia entre la 8 y la 7 con la 5 y la 3, es que las dos primeras ten\u00edan los proyectos m\u00e1s avanzados, incluso se hab\u00edan licitado y adjudicado, pero no hab\u00edan arrancado\u2026 En la 5, vengo de la obra de la conexi\u00f3n de Acceso Oeste con la ruta 5 propiamente dicha. Hace cinco d\u00edas atr\u00e1s se comenz\u00f3 a trabajar en la Universidad. El 30 de octubre vamos a habilitar los seis o siete kil\u00f3metros de la ruta 47 para Mercedes. Con lo cual se evitar\u00e1 un mont\u00f3n de accidentes y de problemas de tr\u00e1nsito que hay hoy. La planificaci\u00f3n de obra es de 24 meses, sin embargo, estamos planificando para terminarla en octubre de 2017 el puente, la pasada por debajo de la UNLu, o sea, la conexi\u00f3n completa con Acceso Oeste. El tramo entre el primer acceso a Mercedes y el Acceso Sur, que est\u00e1 haciendo la obra hidr\u00e1ulica, quedar\u00eda autopista tambi\u00e9n terminarla el a\u00f1o pr\u00f3ximo\u201d, destac\u00f3 Iguacel.<\/p>\n<p>A lo que agreg\u00f3 que en 2019 llegar\u00e1 la autopista a Bragado. \u201cEl proyecto ejecutivo hasta Suipacha, lo estamos revisando, pero el objetivo es licitar en diciembre de este a\u00f1o o primeros meses del que viene para que la obra comience en el primer trimestre. Es una obra de 24 meses, as\u00ed que en el primer semestre de 2018 se terminar\u00eda hasta Suipacha. El tramo hasta Bragado, que se har\u00eda en dos tramos, con Chivilcoy en el medio, tiene un proyecto avanzado, as\u00ed que lo licitaremos a mitad del a\u00f1o que viene para que terminen en el tercer trimestre de 2019\u201d, concluy\u00f3 acotando que adem\u00e1s se licitar\u00e1n \u201crutas seguras\u201d, una propuesta de obra m\u00e1s r\u00e1pidas desde Bragado en adelante, lo mismo que la repavimentaci\u00f3n de 9 de Julio a Chivilcoy que quedar\u00e1 como calzada para la pr\u00f3xima autopista.<\/p>\n<p>&nbsp;<\/p>\n<p>Fuente: Diario El Oeste<\/p>\n","protected":false},"excerpt":{"rendered":"<p>Durante la tarde de este viernes, la Biblioteca Sarmiento fue el espacio elegido para un encuentro entre los funcionarios de &#8230; <a title=\"El 30 de octubre se habilitar\u00eda un nuevo tramo en la Ruta 5\" class=\"read-more\" href=\"https:\/\/www.hoymercedes.com.ar\/principal\/2016\/09\/03\/el-30-de-octubre-se-habilitaria-un-nuevo-tramo-en-la-ruta-5\/\" aria-label=\"Leer m\u00e1s sobre El 30 de octubre se habilitar\u00eda un nuevo tramo en la Ruta 5\">Leer m\u00e1s<\/a><\/p>\n","protected":false},"author":1,"featured_media":54210,"comment_status":"open","ping_status":"open","sticky":false,"template":"","format":"standard","meta":{"_monsterinsights_skip_tracking":false,"_monsterinsights_sitenote_active":false,"_monsterinsights_sitenote_note":"","_monsterinsights_sitenote_category":0,"jetpack_post_was_ever_published":false,"_jetpack_newsletter_access":"","_jetpack_dont_email_post_to_subs":false,"_jetpack_newsletter_tier_id":0,"_jetpack_memberships_contains_paywalled_content":false,"_jetpack_memberships_contains_paid_content":false,"footnotes":"","jetpack_publicize_message":"","jetpack_publicize_feature_enabled":true,"jetpack_social_post_already_shared":true,"jetpack_social_options":{"image_generator_settings":{"template":"highway","default_image_id":0,"font":"","enabled":false},"version":2},"_wpas_customize_per_network":false},"categories":[5210],"tags":[9958,538,3516],"class_list":["post-54209","post","type-post","status-publish","format-standard","has-post-thumbnail","hentry","category-politica-nacional","tag-autoconvocados","tag-ruta-5","tag-vialidad-nacional","generate-columns","tablet-grid-50","mobile-grid-100","grid-parent","grid-50"],"jetpack_publicize_connections":[],"jetpack_featured_media_url":"https:\/\/www.hoymercedes.com.ar\/principal\/wp-content\/uploads\/2016\/09\/03-vialidad-nacional-2.jpg","wps_subtitle":"Entre Jauregui y la Ruta 47","jetpack_sharing_enabled":true,"_links":{"self":[{"href":"https:\/\/www.hoymercedes.com.ar\/principal\/wp-json\/wp\/v2\/posts\/54209","targetHints":{"allow":["GET"]}}],"collection":[{"href":"https:\/\/www.hoymercedes.com.ar\/principal\/wp-json\/wp\/v2\/posts"}],"about":[{"href":"https:\/\/www.hoymercedes.com.ar\/principal\/wp-json\/wp\/v2\/types\/post"}],"author":[{"embeddable":true,"href":"https:\/\/www.hoymercedes.com.ar\/principal\/wp-json\/wp\/v2\/users\/1"}],"replies":[{"embeddable":true,"href":"https:\/\/www.hoymercedes.com.ar\/principal\/wp-json\/wp\/v2\/comments?post=54209"}],"version-history":[{"count":0,"href":"https:\/\/www.hoymercedes.com.ar\/principal\/wp-json\/wp\/v2\/posts\/54209\/revisions"}],"wp:featuredmedia":[{"embeddable":true,"href":"https:\/\/www.hoymercedes.com.ar\/principal\/wp-json\/wp\/v2\/media\/54210"}],"wp:attachment":[{"href":"https:\/\/www.hoymercedes.com.ar\/principal\/wp-json\/wp\/v2\/media?parent=54209"}],"wp:term":[{"taxonomy":"category","embeddable":true,"href":"https:\/\/www.hoymercedes.com.ar\/principal\/wp-json\/wp\/v2\/categories?post=54209"},{"taxonomy":"post_tag","embeddable":true,"href":"https:\/\/www.hoymercedes.com.ar\/principal\/wp-json\/wp\/v2\/tags?post=54209"}],"curies":[{"name":"wp","href":"https:\/\/api.w.org\/{rel}","templated":true}]}}