{"id":54228,"date":"2016-09-04T15:37:00","date_gmt":"2016-09-04T18:37:00","guid":{"rendered":"http:\/\/www.hoymercedes.com.ar\/principal\/?p=54228"},"modified":"2016-09-04T15:38:38","modified_gmt":"2016-09-04T18:38:38","slug":"la-comuna-festejo-el-dia-del-nino","status":"publish","type":"post","link":"https:\/\/www.hoymercedes.com.ar\/principal\/2016\/09\/04\/la-comuna-festejo-el-dia-del-nino\/","title":{"rendered":"La Comuna festej\u00f3 el D\u00eda del Ni\u00f1o"},"content":{"rendered":"<p>Organizado por la Municipalidad de Mercedes se desarroll\u00f3 la Fiesta por el D\u00eda del Ni\u00f1o, en el marco del ex Instituto Martin Rodr\u00edguez. Este s\u00e1bado desde las 13hs el p\u00fablico comenz\u00f3 a ingresar al predio, encontr\u00e1ndose con una disposici\u00f3n de puestos con juegos al estilo \u201ckermese\u201d con premios que variaban desde golosinas, hasta pelotas y juguetes, m\u00e1s una numerosa cantidad de juegos inflables y muchas propuestas como un espacio para dibujo y pintura.<\/p>\n<p>Un peque\u00f1o escenario donde mostraron su espect\u00e1culo el payaso Arturello y los Hermanos Rompetrosky.\u00a0 El escenario mayor albergo la presentaci\u00f3n especial que realizo la Orquesta Escuela Mercedes, el show de la Escuela Municipal de Carnaval de la ciudad de 25 de Mayo y el espect\u00e1culo que presento el \u201cCirco sin Camar\u00edn\u201d. La m\u00fasica acompa\u00f1\u00f3 la alegr\u00eda, ocurrencias, juegos\u00a0 y actividades que compartieron los m\u00e1s peque\u00f1os junto a padres y amigos, lo que se convirti\u00f3 en una gran fiesta familiar.<\/p>\n<p><img loading=\"lazy\" decoding=\"async\" data-attachment-id=\"54230\" data-permalink=\"https:\/\/www.hoymercedes.com.ar\/principal\/2016\/09\/04\/la-comuna-festejo-el-dia-del-nino\/04-sja_3191\/#main\" data-orig-file=\"https:\/\/www.hoymercedes.com.ar\/principal\/wp-content\/uploads\/2016\/09\/04-SJA_3191.jpg\" data-orig-size=\"448,298\" data-comments-opened=\"1\" data-image-meta=\"{&quot;aperture&quot;:&quot;4&quot;,&quot;credit&quot;:&quot;SEBASTIAN_AMBROSSIO&quot;,&quot;camera&quot;:&quot;&quot;,&quot;caption&quot;:&quot;????????????????????????????????????&quot;,&quot;created_timestamp&quot;:&quot;0&quot;,&quot;copyright&quot;:&quot;Sebastian Ambrossio_&quot;,&quot;focal_length&quot;:&quot;70&quot;,&quot;iso&quot;:&quot;0&quot;,&quot;shutter_speed&quot;:&quot;0.001&quot;,&quot;title&quot;:&quot;&quot;,&quot;orientation&quot;:&quot;1&quot;}\" data-image-title=\"04 SJA_3191\" data-image-description=\"\" data-image-caption=\"\" data-large-file=\"https:\/\/www.hoymercedes.com.ar\/principal\/wp-content\/uploads\/2016\/09\/04-SJA_3191.jpg\" class=\"aligncenter size-full wp-image-54230\" src=\"https:\/\/www.hoymercedes.com.ar\/principal\/wp-content\/uploads\/2016\/09\/04-SJA_3191.jpg\" alt=\"04 SJA_3191\" width=\"448\" height=\"298\" srcset=\"https:\/\/www.hoymercedes.com.ar\/principal\/wp-content\/uploads\/2016\/09\/04-SJA_3191.jpg 448w, https:\/\/www.hoymercedes.com.ar\/principal\/wp-content\/uploads\/2016\/09\/04-SJA_3191-150x100.jpg 150w, https:\/\/www.hoymercedes.com.ar\/principal\/wp-content\/uploads\/2016\/09\/04-SJA_3191-300x200.jpg 300w\" sizes=\"auto, (max-width: 448px) 100vw, 448px\" \/><\/p>\n<p>Con el acompa\u00f1amiento de la Secretaria de Desarrollo Social Jorgelina Silva, la Directora de Cultura Lucia Capaccio, los concejales Mariana San Mart\u00edn y Santiago Altube, el Intendente Municipal Dr. Juan Ignacio Ustarroz fue entregando las bicicletas que se sorteaban entre todos los chicos presentes, pudi\u00e9ndose entregar las 20 que se pretend\u00edan regalar.<\/p>\n<p>\u201cQuiero felicitar a todos los integrantes de la Secretaria de Desarrollo Social por todo el trabajo que han realizado. Agradecer tambi\u00e9n a todas las sociedades de fomento que han colaborado y han sido parte de esta realizaci\u00f3n, acompa\u00f1ando a los chicos en los colectivos que se pusieron a disposici\u00f3n de ellos. Como dec\u00eda el General Per\u00f3n, \u00a0los \u00fanicos privilegiados son los\u00a0ni\u00f1os, y con esto estamos hoy demostrando que as\u00ed es en nuestro gobierno\u201d expres\u00f3 el Intendente.<\/p>\n<p>Poco m\u00e1s de 5 mil personas fueron parte de esta propuesta de la Municipalidad de Mercedes.<\/p>\n<p>&nbsp;<\/p>\n<p>Fuente: Prensa Municipal<\/p>\n<p><img loading=\"lazy\" decoding=\"async\" data-attachment-id=\"54231\" data-permalink=\"https:\/\/www.hoymercedes.com.ar\/principal\/2016\/09\/04\/la-comuna-festejo-el-dia-del-nino\/04-sja_3160\/#main\" data-orig-file=\"https:\/\/www.hoymercedes.com.ar\/principal\/wp-content\/uploads\/2016\/09\/04-SJA_3160.jpg\" data-orig-size=\"448,298\" data-comments-opened=\"1\" data-image-meta=\"{&quot;aperture&quot;:&quot;4&quot;,&quot;credit&quot;:&quot;SEBASTIAN_AMBROSSIO&quot;,&quot;camera&quot;:&quot;&quot;,&quot;caption&quot;:&quot;????????????????????????????????????&quot;,&quot;created_timestamp&quot;:&quot;0&quot;,&quot;copyright&quot;:&quot;Sebastian Ambrossio_&quot;,&quot;focal_length&quot;:&quot;27&quot;,&quot;iso&quot;:&quot;0&quot;,&quot;shutter_speed&quot;:&quot;0.002&quot;,&quot;title&quot;:&quot;&quot;,&quot;orientation&quot;:&quot;1&quot;}\" data-image-title=\"04 SJA_3160\" data-image-description=\"\" data-image-caption=\"&lt;p&gt;????????????????????????????????????&lt;\/p&gt;\n\" data-large-file=\"https:\/\/www.hoymercedes.com.ar\/principal\/wp-content\/uploads\/2016\/09\/04-SJA_3160.jpg\" class=\"aligncenter wp-image-54231 size-full\" src=\"https:\/\/www.hoymercedes.com.ar\/principal\/wp-content\/uploads\/2016\/09\/04-SJA_3160.jpg\" width=\"448\" height=\"298\" srcset=\"https:\/\/www.hoymercedes.com.ar\/principal\/wp-content\/uploads\/2016\/09\/04-SJA_3160.jpg 448w, https:\/\/www.hoymercedes.com.ar\/principal\/wp-content\/uploads\/2016\/09\/04-SJA_3160-150x100.jpg 150w, https:\/\/www.hoymercedes.com.ar\/principal\/wp-content\/uploads\/2016\/09\/04-SJA_3160-300x200.jpg 300w\" sizes=\"auto, (max-width: 448px) 100vw, 448px\" \/><\/p>\n","protected":false},"excerpt":{"rendered":"<p>Organizado por la Municipalidad de Mercedes se desarroll\u00f3 la Fiesta por el D\u00eda del Ni\u00f1o, en el marco del ex &#8230; <a title=\"La Comuna festej\u00f3 el D\u00eda del Ni\u00f1o\" class=\"read-more\" href=\"https:\/\/www.hoymercedes.com.ar\/principal\/2016\/09\/04\/la-comuna-festejo-el-dia-del-nino\/\" aria-label=\"Leer m\u00e1s sobre La Comuna festej\u00f3 el D\u00eda del Ni\u00f1o\">Leer m\u00e1s<\/a><\/p>\n","protected":false},"author":1,"featured_media":54229,"comment_status":"open","ping_status":"open","sticky":false,"template":"","format":"standard","meta":{"_monsterinsights_skip_tracking":false,"_monsterinsights_sitenote_active":false,"_monsterinsights_sitenote_note":"","_monsterinsights_sitenote_category":0,"jetpack_post_was_ever_published":false,"_jetpack_newsletter_access":"","_jetpack_dont_email_post_to_subs":false,"_jetpack_newsletter_tier_id":0,"_jetpack_memberships_contains_paywalled_content":false,"_jetpack_memberships_contains_paid_content":false,"footnotes":"","jetpack_publicize_message":"","jetpack_publicize_feature_enabled":true,"jetpack_social_post_already_shared":true,"jetpack_social_options":{"image_generator_settings":{"template":"highway","default_image_id":0,"font":"","enabled":false},"version":2},"_wpas_customize_per_network":false},"categories":[30],"tags":[1174,244],"class_list":["post-54228","post","type-post","status-publish","format-standard","has-post-thumbnail","hentry","category-municipio","tag-dia-del-nino","tag-municipio-2","generate-columns","tablet-grid-50","mobile-grid-100","grid-parent","grid-50"],"jetpack_publicize_connections":[],"jetpack_featured_media_url":"https:\/\/www.hoymercedes.com.ar\/principal\/wp-content\/uploads\/2016\/09\/04-SJA_3218.jpg","wps_subtitle":"Miles de ni\u00f1os","jetpack_sharing_enabled":true,"_links":{"self":[{"href":"https:\/\/www.hoymercedes.com.ar\/principal\/wp-json\/wp\/v2\/posts\/54228","targetHints":{"allow":["GET"]}}],"collection":[{"href":"https:\/\/www.hoymercedes.com.ar\/principal\/wp-json\/wp\/v2\/posts"}],"about":[{"href":"https:\/\/www.hoymercedes.com.ar\/principal\/wp-json\/wp\/v2\/types\/post"}],"author":[{"embeddable":true,"href":"https:\/\/www.hoymercedes.com.ar\/principal\/wp-json\/wp\/v2\/users\/1"}],"replies":[{"embeddable":true,"href":"https:\/\/www.hoymercedes.com.ar\/principal\/wp-json\/wp\/v2\/comments?post=54228"}],"version-history":[{"count":0,"href":"https:\/\/www.hoymercedes.com.ar\/principal\/wp-json\/wp\/v2\/posts\/54228\/revisions"}],"wp:featuredmedia":[{"embeddable":true,"href":"https:\/\/www.hoymercedes.com.ar\/principal\/wp-json\/wp\/v2\/media\/54229"}],"wp:attachment":[{"href":"https:\/\/www.hoymercedes.com.ar\/principal\/wp-json\/wp\/v2\/media?parent=54228"}],"wp:term":[{"taxonomy":"category","embeddable":true,"href":"https:\/\/www.hoymercedes.com.ar\/principal\/wp-json\/wp\/v2\/categories?post=54228"},{"taxonomy":"post_tag","embeddable":true,"href":"https:\/\/www.hoymercedes.com.ar\/principal\/wp-json\/wp\/v2\/tags?post=54228"}],"curies":[{"name":"wp","href":"https:\/\/api.w.org\/{rel}","templated":true}]}}