{"id":54327,"date":"2016-09-06T14:08:30","date_gmt":"2016-09-06T17:08:30","guid":{"rendered":"http:\/\/www.hoymercedes.com.ar\/principal\/?p=54327"},"modified":"2016-09-06T14:08:30","modified_gmt":"2016-09-06T17:08:30","slug":"treinta-y-tres-fotografias-fueron-las-seleccionadas-para-el-salon","status":"publish","type":"post","link":"https:\/\/www.hoymercedes.com.ar\/principal\/2016\/09\/06\/treinta-y-tres-fotografias-fueron-las-seleccionadas-para-el-salon\/","title":{"rendered":"Treinta y tres fotograf\u00edas fueron las seleccionadas para el Sal\u00f3n"},"content":{"rendered":"<p>En la tarde del \u00faltimo lunes, el jurado del Sal\u00f3n de Fotograf\u00eda \u00abCiudad de Mercedes\u00bb actu\u00f3 en el Museo de Arte (MAMM) y seleccion\u00f3 entre las 150 im\u00e1genes presentadas las 33 que ser\u00e1n expuestas a partir del 17 de septiembre en el Museo de calle 23, entre 18 y 16.<\/p>\n<p>A continuaci\u00f3n los seleccionados:<\/p>\n<p><img loading=\"lazy\" decoding=\"async\" data-attachment-id=\"54328\" data-permalink=\"https:\/\/www.hoymercedes.com.ar\/principal\/2016\/09\/06\/treinta-y-tres-fotografias-fueron-las-seleccionadas-para-el-salon\/06-fotografia-o\/#main\" data-orig-file=\"https:\/\/www.hoymercedes.com.ar\/principal\/wp-content\/uploads\/2016\/09\/06-fotografia-\u00ba.jpg\" data-orig-size=\"640,427\" data-comments-opened=\"1\" data-image-meta=\"{&quot;aperture&quot;:&quot;0&quot;,&quot;credit&quot;:&quot;&quot;,&quot;camera&quot;:&quot;&quot;,&quot;caption&quot;:&quot;&quot;,&quot;created_timestamp&quot;:&quot;0&quot;,&quot;copyright&quot;:&quot;&quot;,&quot;focal_length&quot;:&quot;0&quot;,&quot;iso&quot;:&quot;0&quot;,&quot;shutter_speed&quot;:&quot;0&quot;,&quot;title&quot;:&quot;&quot;,&quot;orientation&quot;:&quot;0&quot;}\" data-image-title=\"06 fotografia \u00ba\" data-image-description=\"\" data-image-caption=\"\" data-large-file=\"https:\/\/www.hoymercedes.com.ar\/principal\/wp-content\/uploads\/2016\/09\/06-fotografia-\u00ba.jpg\" class=\"aligncenter size-medium wp-image-54328\" src=\"https:\/\/www.hoymercedes.com.ar\/principal\/wp-content\/uploads\/2016\/09\/06-fotografia-\u00ba-630x420.jpg\" alt=\"06 fotografia \u00ba\" width=\"630\" height=\"420\" srcset=\"https:\/\/www.hoymercedes.com.ar\/principal\/wp-content\/uploads\/2016\/09\/06-fotografia-\u00ba-630x420.jpg 630w, https:\/\/www.hoymercedes.com.ar\/principal\/wp-content\/uploads\/2016\/09\/06-fotografia-\u00ba-150x100.jpg 150w, https:\/\/www.hoymercedes.com.ar\/principal\/wp-content\/uploads\/2016\/09\/06-fotografia-\u00ba-300x200.jpg 300w, https:\/\/www.hoymercedes.com.ar\/principal\/wp-content\/uploads\/2016\/09\/06-fotografia-\u00ba.jpg 640w\" sizes=\"auto, (max-width: 630px) 100vw, 630px\" \/><\/p>\n","protected":false},"excerpt":{"rendered":"<p>En la tarde del \u00faltimo lunes, el jurado del Sal\u00f3n de Fotograf\u00eda \u00abCiudad de Mercedes\u00bb actu\u00f3 en el Museo de &#8230; <a title=\"Treinta y tres fotograf\u00edas fueron las seleccionadas para el Sal\u00f3n\" class=\"read-more\" href=\"https:\/\/www.hoymercedes.com.ar\/principal\/2016\/09\/06\/treinta-y-tres-fotografias-fueron-las-seleccionadas-para-el-salon\/\" aria-label=\"Leer m\u00e1s sobre Treinta y tres fotograf\u00edas fueron las seleccionadas para el Sal\u00f3n\">Leer m\u00e1s<\/a><\/p>\n","protected":false},"author":1,"featured_media":54329,"comment_status":"open","ping_status":"open","sticky":false,"template":"","format":"standard","meta":{"_monsterinsights_skip_tracking":false,"_monsterinsights_sitenote_active":false,"_monsterinsights_sitenote_note":"","_monsterinsights_sitenote_category":0,"jetpack_post_was_ever_published":false,"_jetpack_newsletter_access":"","_jetpack_dont_email_post_to_subs":false,"_jetpack_newsletter_tier_id":0,"_jetpack_memberships_contains_paywalled_content":false,"_jetpack_memberships_contains_paid_content":false,"footnotes":"","jetpack_publicize_message":"","jetpack_publicize_feature_enabled":true,"jetpack_social_post_already_shared":true,"jetpack_social_options":{"image_generator_settings":{"template":"highway","default_image_id":0,"font":"","enabled":false},"version":2},"_wpas_customize_per_network":false},"categories":[104],"tags":[7805,8674,9632],"class_list":["post-54327","post","type-post","status-publish","format-standard","has-post-thumbnail","hentry","category-cultura","tag-cultura","tag-mamm","tag-salon-de-fotografia","generate-columns","tablet-grid-50","mobile-grid-100","grid-parent","grid-50"],"jetpack_publicize_connections":[],"jetpack_featured_media_url":"https:\/\/www.hoymercedes.com.ar\/principal\/wp-content\/uploads\/2016\/09\/06-fotografia-2.jpg","wps_subtitle":"Actuaci\u00f3n del Jurado","jetpack_sharing_enabled":true,"_links":{"self":[{"href":"https:\/\/www.hoymercedes.com.ar\/principal\/wp-json\/wp\/v2\/posts\/54327","targetHints":{"allow":["GET"]}}],"collection":[{"href":"https:\/\/www.hoymercedes.com.ar\/principal\/wp-json\/wp\/v2\/posts"}],"about":[{"href":"https:\/\/www.hoymercedes.com.ar\/principal\/wp-json\/wp\/v2\/types\/post"}],"author":[{"embeddable":true,"href":"https:\/\/www.hoymercedes.com.ar\/principal\/wp-json\/wp\/v2\/users\/1"}],"replies":[{"embeddable":true,"href":"https:\/\/www.hoymercedes.com.ar\/principal\/wp-json\/wp\/v2\/comments?post=54327"}],"version-history":[{"count":0,"href":"https:\/\/www.hoymercedes.com.ar\/principal\/wp-json\/wp\/v2\/posts\/54327\/revisions"}],"wp:featuredmedia":[{"embeddable":true,"href":"https:\/\/www.hoymercedes.com.ar\/principal\/wp-json\/wp\/v2\/media\/54329"}],"wp:attachment":[{"href":"https:\/\/www.hoymercedes.com.ar\/principal\/wp-json\/wp\/v2\/media?parent=54327"}],"wp:term":[{"taxonomy":"category","embeddable":true,"href":"https:\/\/www.hoymercedes.com.ar\/principal\/wp-json\/wp\/v2\/categories?post=54327"},{"taxonomy":"post_tag","embeddable":true,"href":"https:\/\/www.hoymercedes.com.ar\/principal\/wp-json\/wp\/v2\/tags?post=54327"}],"curies":[{"name":"wp","href":"https:\/\/api.w.org\/{rel}","templated":true}]}}