{"id":54343,"date":"2016-09-09T10:10:35","date_gmt":"2016-09-09T13:10:35","guid":{"rendered":"http:\/\/www.hoymercedes.com.ar\/principal\/?p=54343"},"modified":"2016-09-09T10:07:51","modified_gmt":"2016-09-09T13:07:51","slug":"antonela-ramognini-no-descarto-estar-en-un-juego-olimpico","status":"publish","type":"post","link":"https:\/\/www.hoymercedes.com.ar\/principal\/2016\/09\/09\/antonela-ramognini-no-descarto-estar-en-un-juego-olimpico\/","title":{"rendered":"Antonela Ramognini: \u00abNo descarto estar en un Juego Ol\u00edmpico\u00bb"},"content":{"rendered":"<p><strong><em>Una de las reconocidas atl\u00e9tas que tiene la ciudad de Mercedes es Antonela Ramognini, quien con el Lanzamiento de Jabalina siempre mantuvo el nombre de su pueblo en lo m\u00e1s alto. Tras varios a\u00f1os sin noticias de ella, dialog\u00f3 con el programa El Pulso, que se emite de lunes a viernes de 8 a 12 por FM La Tribuna y coment\u00f3 que \u00aben el 2011 comenc\u00e9 con una lesi\u00f3n en la cadera que me sac\u00f3 de la actividad y reci\u00e9n ahora descubrieron lo que tengo y por suerte voy a operarme este jueves para volver a competir\u00bb.<\/em><\/strong><\/p>\n<p><img loading=\"lazy\" decoding=\"async\" data-attachment-id=\"54344\" data-permalink=\"https:\/\/www.hoymercedes.com.ar\/principal\/2016\/09\/09\/antonela-ramognini-no-descarto-estar-en-un-juego-olimpico\/antonela-ramognini-2\/#main\" data-orig-file=\"https:\/\/www.hoymercedes.com.ar\/principal\/wp-content\/uploads\/2016\/09\/Antonela-Ramognini.jpg\" data-orig-size=\"512,384\" data-comments-opened=\"1\" data-image-meta=\"{&quot;aperture&quot;:&quot;0&quot;,&quot;credit&quot;:&quot;&quot;,&quot;camera&quot;:&quot;&quot;,&quot;caption&quot;:&quot;&quot;,&quot;created_timestamp&quot;:&quot;0&quot;,&quot;copyright&quot;:&quot;&quot;,&quot;focal_length&quot;:&quot;0&quot;,&quot;iso&quot;:&quot;0&quot;,&quot;shutter_speed&quot;:&quot;0&quot;,&quot;title&quot;:&quot;&quot;,&quot;orientation&quot;:&quot;0&quot;}\" data-image-title=\"Antonela Ramognini\" data-image-description=\"\" data-image-caption=\"\" data-large-file=\"https:\/\/www.hoymercedes.com.ar\/principal\/wp-content\/uploads\/2016\/09\/Antonela-Ramognini.jpg\" class=\"aligncenter size-full wp-image-54344\" src=\"https:\/\/www.hoymercedes.com.ar\/principal\/wp-content\/uploads\/2016\/09\/Antonela-Ramognini.jpg\" alt=\"Antonela Ramognini\" width=\"512\" height=\"384\" srcset=\"https:\/\/www.hoymercedes.com.ar\/principal\/wp-content\/uploads\/2016\/09\/Antonela-Ramognini.jpg 512w, https:\/\/www.hoymercedes.com.ar\/principal\/wp-content\/uploads\/2016\/09\/Antonela-Ramognini-150x113.jpg 150w\" sizes=\"auto, (max-width: 512px) 100vw, 512px\" \/><\/p>\n<p>Adem\u00e1s, ampli\u00f3 diciendo que \u00aben 2011 mi \u00faltima participaci\u00f3n fue en el Gran Prix Sudamericano, donde ten\u00eda la intenci\u00f3n de clasificar al Panamericano, donde realic\u00e9 mi mejor marca, 50 metros 28 cent\u00edmetros, que todav\u00eda la mantengo, pero no pude volver a competir por esta lesi\u00f3n que me aqueja. Quiero volver a estar en el nivel que estaba. Mi objetivo es estar en un juego ol\u00edmpico y todav\u00eda no lo descarto. Mi entrenador est\u00e1 confiado en lograrlo y quiero hacerlo en los pr\u00f3ximos cuatro a\u00f1os. Tengo 29 y puedo conseguirlo\u00bb.<\/p>\n<p>En cuanto a su edad, destac\u00f3 que \u00ablos mejores lanzadores del mundo tienen mi edad o son mucho m\u00e1s grandes tambi\u00e9n. Este camino fue dif\u00edcil, uno siempre pelea s\u00f3lo, hay falta de apoyo en el deporte. La gente cree que cuando lleg\u00e1s al CENARD ya conseguiste todo y en realidad, reci\u00e9n empieza. Yo trabajo, estudi\u00e9 dos carreras, y al salir a trabajar no puedo dedicarme como se debe a entrenar para estar a la altura de una competencia sudamericana\u00bb<\/p>\n<p>Si bien no est\u00e1 compitiendo, tampoco abandon\u00f3 la actividad f\u00edsica: \u00abLo que hago actualmente es gimnasio, para que despu\u00e9s de la operaci\u00f3n no me cueste tanto volver.\u00a0Todo lo que logr\u00e9 fue gracias a mi madre, la que me ayud\u00f3 a estudiar y a prepararme. Me gustar\u00eda poder entrenar m\u00e1s fuerte para cumplir el sue\u00f1o\u00bb, finaliz\u00f3.<\/p>\n","protected":false},"excerpt":{"rendered":"<p>Una de las reconocidas atl\u00e9tas que tiene la ciudad de Mercedes es Antonela Ramognini, quien con el Lanzamiento de Jabalina &#8230; <a title=\"Antonela Ramognini: \u00abNo descarto estar en un Juego Ol\u00edmpico\u00bb\" class=\"read-more\" href=\"https:\/\/www.hoymercedes.com.ar\/principal\/2016\/09\/09\/antonela-ramognini-no-descarto-estar-en-un-juego-olimpico\/\" aria-label=\"Leer m\u00e1s sobre Antonela Ramognini: \u00abNo descarto estar en un Juego Ol\u00edmpico\u00bb\">Leer m\u00e1s<\/a><\/p>\n","protected":false},"author":1,"featured_media":54344,"comment_status":"open","ping_status":"open","sticky":false,"template":"","format":"standard","meta":{"_monsterinsights_skip_tracking":false,"_monsterinsights_sitenote_active":false,"_monsterinsights_sitenote_note":"","_monsterinsights_sitenote_category":0,"jetpack_post_was_ever_published":false,"_jetpack_newsletter_access":"","_jetpack_dont_email_post_to_subs":false,"_jetpack_newsletter_tier_id":0,"_jetpack_memberships_contains_paywalled_content":false,"_jetpack_memberships_contains_paid_content":false,"footnotes":"","jetpack_publicize_message":"","jetpack_publicize_feature_enabled":true,"jetpack_social_post_already_shared":true,"jetpack_social_options":{"image_generator_settings":{"template":"highway","default_image_id":0,"font":"","enabled":false},"version":2},"_wpas_customize_per_network":false},"categories":[21],"tags":[],"class_list":["post-54343","post","type-post","status-publish","format-standard","has-post-thumbnail","hentry","category-deportes","generate-columns","tablet-grid-50","mobile-grid-100","grid-parent","grid-50"],"jetpack_publicize_connections":[],"jetpack_featured_media_url":"https:\/\/www.hoymercedes.com.ar\/principal\/wp-content\/uploads\/2016\/09\/Antonela-Ramognini.jpg","wps_subtitle":"Ser\u00e1 operada este jueves","jetpack_sharing_enabled":true,"_links":{"self":[{"href":"https:\/\/www.hoymercedes.com.ar\/principal\/wp-json\/wp\/v2\/posts\/54343","targetHints":{"allow":["GET"]}}],"collection":[{"href":"https:\/\/www.hoymercedes.com.ar\/principal\/wp-json\/wp\/v2\/posts"}],"about":[{"href":"https:\/\/www.hoymercedes.com.ar\/principal\/wp-json\/wp\/v2\/types\/post"}],"author":[{"embeddable":true,"href":"https:\/\/www.hoymercedes.com.ar\/principal\/wp-json\/wp\/v2\/users\/1"}],"replies":[{"embeddable":true,"href":"https:\/\/www.hoymercedes.com.ar\/principal\/wp-json\/wp\/v2\/comments?post=54343"}],"version-history":[{"count":0,"href":"https:\/\/www.hoymercedes.com.ar\/principal\/wp-json\/wp\/v2\/posts\/54343\/revisions"}],"wp:featuredmedia":[{"embeddable":true,"href":"https:\/\/www.hoymercedes.com.ar\/principal\/wp-json\/wp\/v2\/media\/54344"}],"wp:attachment":[{"href":"https:\/\/www.hoymercedes.com.ar\/principal\/wp-json\/wp\/v2\/media?parent=54343"}],"wp:term":[{"taxonomy":"category","embeddable":true,"href":"https:\/\/www.hoymercedes.com.ar\/principal\/wp-json\/wp\/v2\/categories?post=54343"},{"taxonomy":"post_tag","embeddable":true,"href":"https:\/\/www.hoymercedes.com.ar\/principal\/wp-json\/wp\/v2\/tags?post=54343"}],"curies":[{"name":"wp","href":"https:\/\/api.w.org\/{rel}","templated":true}]}}