{"id":54442,"date":"2016-09-09T13:50:00","date_gmt":"2016-09-09T16:50:00","guid":{"rendered":"http:\/\/www.hoymercedes.com.ar\/principal\/?p=54442"},"modified":"2016-09-09T11:01:21","modified_gmt":"2016-09-09T14:01:21","slug":"proponen-poner-en-valor-la-ribera-del-rio-lujan","status":"publish","type":"post","link":"https:\/\/www.hoymercedes.com.ar\/principal\/2016\/09\/09\/proponen-poner-en-valor-la-ribera-del-rio-lujan\/","title":{"rendered":"Proponen poner en valor la ribera del R\u00edo Luj\u00e1n"},"content":{"rendered":"<p>El Concejal de la Agrupaci\u00f3n Vecinal Mercedina, Jos\u00e9 Cestari, present\u00f3 diferentes proyectos que ser\u00e1n tratados en la Sesi\u00f3n Ordinaria del Concejo Deliberante, que se llevar\u00e1 a cabo el lunes 12 de septiembre, 19 horas.<\/p>\n<p>De uno de ellos dimos cuenta d\u00edas atr\u00e1s y buscaba armar un espacio que <a href=\"https:\/\/www.hoymercedes.com.ar\/principal\/2016\/09\/02\/cestari-orientar-a-los-jovenes-estudiantes-es-fundamental\/\" target=\"_blank\">incentive a los estudiantes secundarios a continuar los estudios en un nivel superior<\/a>.<\/p>\n<p>En esta oportunidad, el Concejal Cestari propone poner en valor un espacio p\u00fablico en la ribera del R\u00edo Luj\u00e1n.\u00a0Ante el deterioro ambiental que presenta el R\u00edo Luj\u00e1n y sus riberas entre el Puente del FFCC Belgrano y el Puente denominado \u201cAmarillo\u201d (calle 43).<\/p>\n<p>Y considerando que se recorri\u00f3 el lugar y se observ\u00f3 una gran proliferaci\u00f3n de especies arb\u00f3reas invasivas: el acacio negro (Gleditsia triacanthos), que este provoca contenci\u00f3n de pl\u00e1sticos, bolsas de nylon y otros residuos que fueran transportados por el r\u00edo, el viento o vecinos desaprensivos, que las espinas de este arbusto pueden ocasionar lesiones a las personas que transitan por los caminos de ribera, que se encuentran peque\u00f1os basurales no autorizados, que la calle Coronel Dorrego se encuentra con baches y desniveles importantes, que la mejora ambiental de este sector ser\u00e1 en beneficio de los vecinos y turistas de nuestra ciudad y que el mejoramiento de los espacios p\u00fablicos es una pol\u00edtica del Estado Municipal.<\/p>\n<p>Se pide al Intendente, a trav\u00e9s del \u00e1rea correspondiente, proceda a realizar los siguientes trabajos en el sector de la ribera del r\u00edo Luj\u00e1n entre el Puente del FFCC Belgrano y el Puente denominado \u201cAmarillo\u201d (calle 43):<\/p>\n<p>a)\u00a0\u00a0\u00a0\u00a0\u00a0\u00a0\u00a0 Extracci\u00f3n del acacio negro y corte de pastizales.<\/p>\n<p>b)\u00a0\u00a0\u00a0\u00a0\u00a0\u00a0\u00a0 Erradicaci\u00f3n de los basurales no autorizados.<\/p>\n<p>c)\u00a0\u00a0\u00a0\u00a0\u00a0\u00a0\u00a0\u00a0 Nivelaci\u00f3n de la calle Coronel Dorrego (relleno de pozos).<\/p>\n<p>d)\u00a0\u00a0\u00a0\u00a0\u00a0\u00a0 Colocaci\u00f3n de carteles con la leyenda \u201cPROHIBIDO ARROJAR BASURA. Ordenanza 5650\/03.<\/p>\n<p>Este proyecto ser\u00e1 tratado en la sesi\u00f3n ordinaria del pr\u00f3ximo lunes 12 de septiembre.<\/p>\n","protected":false},"excerpt":{"rendered":"<p>El Concejal de la Agrupaci\u00f3n Vecinal Mercedina, Jos\u00e9 Cestari, present\u00f3 diferentes proyectos que ser\u00e1n tratados en la Sesi\u00f3n Ordinaria del &#8230; <a title=\"Proponen poner en valor la ribera del R\u00edo Luj\u00e1n\" class=\"read-more\" href=\"https:\/\/www.hoymercedes.com.ar\/principal\/2016\/09\/09\/proponen-poner-en-valor-la-ribera-del-rio-lujan\/\" aria-label=\"Leer m\u00e1s sobre Proponen poner en valor la ribera del R\u00edo Luj\u00e1n\">Leer m\u00e1s<\/a><\/p>\n","protected":false},"author":1,"featured_media":54443,"comment_status":"open","ping_status":"open","sticky":false,"template":"","format":"standard","meta":{"_monsterinsights_skip_tracking":false,"_monsterinsights_sitenote_active":false,"_monsterinsights_sitenote_note":"","_monsterinsights_sitenote_category":0,"jetpack_post_was_ever_published":false,"_jetpack_newsletter_access":"","_jetpack_dont_email_post_to_subs":false,"_jetpack_newsletter_tier_id":0,"_jetpack_memberships_contains_paywalled_content":false,"_jetpack_memberships_contains_paid_content":false,"footnotes":"","jetpack_publicize_message":"","jetpack_publicize_feature_enabled":true,"jetpack_social_post_already_shared":true,"jetpack_social_options":{"image_generator_settings":{"template":"highway","default_image_id":0,"font":"","enabled":false},"version":2},"_wpas_customize_per_network":false},"categories":[5],"tags":[15,321,5319,8980],"class_list":["post-54442","post","type-post","status-publish","format-standard","has-post-thumbnail","hentry","category-politica","tag-hcd","tag-jose-cestari","tag-politica-2","tag-proyectos","generate-columns","tablet-grid-50","mobile-grid-100","grid-parent","grid-50"],"jetpack_publicize_connections":[],"jetpack_featured_media_url":"https:\/\/www.hoymercedes.com.ar\/principal\/wp-content\/uploads\/2016\/09\/09-Cestari.jpg","wps_subtitle":"Proyecto en el HCD","jetpack_sharing_enabled":true,"_links":{"self":[{"href":"https:\/\/www.hoymercedes.com.ar\/principal\/wp-json\/wp\/v2\/posts\/54442","targetHints":{"allow":["GET"]}}],"collection":[{"href":"https:\/\/www.hoymercedes.com.ar\/principal\/wp-json\/wp\/v2\/posts"}],"about":[{"href":"https:\/\/www.hoymercedes.com.ar\/principal\/wp-json\/wp\/v2\/types\/post"}],"author":[{"embeddable":true,"href":"https:\/\/www.hoymercedes.com.ar\/principal\/wp-json\/wp\/v2\/users\/1"}],"replies":[{"embeddable":true,"href":"https:\/\/www.hoymercedes.com.ar\/principal\/wp-json\/wp\/v2\/comments?post=54442"}],"version-history":[{"count":0,"href":"https:\/\/www.hoymercedes.com.ar\/principal\/wp-json\/wp\/v2\/posts\/54442\/revisions"}],"wp:featuredmedia":[{"embeddable":true,"href":"https:\/\/www.hoymercedes.com.ar\/principal\/wp-json\/wp\/v2\/media\/54443"}],"wp:attachment":[{"href":"https:\/\/www.hoymercedes.com.ar\/principal\/wp-json\/wp\/v2\/media?parent=54442"}],"wp:term":[{"taxonomy":"category","embeddable":true,"href":"https:\/\/www.hoymercedes.com.ar\/principal\/wp-json\/wp\/v2\/categories?post=54442"},{"taxonomy":"post_tag","embeddable":true,"href":"https:\/\/www.hoymercedes.com.ar\/principal\/wp-json\/wp\/v2\/tags?post=54442"}],"curies":[{"name":"wp","href":"https:\/\/api.w.org\/{rel}","templated":true}]}}