{"id":54532,"date":"2016-09-11T12:44:20","date_gmt":"2016-09-11T15:44:20","guid":{"rendered":"http:\/\/www.hoymercedes.com.ar\/principal\/?p=54532"},"modified":"2016-09-11T11:32:49","modified_gmt":"2016-09-11T14:32:49","slug":"premio-negrito-manuel-2016-para-el-bunker","status":"publish","type":"post","link":"https:\/\/www.hoymercedes.com.ar\/principal\/2016\/09\/11\/premio-negrito-manuel-2016-para-el-bunker\/","title":{"rendered":"Premio Negrito Manuel 2016 para El Bunker y De Rabona"},"content":{"rendered":"<p>En la noche del s\u00e1bado 10 de septiembre, se llev\u00f3 adelante la entrega de premios del \u00abNegrito Manuel\u00bb. En la edici\u00f3n n\u00famero 26 varios mercedinos estaban ternados.<\/p>\n<p>Uno de ellos que result\u00f3 ganador fue Carlos Brea, conductor y productor del programa radial \u00abEl Bunker\u00bb que se trasmite todos los d\u00edas por FM La Tribuna. Ganador en la categor\u00eda mejor programa de inter\u00e9s general y con premio en mano, Brea se mostr\u00f3 feliz en las redes sociales.<\/p>\n<p><img loading=\"lazy\" decoding=\"async\" data-attachment-id=\"54533\" data-permalink=\"https:\/\/www.hoymercedes.com.ar\/principal\/2016\/09\/11\/premio-negrito-manuel-2016-para-el-bunker\/11-brea-premio\/#main\" data-orig-file=\"https:\/\/www.hoymercedes.com.ar\/principal\/wp-content\/uploads\/2016\/09\/11-brea-premio.jpg\" data-orig-size=\"576,745\" data-comments-opened=\"1\" data-image-meta=\"{&quot;aperture&quot;:&quot;0&quot;,&quot;credit&quot;:&quot;&quot;,&quot;camera&quot;:&quot;&quot;,&quot;caption&quot;:&quot;&quot;,&quot;created_timestamp&quot;:&quot;0&quot;,&quot;copyright&quot;:&quot;&quot;,&quot;focal_length&quot;:&quot;0&quot;,&quot;iso&quot;:&quot;0&quot;,&quot;shutter_speed&quot;:&quot;0&quot;,&quot;title&quot;:&quot;&quot;,&quot;orientation&quot;:&quot;0&quot;}\" data-image-title=\"11-brea-premio\" data-image-description=\"\" data-image-caption=\"\" data-large-file=\"https:\/\/www.hoymercedes.com.ar\/principal\/wp-content\/uploads\/2016\/09\/11-brea-premio.jpg\" class=\"aligncenter size-medium wp-image-54533\" src=\"https:\/\/www.hoymercedes.com.ar\/principal\/wp-content\/uploads\/2016\/09\/11-brea-premio-479x620.jpg\" alt=\"11-brea-premio\" width=\"479\" height=\"620\" srcset=\"https:\/\/www.hoymercedes.com.ar\/principal\/wp-content\/uploads\/2016\/09\/11-brea-premio-479x620.jpg 479w, https:\/\/www.hoymercedes.com.ar\/principal\/wp-content\/uploads\/2016\/09\/11-brea-premio-116x150.jpg 116w, https:\/\/www.hoymercedes.com.ar\/principal\/wp-content\/uploads\/2016\/09\/11-brea-premio.jpg 576w\" sizes=\"auto, (max-width: 479px) 100vw, 479px\" \/><\/p>\n<p>Otros mercedinos tambi\u00e9n resultaron ganadores. Oscar Taccari que participaba con su programa \u00abDe Rabona \u00bb en su versi\u00f3n de Radio y TV en el rubro\u00a0Mejor programa de Deportes varios y Labor Period\u00edstica, se llev\u00f3 dos estatuillas. Mientras \u00a0que Ivan Alday fue reconocido por su trabajo en materia de inclusi\u00f3n a las personas con discapacidad.<\/p>\n<p>Mas de 500 producciones de radio y TV participaron del premio Negrito Manuel. De todo el pa\u00eds se logr\u00f3 la participaci\u00f3n de programas de Misiones, Mendoza, La Pampa, Usuahia, Santa Fe, Santa Cruz, Chaco, y Tucum\u00e1n.<\/p>\n<p><img loading=\"lazy\" decoding=\"async\" data-attachment-id=\"54538\" data-permalink=\"https:\/\/www.hoymercedes.com.ar\/principal\/2016\/09\/11\/premio-negrito-manuel-2016-para-el-bunker\/img-20160911-wa0004-640x480\/#main\" data-orig-file=\"https:\/\/www.hoymercedes.com.ar\/principal\/wp-content\/uploads\/2016\/09\/IMG-20160911-WA0004-640x480.jpg\" data-orig-size=\"640,480\" data-comments-opened=\"1\" data-image-meta=\"{&quot;aperture&quot;:&quot;0&quot;,&quot;credit&quot;:&quot;&quot;,&quot;camera&quot;:&quot;&quot;,&quot;caption&quot;:&quot;&quot;,&quot;created_timestamp&quot;:&quot;0&quot;,&quot;copyright&quot;:&quot;&quot;,&quot;focal_length&quot;:&quot;0&quot;,&quot;iso&quot;:&quot;0&quot;,&quot;shutter_speed&quot;:&quot;0&quot;,&quot;title&quot;:&quot;&quot;,&quot;orientation&quot;:&quot;0&quot;}\" data-image-title=\"img-20160911-wa0004-640&amp;#215;480\" data-image-description=\"\" data-image-caption=\"\" data-large-file=\"https:\/\/www.hoymercedes.com.ar\/principal\/wp-content\/uploads\/2016\/09\/IMG-20160911-WA0004-640x480.jpg\" class=\"aligncenter size-medium wp-image-54538\" src=\"https:\/\/www.hoymercedes.com.ar\/principal\/wp-content\/uploads\/2016\/09\/IMG-20160911-WA0004-640x480-630x473.jpg\" alt=\"img-20160911-wa0004-640x480\" width=\"630\" height=\"473\" srcset=\"https:\/\/www.hoymercedes.com.ar\/principal\/wp-content\/uploads\/2016\/09\/IMG-20160911-WA0004-640x480-630x473.jpg 630w, https:\/\/www.hoymercedes.com.ar\/principal\/wp-content\/uploads\/2016\/09\/IMG-20160911-WA0004-640x480-150x113.jpg 150w, https:\/\/www.hoymercedes.com.ar\/principal\/wp-content\/uploads\/2016\/09\/IMG-20160911-WA0004-640x480.jpg 640w\" sizes=\"auto, (max-width: 630px) 100vw, 630px\" \/><\/p>\n","protected":false},"excerpt":{"rendered":"<p>En la noche del s\u00e1bado 10 de septiembre, se llev\u00f3 adelante la entrega de premios del \u00abNegrito Manuel\u00bb. En la &#8230; <a title=\"Premio Negrito Manuel 2016 para El Bunker y De Rabona\" class=\"read-more\" href=\"https:\/\/www.hoymercedes.com.ar\/principal\/2016\/09\/11\/premio-negrito-manuel-2016-para-el-bunker\/\" aria-label=\"Leer m\u00e1s sobre Premio Negrito Manuel 2016 para El Bunker y De Rabona\">Leer m\u00e1s<\/a><\/p>\n","protected":false},"author":1,"featured_media":54538,"comment_status":"open","ping_status":"open","sticky":false,"template":"","format":"standard","meta":{"_monsterinsights_skip_tracking":false,"_monsterinsights_sitenote_active":false,"_monsterinsights_sitenote_note":"","_monsterinsights_sitenote_category":0,"jetpack_post_was_ever_published":false,"_jetpack_newsletter_access":"","_jetpack_dont_email_post_to_subs":false,"_jetpack_newsletter_tier_id":0,"_jetpack_memberships_contains_paywalled_content":false,"_jetpack_memberships_contains_paid_content":false,"footnotes":"","jetpack_publicize_message":"","jetpack_publicize_feature_enabled":true,"jetpack_social_post_already_shared":true,"jetpack_social_options":{"image_generator_settings":{"template":"highway","default_image_id":0,"font":"","enabled":false},"version":2},"_wpas_customize_per_network":false},"categories":[104],"tags":[7805,9982,8824,9219],"class_list":["post-54532","post","type-post","status-publish","format-standard","has-post-thumbnail","hentry","category-cultura","tag-cultura","tag-de-rabona","tag-el-bunker","tag-radio","generate-columns","tablet-grid-50","mobile-grid-100","grid-parent","grid-50"],"jetpack_publicize_connections":[],"jetpack_featured_media_url":"https:\/\/www.hoymercedes.com.ar\/principal\/wp-content\/uploads\/2016\/09\/IMG-20160911-WA0004-640x480.jpg","wps_subtitle":"En radio y TV","jetpack_sharing_enabled":true,"_links":{"self":[{"href":"https:\/\/www.hoymercedes.com.ar\/principal\/wp-json\/wp\/v2\/posts\/54532","targetHints":{"allow":["GET"]}}],"collection":[{"href":"https:\/\/www.hoymercedes.com.ar\/principal\/wp-json\/wp\/v2\/posts"}],"about":[{"href":"https:\/\/www.hoymercedes.com.ar\/principal\/wp-json\/wp\/v2\/types\/post"}],"author":[{"embeddable":true,"href":"https:\/\/www.hoymercedes.com.ar\/principal\/wp-json\/wp\/v2\/users\/1"}],"replies":[{"embeddable":true,"href":"https:\/\/www.hoymercedes.com.ar\/principal\/wp-json\/wp\/v2\/comments?post=54532"}],"version-history":[{"count":0,"href":"https:\/\/www.hoymercedes.com.ar\/principal\/wp-json\/wp\/v2\/posts\/54532\/revisions"}],"wp:featuredmedia":[{"embeddable":true,"href":"https:\/\/www.hoymercedes.com.ar\/principal\/wp-json\/wp\/v2\/media\/54538"}],"wp:attachment":[{"href":"https:\/\/www.hoymercedes.com.ar\/principal\/wp-json\/wp\/v2\/media?parent=54532"}],"wp:term":[{"taxonomy":"category","embeddable":true,"href":"https:\/\/www.hoymercedes.com.ar\/principal\/wp-json\/wp\/v2\/categories?post=54532"},{"taxonomy":"post_tag","embeddable":true,"href":"https:\/\/www.hoymercedes.com.ar\/principal\/wp-json\/wp\/v2\/tags?post=54532"}],"curies":[{"name":"wp","href":"https:\/\/api.w.org\/{rel}","templated":true}]}}