{"id":54601,"date":"2016-09-14T19:33:49","date_gmt":"2016-09-14T22:33:49","guid":{"rendered":"http:\/\/www.hoymercedes.com.ar\/principal\/?p=54601"},"modified":"2016-09-13T19:56:58","modified_gmt":"2016-09-13T22:56:58","slug":"marcelo-peralta-hicimos-un-gran-trabajo-en-equipo","status":"publish","type":"post","link":"https:\/\/www.hoymercedes.com.ar\/principal\/2016\/09\/14\/marcelo-peralta-hicimos-un-gran-trabajo-en-equipo\/","title":{"rendered":"Marcelo Peralta: \u00abHicimos un gran trabajo en equipo\u00bb"},"content":{"rendered":"<p><em><strong>Mercedes tuvo una gran actuaci\u00f3n en las Olimpiadas de Las Heras, obteniendo dos medallas de oro (Marcelo Peralta en Rural Bike y Javier Morasso en Ajedrez), y de plata en Tenis (Gustavo V\u00e1zquez, Ricardo Iribarne, Adri\u00e1n Russi, Elena Spinetta y David Zamora), Padel (Claudia Marinelli y Yolanda Gorosito), Voley Femenino y en Nataci\u00f3n (Daniel Barros, Laura Mangoni y Germ\u00e1n Tonda).<\/strong><\/em><\/p>\n<p><img loading=\"lazy\" decoding=\"async\" data-attachment-id=\"54623\" data-permalink=\"https:\/\/www.hoymercedes.com.ar\/principal\/2016\/09\/14\/marcelo-peralta-hicimos-un-gran-trabajo-en-equipo\/marcelo-peralta\/#main\" data-orig-file=\"https:\/\/www.hoymercedes.com.ar\/principal\/wp-content\/uploads\/2016\/09\/Marcelo-Peralta.jpg\" data-orig-size=\"720,960\" data-comments-opened=\"1\" data-image-meta=\"{&quot;aperture&quot;:&quot;0&quot;,&quot;credit&quot;:&quot;&quot;,&quot;camera&quot;:&quot;&quot;,&quot;caption&quot;:&quot;&quot;,&quot;created_timestamp&quot;:&quot;0&quot;,&quot;copyright&quot;:&quot;&quot;,&quot;focal_length&quot;:&quot;0&quot;,&quot;iso&quot;:&quot;0&quot;,&quot;shutter_speed&quot;:&quot;0&quot;,&quot;title&quot;:&quot;&quot;,&quot;orientation&quot;:&quot;0&quot;}\" data-image-title=\"marcelo-peralta\" data-image-description=\"\" data-image-caption=\"\" data-large-file=\"https:\/\/www.hoymercedes.com.ar\/principal\/wp-content\/uploads\/2016\/09\/Marcelo-Peralta.jpg\" class=\"aligncenter size-medium wp-image-54623\" src=\"https:\/\/www.hoymercedes.com.ar\/principal\/wp-content\/uploads\/2016\/09\/Marcelo-Peralta-465x620.jpg\" alt=\"marcelo-peralta\" width=\"465\" height=\"620\" srcset=\"https:\/\/www.hoymercedes.com.ar\/principal\/wp-content\/uploads\/2016\/09\/Marcelo-Peralta-465x620.jpg 465w, https:\/\/www.hoymercedes.com.ar\/principal\/wp-content\/uploads\/2016\/09\/Marcelo-Peralta-113x150.jpg 113w, https:\/\/www.hoymercedes.com.ar\/principal\/wp-content\/uploads\/2016\/09\/Marcelo-Peralta.jpg 720w\" sizes=\"auto, (max-width: 465px) 100vw, 465px\" \/><\/p>\n<p>En di\u00e1logo con El Pulso, que se emite de lunes a viernes de 8 a 12 por FM La Tribuna, Marcelo Peralta dijo que\u00a0\u00aben realidad yo corro Rural Bike y complemento con Ciclismo de Ruta. El s\u00e1bado tuvimos una muy buena excursi\u00f3n en Las Heras. Fui con un grupo de corredores amigos y armamos un gran equipo. Fue una competencia de 20 kil\u00f3metros y la hicimos en algo m\u00e1s de media hora. Fue muy explosiva. Pudimos hacer un corte con el \u00abNegro\u00bb Morales y con dos corredores de Roque P\u00e9rez peleamos hasta el final que la termin\u00e9 ganando con dos minutos de ventaja\u00bb<\/p>\n<p>\u00absalimos a fondo desde la bajada de bandera y eso nos permiti\u00f3 ganar la carrera. El trabajo en equipo hizo que me pudiera escapar. Se sufri\u00f3 mucho en toda la carrera. Estamos acostumbrados a correr 60 kil\u00f3metros y que \u00e9sta fuera de 20 la hizo muy intensa\u00bb<\/p>\n<p>\u00abCarlos Aldecoa manej\u00f3 muy bien el pelot\u00f3n. Eso hizo que pudi\u00e9ramos ampliar la ventaja en la punta\u00bb<\/p>\n<p>\u00abQuiero agradecer a Dar\u00edo Oliva Cycles, a la Municipalidad de Mercedes, a la Direcci\u00f3n de Deportes y a los compa\u00f1eros de equipo que estuvieron poniendo el pecho para que la medalla de oro se vaya a Mercedes. Uno s\u00f3lo no logra las cosas si no se las hace en conjunto\u00bb<\/p>\n<p>&nbsp;<\/p>\n","protected":false},"excerpt":{"rendered":"<p>Mercedes tuvo una gran actuaci\u00f3n en las Olimpiadas de Las Heras, obteniendo dos medallas de oro (Marcelo Peralta en Rural &#8230; <a title=\"Marcelo Peralta: \u00abHicimos un gran trabajo en equipo\u00bb\" class=\"read-more\" href=\"https:\/\/www.hoymercedes.com.ar\/principal\/2016\/09\/14\/marcelo-peralta-hicimos-un-gran-trabajo-en-equipo\/\" aria-label=\"Leer m\u00e1s sobre Marcelo Peralta: \u00abHicimos un gran trabajo en equipo\u00bb\">Leer m\u00e1s<\/a><\/p>\n","protected":false},"author":1,"featured_media":54623,"comment_status":"open","ping_status":"open","sticky":false,"template":"","format":"standard","meta":{"_monsterinsights_skip_tracking":false,"_monsterinsights_sitenote_active":false,"_monsterinsights_sitenote_note":"","_monsterinsights_sitenote_category":0,"jetpack_post_was_ever_published":false,"_jetpack_newsletter_access":"","_jetpack_dont_email_post_to_subs":false,"_jetpack_newsletter_tier_id":0,"_jetpack_memberships_contains_paywalled_content":false,"_jetpack_memberships_contains_paid_content":false,"footnotes":"","jetpack_publicize_message":"","jetpack_publicize_feature_enabled":true,"jetpack_social_post_already_shared":true,"jetpack_social_options":{"image_generator_settings":{"template":"highway","default_image_id":0,"font":"","enabled":false},"version":2},"_wpas_customize_per_network":false},"categories":[21],"tags":[],"class_list":["post-54601","post","type-post","status-publish","format-standard","has-post-thumbnail","hentry","category-deportes","generate-columns","tablet-grid-50","mobile-grid-100","grid-parent","grid-50"],"jetpack_publicize_connections":[],"jetpack_featured_media_url":"https:\/\/www.hoymercedes.com.ar\/principal\/wp-content\/uploads\/2016\/09\/Marcelo-Peralta.jpg","wps_subtitle":"Medalla de oro en Las Heras","jetpack_sharing_enabled":true,"_links":{"self":[{"href":"https:\/\/www.hoymercedes.com.ar\/principal\/wp-json\/wp\/v2\/posts\/54601","targetHints":{"allow":["GET"]}}],"collection":[{"href":"https:\/\/www.hoymercedes.com.ar\/principal\/wp-json\/wp\/v2\/posts"}],"about":[{"href":"https:\/\/www.hoymercedes.com.ar\/principal\/wp-json\/wp\/v2\/types\/post"}],"author":[{"embeddable":true,"href":"https:\/\/www.hoymercedes.com.ar\/principal\/wp-json\/wp\/v2\/users\/1"}],"replies":[{"embeddable":true,"href":"https:\/\/www.hoymercedes.com.ar\/principal\/wp-json\/wp\/v2\/comments?post=54601"}],"version-history":[{"count":0,"href":"https:\/\/www.hoymercedes.com.ar\/principal\/wp-json\/wp\/v2\/posts\/54601\/revisions"}],"wp:featuredmedia":[{"embeddable":true,"href":"https:\/\/www.hoymercedes.com.ar\/principal\/wp-json\/wp\/v2\/media\/54623"}],"wp:attachment":[{"href":"https:\/\/www.hoymercedes.com.ar\/principal\/wp-json\/wp\/v2\/media?parent=54601"}],"wp:term":[{"taxonomy":"category","embeddable":true,"href":"https:\/\/www.hoymercedes.com.ar\/principal\/wp-json\/wp\/v2\/categories?post=54601"},{"taxonomy":"post_tag","embeddable":true,"href":"https:\/\/www.hoymercedes.com.ar\/principal\/wp-json\/wp\/v2\/tags?post=54601"}],"curies":[{"name":"wp","href":"https:\/\/api.w.org\/{rel}","templated":true}]}}