{"id":54644,"date":"2016-09-14T09:40:58","date_gmt":"2016-09-14T12:40:58","guid":{"rendered":"http:\/\/www.hoymercedes.com.ar\/principal\/?p=54644"},"modified":"2016-09-14T09:40:58","modified_gmt":"2016-09-14T12:40:58","slug":"el-municipio-arranco-con-la-campana-contra-el-dengue","status":"publish","type":"post","link":"https:\/\/www.hoymercedes.com.ar\/principal\/2016\/09\/14\/el-municipio-arranco-con-la-campana-contra-el-dengue\/","title":{"rendered":"El Municipio arranc\u00f3 con la campa\u00f1a contra el dengue"},"content":{"rendered":"<p>&nbsp;<\/p>\n<p>Desde la \u00a0Secretaria de Salud de la Municipalidad de Mercedes anunciaron el inicio de la campa\u00f1a para combatir el dengue y al mosquito vector de dicha enfermedad. A trav\u00e9s de una comunicaci\u00f3n de prensa, el \u00e1rea que dirige el Dr. Pablo Cassiani y el mismo m\u00e9dico, expres\u00f3:<\/p>\n<p>\u00abEn la provincia ha cambiado la realidad epidemiol\u00f3gica y entomobiol\u00f3gica de la presencia de Dengue. Antes la preocupaci\u00f3n era que vecinos propios viajasen a zonas end\u00e9micas y volviesen con el virus en la sangre, y fuesen picados por mosquitos propios no infectados, y estos reproduciesen el virus a sus descendientes; pero ahora el problema est\u00e1 en que hemos tenido casos aut\u00f3ctonos en todas las ciudades vecinas, por lo que la proximidad amenaza con tener casos aut\u00f3ctonos en Mercedes con la consiguiente circulaci\u00f3n \u00a0de mosquitos infectados. Estamos frente a un cambio en el estado de situaci\u00f3n, y es por eso que el intendente Ustarroz ha solicitado iniciar con la campa\u00f1a lo antes posible\u00bb.<\/p>\n<p>La campa\u00f1a articular\u00e1 las \u00e1reas de Salud, Desarrollo Social, Medio Ambiente y Obras P\u00fablicas. Desde el \u00e1rea de Medio Ambiente se gestion\u00f3 la compra de 2 termo fumigadoras nuevas, que con las compradas a principio de este a\u00f1o suman un total de 4. En el marco del\u00a0programa \u00abLa Muni en tu barrio\u00bb, har\u00e1n\u00a0difusi\u00f3n preventiva entregando folletos y poniendo a disposici\u00f3n contenedores para que los vecinos se \u00abdescacharren\u00bb.<\/p>\n<p>Seg\u00fan el Ministerio de Salud de la Naci\u00f3n, la medida m\u00e1s eficaz para combatir el mosquito es el descacharreo. A esto Cassiani agreg\u00f3: \u00abSin cacharros no hay mosquito, ya que este mosquito, el Aedes Aegypti solo se reproduce en cacharros que tengan un poco de agua limpia y sombra. Estas acciones de prevenci\u00f3n, corresponden a un protocolo de trabajo, con una labor de concientizaci\u00f3n, para lograr el apoyo y compromiso de los vecinos en esta misi\u00f3n y, por \u00faltimo, atacar los factores ambientales para que no prolifere el vector\u201d.<\/p>\n<p>&nbsp;<\/p>\n","protected":false},"excerpt":{"rendered":"<p>&nbsp; Desde la \u00a0Secretaria de Salud de la Municipalidad de Mercedes anunciaron el inicio de la campa\u00f1a para combatir el &#8230; <a title=\"El Municipio arranc\u00f3 con la campa\u00f1a contra el dengue\" class=\"read-more\" href=\"https:\/\/www.hoymercedes.com.ar\/principal\/2016\/09\/14\/el-municipio-arranco-con-la-campana-contra-el-dengue\/\" aria-label=\"Leer m\u00e1s sobre El Municipio arranc\u00f3 con la campa\u00f1a contra el dengue\">Leer m\u00e1s<\/a><\/p>\n","protected":false},"author":1,"featured_media":54645,"comment_status":"open","ping_status":"open","sticky":false,"template":"","format":"standard","meta":{"_monsterinsights_skip_tracking":false,"_monsterinsights_sitenote_active":false,"_monsterinsights_sitenote_note":"","_monsterinsights_sitenote_category":0,"jetpack_post_was_ever_published":false,"_jetpack_newsletter_access":"","_jetpack_dont_email_post_to_subs":false,"_jetpack_newsletter_tier_id":0,"_jetpack_memberships_contains_paywalled_content":false,"_jetpack_memberships_contains_paid_content":false,"footnotes":"","jetpack_publicize_message":"","jetpack_publicize_feature_enabled":true,"jetpack_social_post_already_shared":true,"jetpack_social_options":{"image_generator_settings":{"template":"highway","default_image_id":0,"font":"","enabled":false},"version":2},"_wpas_customize_per_network":false},"categories":[30,9791],"tags":[8637,9089,244,134],"class_list":["post-54644","post","type-post","status-publish","format-standard","has-post-thumbnail","hentry","category-municipio","category-salud","tag-cassiani","tag-dengue","tag-municipio-2","tag-salud","generate-columns","tablet-grid-50","mobile-grid-100","grid-parent","grid-50"],"jetpack_publicize_connections":[],"jetpack_featured_media_url":"https:\/\/www.hoymercedes.com.ar\/principal\/wp-content\/uploads\/2016\/09\/14-CASIANI.jpg","wps_subtitle":"Prevenci\u00f3n temprana","jetpack_sharing_enabled":true,"_links":{"self":[{"href":"https:\/\/www.hoymercedes.com.ar\/principal\/wp-json\/wp\/v2\/posts\/54644","targetHints":{"allow":["GET"]}}],"collection":[{"href":"https:\/\/www.hoymercedes.com.ar\/principal\/wp-json\/wp\/v2\/posts"}],"about":[{"href":"https:\/\/www.hoymercedes.com.ar\/principal\/wp-json\/wp\/v2\/types\/post"}],"author":[{"embeddable":true,"href":"https:\/\/www.hoymercedes.com.ar\/principal\/wp-json\/wp\/v2\/users\/1"}],"replies":[{"embeddable":true,"href":"https:\/\/www.hoymercedes.com.ar\/principal\/wp-json\/wp\/v2\/comments?post=54644"}],"version-history":[{"count":0,"href":"https:\/\/www.hoymercedes.com.ar\/principal\/wp-json\/wp\/v2\/posts\/54644\/revisions"}],"wp:featuredmedia":[{"embeddable":true,"href":"https:\/\/www.hoymercedes.com.ar\/principal\/wp-json\/wp\/v2\/media\/54645"}],"wp:attachment":[{"href":"https:\/\/www.hoymercedes.com.ar\/principal\/wp-json\/wp\/v2\/media?parent=54644"}],"wp:term":[{"taxonomy":"category","embeddable":true,"href":"https:\/\/www.hoymercedes.com.ar\/principal\/wp-json\/wp\/v2\/categories?post=54644"},{"taxonomy":"post_tag","embeddable":true,"href":"https:\/\/www.hoymercedes.com.ar\/principal\/wp-json\/wp\/v2\/tags?post=54644"}],"curies":[{"name":"wp","href":"https:\/\/api.w.org\/{rel}","templated":true}]}}