{"id":54690,"date":"2016-09-15T20:52:11","date_gmt":"2016-09-15T23:52:11","guid":{"rendered":"http:\/\/www.hoymercedes.com.ar\/principal\/?p=54690"},"modified":"2016-09-16T14:34:23","modified_gmt":"2016-09-16T17:34:23","slug":"carlos-cancela-en-dos-meses-volvio-a-pasar-y-nos-genera-mucha-impotencia","status":"publish","type":"post","link":"https:\/\/www.hoymercedes.com.ar\/principal\/2016\/09\/15\/carlos-cancela-en-dos-meses-volvio-a-pasar-y-nos-genera-mucha-impotencia\/","title":{"rendered":"Carlos Cancela: \u00abEn dos meses volvi\u00f3 a pasar y nos genera mucha impotencia\u00bb"},"content":{"rendered":"<p>El mi\u00e9rcoles los empleados del Club Mercedes se desayunaron con que las instalaciones del campo de deportes, ubicado en H\u00e9roes de Malvinas y 60, hab\u00eda sido violentado y robado, lo que oblig\u00f3 a que su presidente, Carlos Cancela, hiciera inmediatamente la denuncia en la polic\u00eda y en cuanto a esto dialog\u00f3 con el programa El Pulso, que se emite de lunes a viernes de 8 a 12 por FM La Tribuna.<\/p>\n<p><img loading=\"lazy\" decoding=\"async\" data-attachment-id=\"54691\" data-permalink=\"https:\/\/www.hoymercedes.com.ar\/principal\/2016\/09\/15\/carlos-cancela-en-dos-meses-volvio-a-pasar-y-nos-genera-mucha-impotencia\/carlos-cancela\/#main\" data-orig-file=\"https:\/\/www.hoymercedes.com.ar\/principal\/wp-content\/uploads\/2016\/09\/Carlos-Cancela.jpg\" data-orig-size=\"960,720\" data-comments-opened=\"1\" data-image-meta=\"{&quot;aperture&quot;:&quot;0&quot;,&quot;credit&quot;:&quot;&quot;,&quot;camera&quot;:&quot;&quot;,&quot;caption&quot;:&quot;&quot;,&quot;created_timestamp&quot;:&quot;0&quot;,&quot;copyright&quot;:&quot;&quot;,&quot;focal_length&quot;:&quot;0&quot;,&quot;iso&quot;:&quot;0&quot;,&quot;shutter_speed&quot;:&quot;0&quot;,&quot;title&quot;:&quot;&quot;,&quot;orientation&quot;:&quot;0&quot;}\" data-image-title=\"carlos-cancela\" data-image-description=\"\" data-image-caption=\"\" data-large-file=\"https:\/\/www.hoymercedes.com.ar\/principal\/wp-content\/uploads\/2016\/09\/Carlos-Cancela.jpg\" class=\"aligncenter size-medium wp-image-54691\" src=\"https:\/\/www.hoymercedes.com.ar\/principal\/wp-content\/uploads\/2016\/09\/Carlos-Cancela-630x473.jpg\" alt=\"carlos-cancela\" width=\"630\" height=\"473\" srcset=\"https:\/\/www.hoymercedes.com.ar\/principal\/wp-content\/uploads\/2016\/09\/Carlos-Cancela-630x473.jpg 630w, https:\/\/www.hoymercedes.com.ar\/principal\/wp-content\/uploads\/2016\/09\/Carlos-Cancela-150x113.jpg 150w, https:\/\/www.hoymercedes.com.ar\/principal\/wp-content\/uploads\/2016\/09\/Carlos-Cancela.jpg 960w\" sizes=\"auto, (max-width: 630px) 100vw, 630px\" \/><\/p>\n<p>Cancela coment\u00f3 que \u00abse hace todo con mucho sacrificio, mucho trabajo, juntando moneda a moneda y llegas y encontr\u00e1s todo revuelto y que las pertenencias del club no est\u00e1n. Nosotros en la cantina del f\u00fatbol infantil tenemos padres y dirigentes trabajando para que no falte nada, para pagarle a los profes y nos rompieron el candado de la heladera y se llevaron hasta las gaseosas. A Gabino Regueiro, que tiene el gimnasio, le robaron el equipo de m\u00fasica hace un mes y uno de los que va a hacer gimnasia ah\u00ed le prest\u00f3 uno y ahora tambi\u00e9n se lo robaron. Pelotas, garrafas, materiales, rompieron rejas del sector de tenis y del lado de la Sub Comisi\u00f3n tambi\u00e9n arrancaron las rejas y entraron. Hasta las pelotas de tenis se llevaron. En dos meses volvi\u00f3 a pasar y nos genera mucha impotencia\u00bb<\/p>\n<p>Adem\u00e1s, agreg\u00f3: \u00abTodo lo que hacemos es para los chicos, hay 600 chicos que lo usan entre f\u00fatbol, pat\u00edn y tenis m\u00e1s los adultos que tambi\u00e9n hacen deporte. Tenemos ganas de hacer obras pero esto te desanima. Incluso el martes robaron tambi\u00e9n en la Liga Mercedina, donde rompieron la puerta y se llevaron muchas cosas, entre ellas camisas, pecheras, pelotas. En nuestro caso entraron por el Parque, que nos da l\u00e1stima porque el a\u00f1o pasado con un subsidio hicimos 234 metros de alambrado de dos metros y medio, con palos de hormig\u00f3n, que hab\u00eda quedado hermoso. Pero empiezan a destejer, hacen como una puerta y entran y salen por el Parque\u00bb.<\/p>\n<p>En cuanto a poder prevenir estos hechos delictivos, destac\u00f3 que la \u00abseguridad privada sale muy caro, un sereno tambi\u00e9n, pero la casa del casero est\u00e1 sobre H\u00e9roes de Malvinas y ellos entran por donde est\u00e1n las canchas de f\u00fatbol. Nos han robado hasta las redes de la cancha de once, fijate el tiempo que tuvieron para robar. Llevarte todas las latas de gaseosas es de maldad. Las raquetas de tenis que se llevaron no tienen valor de reventa, o sea que lo que hicieron fue maldad, porque son para los chicos de escuelita y no qued\u00f3 nada.\u00a0De nuestro gimnasio robaron las pesas, que son pesadas\u00bb.<\/p>\n<p>\u00abFue la polic\u00eda, mir\u00f3, pero no se si tienen indicios de quienes son. Los ladrones fueron conociendo como romper los candados para robar, tuvieron mucho tiempo para hacerlo. Desde que estoy en el cargo es la quinta vez que roban. Se le dedica mucho tiempo al club y se le quita a la familia como para que despu\u00e9s uno llegue y encuentre las cosas as\u00ed\u00bb, a\u00f1adi\u00f3.<\/p>\n<p><strong>Tambi\u00e9n dijo:<\/strong><\/p>\n<p>\u2022 \u00abLa gente del Club est\u00e1 muy comprometida. Tuve muchos llamados de ofrecimientos para recuperar las cosas que nos robaron. El fin de semana pasado tuvimos tres d\u00edas muy buenos en la fiesta del Salame. Vos quer\u00e9s hacer obras y con esa plata ahora tenemos que reponer lo robado. Es ingrato\u00bb<\/p>\n<p>\u2022 \u00abA nivel deportivo nos est\u00e1 yendo muy bien. Con el f\u00fatbol infantil estamos bien y en la Liga Metropolitana estamos en condiciones para ascender a la Metropolitana B con once puntos de ventaja. La Tercera y la Primera con todos chicos del club, sumando jugadores de inferiores a las categor\u00edas mayores. Se est\u00e1 trabajando a conciencia en el f\u00fatbol. Adem\u00e1s est\u00e1n volviendo chicos que son del Club. Cuando vos ves que jugadores que salieron de Escuelita ahora juegan en Primera pens\u00e1s que el trabajo se hizo bien. La idea es jugar el torneo local con todos jugadores surgidos en el Club\u00bb<\/p>\n<p>\u2022 \u00abQue traigamos jugadores y podamos jugar el Federal C depende de que nos levanten la sanci\u00f3n del p\u00fablico, porque si no podemos jugar con p\u00fablico, entonces nos tenemos que bajar porque no lo podr\u00edamos sostener, porque lo que se recauda en el Infanto Juvenil es para sostener esas categor\u00edas, lo que recauda la Primera y Reserva igual y cuando se juega el Regional, se hace una caja aparte\u00bb<\/p>\n<p>\u2022 \u00abTenemos la pileta climatizada, que hoy tiene 150 socios s\u00f3lo para la pileta y pagan para utilizarla, en pat\u00edn tenemos 170 chicas de las cuales 4 hoy est\u00e1n compitiendo en C\u00f3rdoba y este a\u00f1o se trabaj\u00f3 mucho en el campo de deportes. Tenemos muchas actividades en el club que hace que no puedas bajar los brazos nunca\u00bb<\/p>\n","protected":false},"excerpt":{"rendered":"<p>El mi\u00e9rcoles los empleados del Club Mercedes se desayunaron con que las instalaciones del campo de deportes, ubicado en H\u00e9roes &#8230; <a title=\"Carlos Cancela: \u00abEn dos meses volvi\u00f3 a pasar y nos genera mucha impotencia\u00bb\" class=\"read-more\" href=\"https:\/\/www.hoymercedes.com.ar\/principal\/2016\/09\/15\/carlos-cancela-en-dos-meses-volvio-a-pasar-y-nos-genera-mucha-impotencia\/\" aria-label=\"Leer m\u00e1s sobre Carlos Cancela: \u00abEn dos meses volvi\u00f3 a pasar y nos genera mucha impotencia\u00bb\">Leer m\u00e1s<\/a><\/p>\n","protected":false},"author":1,"featured_media":54691,"comment_status":"open","ping_status":"open","sticky":false,"template":"","format":"standard","meta":{"_monsterinsights_skip_tracking":false,"_monsterinsights_sitenote_active":false,"_monsterinsights_sitenote_note":"","_monsterinsights_sitenote_category":0,"jetpack_post_was_ever_published":false,"_jetpack_newsletter_access":"","_jetpack_dont_email_post_to_subs":false,"_jetpack_newsletter_tier_id":0,"_jetpack_memberships_contains_paywalled_content":false,"_jetpack_memberships_contains_paid_content":false,"footnotes":"","jetpack_publicize_message":"","jetpack_publicize_feature_enabled":true,"jetpack_social_post_already_shared":true,"jetpack_social_options":{"image_generator_settings":{"template":"highway","default_image_id":0,"font":"","enabled":false},"version":2},"_wpas_customize_per_network":false},"categories":[85],"tags":[],"class_list":["post-54690","post","type-post","status-publish","format-standard","has-post-thumbnail","hentry","category-policial","generate-columns","tablet-grid-50","mobile-grid-100","grid-parent","grid-50"],"jetpack_publicize_connections":[],"jetpack_featured_media_url":"https:\/\/www.hoymercedes.com.ar\/principal\/wp-content\/uploads\/2016\/09\/Carlos-Cancela.jpg","wps_subtitle":"Robo en Club Mercedes","jetpack_sharing_enabled":true,"_links":{"self":[{"href":"https:\/\/www.hoymercedes.com.ar\/principal\/wp-json\/wp\/v2\/posts\/54690","targetHints":{"allow":["GET"]}}],"collection":[{"href":"https:\/\/www.hoymercedes.com.ar\/principal\/wp-json\/wp\/v2\/posts"}],"about":[{"href":"https:\/\/www.hoymercedes.com.ar\/principal\/wp-json\/wp\/v2\/types\/post"}],"author":[{"embeddable":true,"href":"https:\/\/www.hoymercedes.com.ar\/principal\/wp-json\/wp\/v2\/users\/1"}],"replies":[{"embeddable":true,"href":"https:\/\/www.hoymercedes.com.ar\/principal\/wp-json\/wp\/v2\/comments?post=54690"}],"version-history":[{"count":0,"href":"https:\/\/www.hoymercedes.com.ar\/principal\/wp-json\/wp\/v2\/posts\/54690\/revisions"}],"wp:featuredmedia":[{"embeddable":true,"href":"https:\/\/www.hoymercedes.com.ar\/principal\/wp-json\/wp\/v2\/media\/54691"}],"wp:attachment":[{"href":"https:\/\/www.hoymercedes.com.ar\/principal\/wp-json\/wp\/v2\/media?parent=54690"}],"wp:term":[{"taxonomy":"category","embeddable":true,"href":"https:\/\/www.hoymercedes.com.ar\/principal\/wp-json\/wp\/v2\/categories?post=54690"},{"taxonomy":"post_tag","embeddable":true,"href":"https:\/\/www.hoymercedes.com.ar\/principal\/wp-json\/wp\/v2\/tags?post=54690"}],"curies":[{"name":"wp","href":"https:\/\/api.w.org\/{rel}","templated":true}]}}