{"id":54730,"date":"2016-09-17T12:00:40","date_gmt":"2016-09-17T15:00:40","guid":{"rendered":"http:\/\/www.hoymercedes.com.ar\/principal\/?p=54730"},"modified":"2016-09-16T21:56:33","modified_gmt":"2016-09-17T00:56:33","slug":"german-stopiello-cuando-sentis-que-te-roban-como-el-jueves-te-indignas","status":"publish","type":"post","link":"https:\/\/www.hoymercedes.com.ar\/principal\/2016\/09\/17\/german-stopiello-cuando-sentis-que-te-roban-como-el-jueves-te-indignas\/","title":{"rendered":"Germ\u00e1n Stopiello: \u00abCuando sentis que te roban como el jueves, te indign\u00e1s\u00bb"},"content":{"rendered":"<p><em><strong>Trocha venci\u00f3 este jueves a El Front\u00f3n 1 a 0 en cancha de la Liga Mercedina en un partido que tuvo dos importantes pol\u00e9micas y que ambas fueron en perjuicio de los de San Andr\u00e9s de Giles. En primer lugar, a diez minutos del final, el gol de la Carbonilla, donde Reyne patea al arco y la pelota es contenida por el arquero Roncoroni antes de que entre al arco y el asistente convalid\u00f3 el gol, ante la protesta visitante. Sobre el final, a los de Stopiello les anularon un gol por una dudosa posici\u00f3n adelantada.<\/strong><\/em><\/p>\n<p><img loading=\"lazy\" decoding=\"async\" data-attachment-id=\"54752\" data-permalink=\"https:\/\/www.hoymercedes.com.ar\/principal\/2016\/09\/17\/german-stopiello-cuando-sentis-que-te-roban-como-el-jueves-te-indignas\/german-stopiello-2\/#main\" data-orig-file=\"https:\/\/www.hoymercedes.com.ar\/principal\/wp-content\/uploads\/2016\/09\/German-Stopiello-2.jpg\" data-orig-size=\"650,650\" data-comments-opened=\"1\" data-image-meta=\"{&quot;aperture&quot;:&quot;0&quot;,&quot;credit&quot;:&quot;&quot;,&quot;camera&quot;:&quot;&quot;,&quot;caption&quot;:&quot;&quot;,&quot;created_timestamp&quot;:&quot;0&quot;,&quot;copyright&quot;:&quot;&quot;,&quot;focal_length&quot;:&quot;0&quot;,&quot;iso&quot;:&quot;0&quot;,&quot;shutter_speed&quot;:&quot;0&quot;,&quot;title&quot;:&quot;&quot;,&quot;orientation&quot;:&quot;1&quot;}\" data-image-title=\"german-stopiello-2\" data-image-description=\"\" data-image-caption=\"\" data-large-file=\"https:\/\/www.hoymercedes.com.ar\/principal\/wp-content\/uploads\/2016\/09\/German-Stopiello-2.jpg\" class=\"aligncenter size-medium wp-image-54752\" src=\"https:\/\/www.hoymercedes.com.ar\/principal\/wp-content\/uploads\/2016\/09\/German-Stopiello-2-620x620.jpg\" alt=\"german-stopiello-2\" width=\"620\" height=\"620\" srcset=\"https:\/\/www.hoymercedes.com.ar\/principal\/wp-content\/uploads\/2016\/09\/German-Stopiello-2-620x620.jpg 620w, https:\/\/www.hoymercedes.com.ar\/principal\/wp-content\/uploads\/2016\/09\/German-Stopiello-2-150x150.jpg 150w, https:\/\/www.hoymercedes.com.ar\/principal\/wp-content\/uploads\/2016\/09\/German-Stopiello-2.jpg 650w\" sizes=\"auto, (max-width: 620px) 100vw, 620px\" \/><\/p>\n<p>En di\u00e1logo con El Pulso, el entrenador de El Front\u00f3n, Germ\u00e1n Stopielo, sin pelos en la lengua, dej\u00f3 estas frases respecto al partido:<\/p>\n<p>\u2022 \u00abFue una pena lo que sucedi\u00f3 en el partido. Sabemos perder, ganar y empatar. Lo que uno pretende es que haya ecuanimidad. El arbitraje no fue malo, pero s\u00ed fueron decisivos los dos l\u00edneas y eso es llamativo, muy putales y en poco espacio de tiempo. El primer gol, me dice mi ayudante de campo que estaba en ese sector atendiendo a un jugador me dice que la pelota no entr\u00f3 y que ni siquiera estaba arriba de la l\u00ednea, pero el asistente, con la poca luz que hab\u00eda en la cancha, sali\u00f3 corriendo a convalidarlo. Y despu\u00e9s el empate de El Front\u00f3n, yo veo claramente que el jugador nuestro arranc\u00f3 de atr\u00e1s y es llamativo. Es la segunda vez que nos pasa con Trocha lo mismo. El arbitraje est\u00e1 muy sucio en todas las categor\u00edas y desmotiva que pase en la Liga, no dan ganas ni fuerzas de seguir compitiendo\u00bb.<\/p>\n<p>\u2022 \u00abMe animar\u00eda a apostar que mi jugador ni siquiera est\u00e1 en la misma l\u00ednea, arranca de atr\u00e1s, lo veo yo, me lo dice mi jugador. Encima ocurre despu\u00e9s de un gol recontra discutible que le convaliden a Trocha y me parece raro que ante una injusticia vivida no se haya compensado como s\u00e9 que ocurre en el f\u00fatbol inconscientemente . Me llama mucho la atenci\u00f3n la acci\u00f3n de los dos asistentes. No cargo ni con los jugadores ni el entrenador de Trocha, que son muy respetuosos, pero hay gente de Trocha siempre cerca de los \u00e1rbitros, en zona de vestuarios, y hablan antes del partido, en el entretiempo y son ex miembros del Tribunal de Disciplina y delegado y\/o t\u00e9cnico de la Reserva, que siempre est\u00e1n dando vueltas en la zona de vestuario. Siempre destaco de Trocha su profesionalismo, que son el mejor equipo de la Liga, siempre destaco lo que hacen dentro de la cancha. Pero estoy convencido de lo que digo porque lo vi, porque tengo amigos en las tribunas que me comentaron las dos situaciones y cada uno que me escribi\u00f3 hasta pidi\u00e9ndome disculpas por el arbitraje es coincidente con lo que yo digo. Hasta el periodismo coincide con lo que digo\u00bb.<\/p>\n<p>\u2022 \u00abNo hay tanta luz, o est\u00e1 complicado de visualizar&#8230; a vos te parece que el juez de l\u00ednea convalide un gol? Es imposible en esa jugada. La l\u00f3gica dice que ante la duda, no se involucre, con una jugada enredada y muchos jugadores alrededor. El arquero me jur\u00f3 que la pelota no entr\u00f3 y el utilero que estaba atr\u00e1s del arco lo mismo. Es una l\u00e1stima porque fue un partido parejo, disputado y el empate estaba bien. Los errores los acepto y son parte del juego y de la vida, pero cuando notas algo intencional, no lo acepto y no es error. Es la segunda vez que con Trocha me pasa, el a\u00f1o pasado cuando jugamos la final en Mercedes ocurri\u00f3 lo mismo. Realmente esto me hace pensar en la continuidad en la Liga, nosotros venimos de la Liga de San Antonio de Areco, de la cual nos cansamos y nos vinimos a esta, que es mucho m\u00e1s seria y tuvimos muy buen trato, pero hace un tiempo estamos disconformes con cosas que pasan en instancias claves y te pones a pensar si el tiempo que uno le dedica y que dedican los jugadores tiene sentido para que despu\u00e9s te pase esto\u00bb.<\/p>\n<p>\u2022 \u00abNosotros perdimos por penales con Quilmes y Trocha, con arbitrajes normales y no nos quejamos. Reconoc\u00ed las derrotas y por ejemplo en la del Apertura no se nos dio. Pero cuando sentis que te roban como el jueves, te indign\u00e1s. Yo me quedo preocupado porque no es la primera vez que sucede. Trocha tiene muchas intenciones para entrar al Federal y era un partido clave porque ahora nos sacaron seis puntos y creo que no va a perder puntos. Trocha nos pod\u00eda haber ganado tranquilamente sin ayuda arbitral, pero hay dos fallos en diez minutos en cada \u00e1rea en los que somos perjudicados\u00bb<\/p>\n<p>\u2022 \u00abEl empate estaba bien. Nosotros erramos un gol claro, ellos otro abajo del arco que tiraron por arriba del travesa\u00f1o. Creo que fue parejo. El primer tiempo fuimos mejores nosotros y ellos nos complicaron con el juego a\u00e9reo y el que hac\u00eda el gol ganaba\u00bb.<\/p>\n<p>&nbsp;<\/p>\n","protected":false},"excerpt":{"rendered":"<p>Trocha venci\u00f3 este jueves a El Front\u00f3n 1 a 0 en cancha de la Liga Mercedina en un partido que &#8230; <a title=\"Germ\u00e1n Stopiello: \u00abCuando sentis que te roban como el jueves, te indign\u00e1s\u00bb\" class=\"read-more\" href=\"https:\/\/www.hoymercedes.com.ar\/principal\/2016\/09\/17\/german-stopiello-cuando-sentis-que-te-roban-como-el-jueves-te-indignas\/\" aria-label=\"Leer m\u00e1s sobre Germ\u00e1n Stopiello: \u00abCuando sentis que te roban como el jueves, te indign\u00e1s\u00bb\">Leer m\u00e1s<\/a><\/p>\n","protected":false},"author":1,"featured_media":54752,"comment_status":"open","ping_status":"open","sticky":false,"template":"","format":"standard","meta":{"_monsterinsights_skip_tracking":false,"_monsterinsights_sitenote_active":false,"_monsterinsights_sitenote_note":"","_monsterinsights_sitenote_category":0,"jetpack_post_was_ever_published":false,"_jetpack_newsletter_access":"","_jetpack_dont_email_post_to_subs":false,"_jetpack_newsletter_tier_id":0,"_jetpack_memberships_contains_paywalled_content":false,"_jetpack_memberships_contains_paid_content":false,"footnotes":"","jetpack_publicize_message":"","jetpack_publicize_feature_enabled":true,"jetpack_social_post_already_shared":true,"jetpack_social_options":{"image_generator_settings":{"template":"highway","default_image_id":0,"font":"","enabled":false},"version":2},"_wpas_customize_per_network":false},"categories":[21],"tags":[],"class_list":["post-54730","post","type-post","status-publish","format-standard","has-post-thumbnail","hentry","category-deportes","generate-columns","tablet-grid-50","mobile-grid-100","grid-parent","grid-50"],"jetpack_publicize_connections":[],"jetpack_featured_media_url":"https:\/\/www.hoymercedes.com.ar\/principal\/wp-content\/uploads\/2016\/09\/German-Stopiello-2.jpg","wps_subtitle":"Tras las pol\u00e9micas entre Trocha y Front\u00f3n","jetpack_sharing_enabled":true,"_links":{"self":[{"href":"https:\/\/www.hoymercedes.com.ar\/principal\/wp-json\/wp\/v2\/posts\/54730","targetHints":{"allow":["GET"]}}],"collection":[{"href":"https:\/\/www.hoymercedes.com.ar\/principal\/wp-json\/wp\/v2\/posts"}],"about":[{"href":"https:\/\/www.hoymercedes.com.ar\/principal\/wp-json\/wp\/v2\/types\/post"}],"author":[{"embeddable":true,"href":"https:\/\/www.hoymercedes.com.ar\/principal\/wp-json\/wp\/v2\/users\/1"}],"replies":[{"embeddable":true,"href":"https:\/\/www.hoymercedes.com.ar\/principal\/wp-json\/wp\/v2\/comments?post=54730"}],"version-history":[{"count":0,"href":"https:\/\/www.hoymercedes.com.ar\/principal\/wp-json\/wp\/v2\/posts\/54730\/revisions"}],"wp:featuredmedia":[{"embeddable":true,"href":"https:\/\/www.hoymercedes.com.ar\/principal\/wp-json\/wp\/v2\/media\/54752"}],"wp:attachment":[{"href":"https:\/\/www.hoymercedes.com.ar\/principal\/wp-json\/wp\/v2\/media?parent=54730"}],"wp:term":[{"taxonomy":"category","embeddable":true,"href":"https:\/\/www.hoymercedes.com.ar\/principal\/wp-json\/wp\/v2\/categories?post=54730"},{"taxonomy":"post_tag","embeddable":true,"href":"https:\/\/www.hoymercedes.com.ar\/principal\/wp-json\/wp\/v2\/tags?post=54730"}],"curies":[{"name":"wp","href":"https:\/\/api.w.org\/{rel}","templated":true}]}}