{"id":5480,"date":"2011-07-10T01:22:10","date_gmt":"2011-07-10T01:22:10","guid":{"rendered":"http:\/\/www.hoymercedes.com.ar\/principal\/?p=5480"},"modified":"2011-07-10T01:22:10","modified_gmt":"2011-07-10T01:22:10","slug":"grupo-de-teatro-renacer-integrado-por-internos-de-la-unidad-5-nuevamente-en-el-teatro-j-c-gioscio","status":"publish","type":"post","link":"https:\/\/www.hoymercedes.com.ar\/principal\/2011\/07\/10\/grupo-de-teatro-renacer-integrado-por-internos-de-la-unidad-5-nuevamente-en-el-teatro-j-c-gioscio\/","title":{"rendered":"Grupo de  Teatro \u00abRenacer\u00bb  integrado por internos de la Unidad 5 nuevamente en el Teatro J.C. Gioscio"},"content":{"rendered":"<p>E l pr\u00f3ximo viernes 15 de Julio, a las 20.00 horas el Grupo de teatro \u201cRenacer\u201d de la Unidad penitenciaria N\u00ba 5 volver\u00e1 a presentar en el escenario del teatro municipal Julio Gioscio, Sala A, con una nueva obra \u201cLos chismes de las mujeres\u201d de Carlo Goldoni, dirigida y puesta en escena por la profesora Gabriela Lorusso.<\/p>\n<p>Esta es la primera funci\u00f3n de este a\u00f1o, de este grupo y el debut con la nueva profesora a cargo que, adem\u00e1s actuara con ellos. Esta vez interpretaran una comedia italiana en que los chismes sirven como instrumento de dominio y manipulaci\u00f3n social. Los personajes ser\u00e1n de \u00e9poca encontr\u00e1ndose caballeros, ricos, doncellas, sirvientes, mujeres astutas, que con sus enredos y malenticionadas conjeturas son capaces de arruinar a otros. El vestuario, que es muy importante, se ha confeccionado en el taller de costura de la Unidad.<\/p>\n<p>Esta pieza, perteneciente a la Comedia del Arte Italiana, donde el autor Goldoni, inicia una transformaci\u00f3n significativa en dicho g\u00e9nero teatral. Comienza a excluir la mascarada de la escena e introduce verdaderos caracteres copiados de la naturaleza humana. A la vulgaridad que hace re\u00edr a la plebe, \u00e9l la sustituye por bellas frases y delicadas argucias para placer de las personas bien educadas y fundamentalmente, anuda la f\u00e1bula seg\u00fan lo veros\u00edmil, urdiendo acontecimientos inesperados pero siempre siguiendo el orden natural de las cosas.<\/p>\n<p>El elenco estar\u00e1 conformado por Marcelo D\u00edaz, Hector Zelaya, Adriana Rodr\u00edguez, Sergio Cuello, Mat\u00edas Irusta, Rodrigo Mi\u00f1o, Miguel Urbino, Liliana Carabajal, Ver\u00f3nica Ibarra, Blanca Negro, Liliana G\u00f3mez, Jos\u00e9 Escalada y Gonzalo Castroman ser\u00e1n iluminador y sonidista. La direcci\u00f3n de la Obra, puesta en escena y tambi\u00e9n actuara la profesora Gabriela Lorusso.<\/p>\n<p>Una vez m\u00e1s los actores de este grupo, esperan ansiosos al publico de Mercedes, que siempre les da su apoyo, con la presencia, con los aplausos y la emotividad que se genera en la sala a partir de los logros de este grupo de personas que quieren mostrar otra historia de sus vidas.<\/p>\n","protected":false},"excerpt":{"rendered":"<p>E l pr\u00f3ximo viernes 15 de Julio, a las 20.00 horas el Grupo de teatro \u201cRenacer\u201d de la Unidad penitenciaria &#8230; <a title=\"Grupo de  Teatro \u00abRenacer\u00bb  integrado por internos de la Unidad 5 nuevamente en el Teatro J.C. Gioscio\" class=\"read-more\" href=\"https:\/\/www.hoymercedes.com.ar\/principal\/2011\/07\/10\/grupo-de-teatro-renacer-integrado-por-internos-de-la-unidad-5-nuevamente-en-el-teatro-j-c-gioscio\/\" aria-label=\"Leer m\u00e1s sobre Grupo de  Teatro \u00abRenacer\u00bb  integrado por internos de la Unidad 5 nuevamente en el Teatro J.C. Gioscio\">Leer m\u00e1s<\/a><\/p>\n","protected":false},"author":1,"featured_media":0,"comment_status":"open","ping_status":"open","sticky":false,"template":"","format":"standard","meta":{"_monsterinsights_skip_tracking":false,"_monsterinsights_sitenote_active":false,"_monsterinsights_sitenote_note":"","_monsterinsights_sitenote_category":0,"jetpack_post_was_ever_published":false,"_jetpack_newsletter_access":"","_jetpack_dont_email_post_to_subs":false,"_jetpack_newsletter_tier_id":0,"_jetpack_memberships_contains_paywalled_content":false,"_jetpack_memberships_contains_paid_content":false,"footnotes":"","jetpack_publicize_message":"","jetpack_publicize_feature_enabled":true,"jetpack_social_post_already_shared":false,"jetpack_social_options":{"image_generator_settings":{"template":"highway","default_image_id":0,"font":"","enabled":false},"version":2},"_wpas_customize_per_network":false},"categories":[8],"tags":[1009,1008,113],"class_list":["post-5480","post","type-post","status-publish","format-standard","hentry","category-sociedad","tag-julio-cesar-gioscio","tag-renacer","tag-unidad-5","generate-columns","tablet-grid-50","mobile-grid-100","grid-parent","grid-50"],"jetpack_publicize_connections":[],"jetpack_featured_media_url":"","wps_subtitle":"","jetpack_sharing_enabled":true,"_links":{"self":[{"href":"https:\/\/www.hoymercedes.com.ar\/principal\/wp-json\/wp\/v2\/posts\/5480","targetHints":{"allow":["GET"]}}],"collection":[{"href":"https:\/\/www.hoymercedes.com.ar\/principal\/wp-json\/wp\/v2\/posts"}],"about":[{"href":"https:\/\/www.hoymercedes.com.ar\/principal\/wp-json\/wp\/v2\/types\/post"}],"author":[{"embeddable":true,"href":"https:\/\/www.hoymercedes.com.ar\/principal\/wp-json\/wp\/v2\/users\/1"}],"replies":[{"embeddable":true,"href":"https:\/\/www.hoymercedes.com.ar\/principal\/wp-json\/wp\/v2\/comments?post=5480"}],"version-history":[{"count":0,"href":"https:\/\/www.hoymercedes.com.ar\/principal\/wp-json\/wp\/v2\/posts\/5480\/revisions"}],"wp:attachment":[{"href":"https:\/\/www.hoymercedes.com.ar\/principal\/wp-json\/wp\/v2\/media?parent=5480"}],"wp:term":[{"taxonomy":"category","embeddable":true,"href":"https:\/\/www.hoymercedes.com.ar\/principal\/wp-json\/wp\/v2\/categories?post=5480"},{"taxonomy":"post_tag","embeddable":true,"href":"https:\/\/www.hoymercedes.com.ar\/principal\/wp-json\/wp\/v2\/tags?post=5480"}],"curies":[{"name":"wp","href":"https:\/\/api.w.org\/{rel}","templated":true}]}}