{"id":5483,"date":"2011-07-10T01:26:45","date_gmt":"2011-07-10T01:26:45","guid":{"rendered":"http:\/\/www.hoymercedes.com.ar\/principal\/?p=5483"},"modified":"2011-07-10T01:26:45","modified_gmt":"2011-07-10T01:26:45","slug":"proyecto-carcel-en-mercedes-que-trasladara-la-actual-en-devoto","status":"publish","type":"post","link":"https:\/\/www.hoymercedes.com.ar\/principal\/2011\/07\/10\/proyecto-carcel-en-mercedes-que-trasladara-la-actual-en-devoto\/","title":{"rendered":"Proyecto c\u00e1rcel en Mercedes que trasladar\u00e1 la actual en Devoto"},"content":{"rendered":"<p>Se di\u00f3 a conocer a los medios de comunicaci\u00f3n y a trav\u00e9s de ellos a la comunidad del proyecto por el cual se efectuar\u00e1 la construcci\u00f3n de la nueva c\u00e1rcel en nuestra ciudad que trasladar\u00e1 la ubicada en Devoto a Mercedes.<\/p>\n<p>A continuaci\u00f3n la noticia tal como se di\u00f3 a conocer:<\/p>\n<p align=\"center\"><span style=\"font-family: Arial; font-size: medium;\"><strong><span style=\"text-decoration: underline;\">PROYECTO DE RESOLUCION<\/span><\/strong><\/span><\/p>\n<p align=\"justify\"><span style=\"font-family: Arial; font-size: small;\">FUNDAMENTOS:<\/span><\/p>\n<p align=\"justify\"><span style=\"font-family: Arial; font-size: small;\">\u00a0\u00a0\u00a0\u00a0\u00a0\u00a0\u00a0\u00a0\u00a0\u00a0\u00a0\u00a0\u00a0\u00a0\u00a0\u00a0\u00a0\u00a0\u00a0\u00a0\u00a0\u00a0\u00a0\u00a0\u00a0\u00a0\u00a0\u00a0\u00a0 D\u00edas pasados la Presidenta de la Rep\u00fablica, en una conferencia de prensa inform\u00f3 que pr\u00f3ximamente se cerrar\u00e1 la c\u00e1rcel de Villa Devoto, y que en su reemplazo se construir\u00e1 una Unidad Penitenciaria en el Pdo. de Mercedes, m\u00e1s exactamente en el predio de 213 Has., propiedad del Estado Nacional, ubicadas en la localidad de Agote, en nuestro Partido, que son y que en su momento fueron adquiridos con el proyecto de radicar all\u00ed el Mercado Nacional de Hacienda de Liniers. Y la apertura de ofertas de la licitaci\u00f3n se llevar\u00e1 a cabo el d\u00eda 04\/08\/2011 para la construcci\u00f3n del Penal de 19.000 mt2 aproximadamente.<\/span><\/p>\n<p align=\"justify\"><span style=\"font-family: Arial; font-size: small;\">\u00a0\u00a0\u00a0\u00a0\u00a0\u00a0\u00a0\u00a0\u00a0\u00a0\u00a0\u00a0\u00a0\u00a0\u00a0\u00a0\u00a0\u00a0\u00a0\u00a0\u00a0\u00a0\u00a0\u00a0\u00a0\u00a0\u00a0\u00a0\u00a0 Desde la \u00f3rbita Municipal, el Intendente ha hecho declaraciones, diciendo que va esperar a averiguar algo sobre el proyecto de la c\u00e1rcel, para despu\u00e9s llevar a cabo los an\u00e1lisis acerca de la realidad del nuevo establecimiento.<\/span><\/p>\n<p align=\"justify\"><span style=\"font-family: Arial; font-size: small;\">\u00a0\u00a0\u00a0\u00a0\u00a0\u00a0\u00a0\u00a0\u00a0\u00a0\u00a0\u00a0 \u00a0\u00a0\u00a0\u00a0\u00a0\u00a0\u00a0\u00a0\u00a0\u00a0\u00a0\u00a0\u00a0\u00a0\u00a0\u00a0 Adelantamos que no compartimos lo dicho por el Sr. Intendente, ya que se trata de un proyecto que, independientemente de la opini\u00f3n de los vecinos sobre la Unidad Penitenciaria a construir, de lo que no hay duda alguna es del impacto que producir\u00e1 primero en Gowland y Agote, y segundo en la ciudad de Mercedes, siendo, en consecuencia, urgente trabajar en esta materia.<\/span><\/p>\n<p align=\"justify\"><span style=\"font-family: Arial; font-size: small;\">\u00a0\u00a0\u00a0\u00a0\u00a0\u00a0\u00a0\u00a0\u00a0\u00a0\u00a0\u00a0\u00a0\u00a0\u00a0\u00a0\u00a0 \u00a0\u00a0\u00a0\u00a0\u00a0\u00a0\u00a0\u00a0\u00a0\u00a0\u00a0 Por ello, es imprescindible conocer:<\/span><\/p>\n<p align=\"justify\"><span style=\"font-family: Arial; font-size: small;\">&#8211;<strong>a)<\/strong>\u00a0Cu\u00e1ntas hect\u00e1reas son necesarias para el proyecto;<\/span><\/p>\n<p align=\"justify\"><span style=\"font-family: Arial; font-size: small;\">&#8211;<strong>b)<\/strong>\u00a0Qu\u00e9 sector del predio va a ocupar;<\/span><\/p>\n<p align=\"justify\"><span style=\"font-family: Arial; font-size: small;\">&#8211;<strong>c)<\/strong>\u00a0Qu\u00e9 modelo de Unidad Penitenciaria se construir\u00e1 (cerrada, abierta, modular, etc.);<\/span><\/p>\n<p align=\"justify\"><span style=\"font-family: Arial; font-size: small;\">&#8211;<strong>d)<\/strong>\u00a0Cu\u00e1ntos internos podr\u00e1 albergar;<\/span><\/p>\n<p align=\"justify\"><span style=\"font-family: Arial; font-size: small;\">&#8211;<strong>e)<\/strong>\u00a0Qu\u00e9 potencialidad laboral va a tener;<\/span><\/p>\n<p align=\"justify\"><span style=\"font-family: Arial; font-size: small;\">&#8211;<strong>f)<\/strong>\u00a0Con qu\u00e9 servicios va a contar el Penal (educativos, de salud, de formaci\u00f3n profesional, recreativos, sectores de espera para familiares y amigos, etc.);<\/span><\/p>\n<p align=\"justify\"><span style=\"font-family: Arial; font-size: small;\">&#8211;<strong>g)<\/strong>\u00a0Qu\u00e9 tipo de internos se van a alojar.<\/span><\/p>\n<p align=\"justify\"><span style=\"font-family: Arial; font-size: small;\">\u00a0\u00a0\u00a0\u00a0\u00a0\u00a0\u00a0\u00a0\u00a0\u00a0\u00a0\u00a0\u00a0\u00a0\u00a0\u00a0\u00a0\u00a0\u00a0\u00a0\u00a0\u00a0\u00a0\u00a0\u00a0\u00a0\u00a0\u00a0\u00a0 Estos ser\u00e1n algunos de los puntos a tener en cuenta, sin perjuicio de muchos m\u00e1s, que deber\u00e1n ser motivo de estudio y an\u00e1lisis profundo, ya que es obligaci\u00f3n del Gobierno Municipal que este emprendimiento sea estudiado detenidamente en su totalidad, para que el mismo aporte los mayores beneficios y reduzca al m\u00ednimo los efectos negativos.<\/span><\/p>\n<p align=\"justify\"><span style=\"font-family: Arial; font-size: small;\">\u00a0\u00a0\u00a0\u00a0\u00a0\u00a0\u00a0\u00a0\u00a0\u00a0\u00a0\u00a0\u00a0\u00a0\u00a0\u00a0\u00a0\u00a0\u00a0\u00a0\u00a0\u00a0\u00a0\u00a0\u00a0\u00a0\u00a0\u00a0\u00a0 Es muy importante contemplar lo que la experiencia indica respecto a todo lo que rodea al Servicio Penitenciario. En primer lugar, el impacto que producir\u00e1 en Gowland, ya que la familia de los empleados de la Unidad seguramente van a querer vivir, en gran medida, en esa localidad. Tambi\u00e9n es cierto, que es un hecho conocido c\u00f3mo los familiares que visitan a los internos, permanecen horas y d\u00edas cerca del penal, por lo que habr\u00e1 que saber si se tiene\u00a0 previsto habilitar sectores dentro del predio de 213 Has. para que ello no altere la vida normal del resto de la poblaci\u00f3n.<\/span><\/p>\n<p align=\"justify\"><span style=\"font-family: Arial; font-size: small;\">\u00a0\u00a0\u00a0\u00a0\u00a0\u00a0\u00a0\u00a0\u00a0\u00a0\u00a0\u00a0\u00a0\u00a0\u00a0\u00a0\u00a0\u00a0\u00a0\u00a0\u00a0\u00a0\u00a0\u00a0\u00a0\u00a0\u00a0\u00a0\u00a0 Otro punto fundamental a considerar, es lo que se va a hacer con el resto del predio, ya que es evidente que la unidad penitenciaria s\u00f3lo va a utilizar una parte del mismo y el resto puede estar destinado a nuevos emprendimientos, como por ejemplo, ser\u00eda un lugar para tener en cuenta en la futura radicaci\u00f3n de un nuevo Parque Industrial.<\/span><\/p>\n<p align=\"justify\"><span style=\"font-family: Arial; font-size: small;\">\u00a0\u00a0\u00a0\u00a0\u00a0\u00a0\u00a0\u00a0\u00a0\u00a0\u00a0\u00a0\u00a0\u00a0\u00a0\u00a0\u00a0\u00a0\u00a0\u00a0\u00a0\u00a0\u00a0\u00a0\u00a0\u00a0\u00a0\u00a0\u00a0 Por ello, proponemos:<\/span><\/p>\n<p align=\"justify\"><span style=\"font-family: Arial; font-size: small;\"><strong>-ARTICULO 1:<\/strong>\u00a0La creaci\u00f3n de una Comisi\u00f3n integrada por un Concejal de cada Bloque y dos representantes del D.E., a los fines de conocer e informar sobre:<\/span><\/p>\n<p align=\"justify\"><span style=\"font-family: Arial; font-size: small;\"><strong>-ART\u00cdCULO 2:<\/strong>\u00a0Alcances del proyecto, espacios, material humano, servicios, internos, accesos.<\/span><\/p>\n<p align=\"justify\"><span style=\"font-family: Arial; font-size: small;\"><strong>-ART\u00cdCULO 3:\u00a0<\/strong>Relaci\u00f3n de las localidades de Gowland y Agote con el nuevo emprendimiento. Impacto ambiental que el mismo puede producir conforme al proyecto ya dise\u00f1ado. C\u00f3mo reducir al m\u00ednimo los efectos negativos en las poblaciones vecinas.<\/span><\/p>\n<p align=\"justify\"><span style=\"font-family: Arial; font-size: small;\"><strong>-ART\u00cdCULO 4:<\/strong>\u00a0Relaci\u00f3n de la comunidad de Mercedes con el nuevo emprendimiento. Acceso, nuevas viviendas, mano de obra, curso de capacitaci\u00f3n, entre otros.<\/span><\/p>\n<p align=\"justify\"><span style=\"font-family: Arial; font-size: small;\"><strong>-ART\u00cdCULO 5:<\/strong>\u00a0Planificaci\u00f3n y regulaci\u00f3n del ordenamiento territorial de toda la zona, \u00e1reas rurales y circundantes para evitar consecuencias negativas para todo el vecindario, tanto urbano como rural, de Gowland y Agote.<\/span><\/p>\n<p align=\"justify\"><span style=\"font-family: Arial; font-size: small;\"><strong>-ART\u00cdCULO 6:<\/strong>\u00a0Estudiar y proyectar nuevos emprendimientos en el resto del predio que no sea afectado por la Unidad Penitenciaria.<\/span><\/p>\n<p align=\"justify\"><span style=\"font-family: Arial; font-size: small;\"><strong>-ARTICULO 7:<\/strong>\u00a0De forma.<\/span><\/p>\n","protected":false},"excerpt":{"rendered":"<p>Se di\u00f3 a conocer a los medios de comunicaci\u00f3n y a trav\u00e9s de ellos a la comunidad del proyecto por &#8230; <a title=\"Proyecto c\u00e1rcel en Mercedes que trasladar\u00e1 la actual en Devoto\" class=\"read-more\" href=\"https:\/\/www.hoymercedes.com.ar\/principal\/2011\/07\/10\/proyecto-carcel-en-mercedes-que-trasladara-la-actual-en-devoto\/\" aria-label=\"Leer m\u00e1s sobre Proyecto c\u00e1rcel en Mercedes que trasladar\u00e1 la actual en Devoto\">Leer m\u00e1s<\/a><\/p>\n","protected":false},"author":1,"featured_media":0,"comment_status":"open","ping_status":"open","sticky":false,"template":"","format":"standard","meta":{"_monsterinsights_skip_tracking":false,"_monsterinsights_sitenote_active":false,"_monsterinsights_sitenote_note":"","_monsterinsights_sitenote_category":0,"jetpack_post_was_ever_published":false,"_jetpack_newsletter_access":"","_jetpack_dont_email_post_to_subs":false,"_jetpack_newsletter_tier_id":0,"_jetpack_memberships_contains_paywalled_content":false,"_jetpack_memberships_contains_paid_content":false,"footnotes":"","jetpack_publicize_message":"","jetpack_publicize_feature_enabled":true,"jetpack_social_post_already_shared":false,"jetpack_social_options":{"image_generator_settings":{"template":"highway","default_image_id":0,"font":"","enabled":false},"version":2},"_wpas_customize_per_network":false},"categories":[8],"tags":[1011,1010,10],"class_list":["post-5483","post","type-post","status-publish","format-standard","hentry","category-sociedad","tag-carcel","tag-devoto","tag-mercedes","generate-columns","tablet-grid-50","mobile-grid-100","grid-parent","grid-50"],"jetpack_publicize_connections":[],"jetpack_featured_media_url":"","wps_subtitle":"","jetpack_sharing_enabled":true,"_links":{"self":[{"href":"https:\/\/www.hoymercedes.com.ar\/principal\/wp-json\/wp\/v2\/posts\/5483","targetHints":{"allow":["GET"]}}],"collection":[{"href":"https:\/\/www.hoymercedes.com.ar\/principal\/wp-json\/wp\/v2\/posts"}],"about":[{"href":"https:\/\/www.hoymercedes.com.ar\/principal\/wp-json\/wp\/v2\/types\/post"}],"author":[{"embeddable":true,"href":"https:\/\/www.hoymercedes.com.ar\/principal\/wp-json\/wp\/v2\/users\/1"}],"replies":[{"embeddable":true,"href":"https:\/\/www.hoymercedes.com.ar\/principal\/wp-json\/wp\/v2\/comments?post=5483"}],"version-history":[{"count":0,"href":"https:\/\/www.hoymercedes.com.ar\/principal\/wp-json\/wp\/v2\/posts\/5483\/revisions"}],"wp:attachment":[{"href":"https:\/\/www.hoymercedes.com.ar\/principal\/wp-json\/wp\/v2\/media?parent=5483"}],"wp:term":[{"taxonomy":"category","embeddable":true,"href":"https:\/\/www.hoymercedes.com.ar\/principal\/wp-json\/wp\/v2\/categories?post=5483"},{"taxonomy":"post_tag","embeddable":true,"href":"https:\/\/www.hoymercedes.com.ar\/principal\/wp-json\/wp\/v2\/tags?post=5483"}],"curies":[{"name":"wp","href":"https:\/\/api.w.org\/{rel}","templated":true}]}}