{"id":54830,"date":"2016-09-19T20:45:11","date_gmt":"2016-09-19T23:45:11","guid":{"rendered":"http:\/\/www.hoymercedes.com.ar\/principal\/?p=54830"},"modified":"2016-09-19T20:40:39","modified_gmt":"2016-09-19T23:40:39","slug":"palometas-campeon-con-la-2006-en-areco","status":"publish","type":"post","link":"https:\/\/www.hoymercedes.com.ar\/principal\/2016\/09\/19\/palometas-campeon-con-la-2006-en-areco\/","title":{"rendered":"Palometas, campe\u00f3n con la 2006 en Areco"},"content":{"rendered":"<p>Palometas se adjudic\u00f3 su primer t\u00edtulo en inferiores este fin de semana cuando en la ciudad de Carmen de Areco jug\u00f3 un torneo amistoso con diferentes clubes. El primer partido que jug\u00f3 fue ante Compa\u00f1\u00eda General de Salto y despu\u00e9s venci\u00f3 a Defensores de esa localidad. Con estos dos triunfos, lleg\u00f3 a la final.<\/p>\n<p>Por el otro lado, Sportsman y Villa Sanguinetti de Arrecifes definieron entre s\u00ed y el local pas\u00f3 para jugar ante los mercedinos, que vencieron 1 a 0 y se quedaron con el torneo.<\/p>\n<p><img loading=\"lazy\" decoding=\"async\" data-attachment-id=\"54831\" data-permalink=\"https:\/\/www.hoymercedes.com.ar\/principal\/2016\/09\/19\/palometas-campeon-con-la-2006-en-areco\/palometas-2006\/#main\" data-orig-file=\"https:\/\/www.hoymercedes.com.ar\/principal\/wp-content\/uploads\/2016\/09\/Palometas-2006.jpg\" data-orig-size=\"960,539\" data-comments-opened=\"1\" data-image-meta=\"{&quot;aperture&quot;:&quot;0&quot;,&quot;credit&quot;:&quot;&quot;,&quot;camera&quot;:&quot;&quot;,&quot;caption&quot;:&quot;&quot;,&quot;created_timestamp&quot;:&quot;0&quot;,&quot;copyright&quot;:&quot;&quot;,&quot;focal_length&quot;:&quot;0&quot;,&quot;iso&quot;:&quot;0&quot;,&quot;shutter_speed&quot;:&quot;0&quot;,&quot;title&quot;:&quot;&quot;,&quot;orientation&quot;:&quot;0&quot;}\" data-image-title=\"palometas-2006\" data-image-description=\"\" data-image-caption=\"\" data-large-file=\"https:\/\/www.hoymercedes.com.ar\/principal\/wp-content\/uploads\/2016\/09\/Palometas-2006.jpg\" class=\"aligncenter size-medium wp-image-54831\" src=\"https:\/\/www.hoymercedes.com.ar\/principal\/wp-content\/uploads\/2016\/09\/Palometas-2006-630x354.jpg\" alt=\"palometas-2006\" width=\"630\" height=\"354\" srcset=\"https:\/\/www.hoymercedes.com.ar\/principal\/wp-content\/uploads\/2016\/09\/Palometas-2006-630x354.jpg 630w, https:\/\/www.hoymercedes.com.ar\/principal\/wp-content\/uploads\/2016\/09\/Palometas-2006-150x84.jpg 150w, https:\/\/www.hoymercedes.com.ar\/principal\/wp-content\/uploads\/2016\/09\/Palometas-2006.jpg 960w\" sizes=\"auto, (max-width: 630px) 100vw, 630px\" \/><\/p>\n<p>El trabajo que viene haciendo esta instituci\u00f3n crece a\u00f1o a a\u00f1o y este fue el primer mimo que obtuvo en cuanto a resultados. Sin embargo, en poco tiempo pas\u00f3 de tener unas pocas categor\u00edas a cubrir todas y de alquilar cancha a tener la propia, incluso este a\u00f1o ya construyendo vestuarios para los chicos.<\/p>\n<p>El plantel campe\u00f3n estuvo integrado por:\u00a0Andr\u00e9s Cortesi, Santiago Garbarino, Tob\u00edas Lescano, Ignacio Uviz, Nicol\u00e1s Guti\u00e9rrez, Tom\u00e1s Olivieri, Agust\u00edn Contardi, Franco Vecino, Tadeo Zorrilla, Ignacio Kuchta, Lucas Storelli, Joaqu\u00edn Tassara y Nazareno Rapp. DT: Alberto Zorrilla y Ezequiel De Rosas.<\/p>\n","protected":false},"excerpt":{"rendered":"<p>Palometas se adjudic\u00f3 su primer t\u00edtulo en inferiores este fin de semana cuando en la ciudad de Carmen de Areco &#8230; <a title=\"Palometas, campe\u00f3n con la 2006 en Areco\" class=\"read-more\" href=\"https:\/\/www.hoymercedes.com.ar\/principal\/2016\/09\/19\/palometas-campeon-con-la-2006-en-areco\/\" aria-label=\"Leer m\u00e1s sobre Palometas, campe\u00f3n con la 2006 en Areco\">Leer m\u00e1s<\/a><\/p>\n","protected":false},"author":1,"featured_media":54831,"comment_status":"open","ping_status":"open","sticky":false,"template":"","format":"standard","meta":{"_monsterinsights_skip_tracking":false,"_monsterinsights_sitenote_active":false,"_monsterinsights_sitenote_note":"","_monsterinsights_sitenote_category":0,"jetpack_post_was_ever_published":false,"_jetpack_newsletter_access":"","_jetpack_dont_email_post_to_subs":false,"_jetpack_newsletter_tier_id":0,"_jetpack_memberships_contains_paywalled_content":false,"_jetpack_memberships_contains_paid_content":false,"footnotes":"","jetpack_publicize_message":"","jetpack_publicize_feature_enabled":true,"jetpack_social_post_already_shared":true,"jetpack_social_options":{"image_generator_settings":{"template":"highway","default_image_id":0,"font":"","enabled":false},"version":2},"_wpas_customize_per_network":false},"categories":[21],"tags":[],"class_list":["post-54830","post","type-post","status-publish","format-standard","has-post-thumbnail","hentry","category-deportes","generate-columns","tablet-grid-50","mobile-grid-100","grid-parent","grid-50"],"jetpack_publicize_connections":[],"jetpack_featured_media_url":"https:\/\/www.hoymercedes.com.ar\/principal\/wp-content\/uploads\/2016\/09\/Palometas-2006.jpg","wps_subtitle":"El primero en inferiores","jetpack_sharing_enabled":true,"_links":{"self":[{"href":"https:\/\/www.hoymercedes.com.ar\/principal\/wp-json\/wp\/v2\/posts\/54830","targetHints":{"allow":["GET"]}}],"collection":[{"href":"https:\/\/www.hoymercedes.com.ar\/principal\/wp-json\/wp\/v2\/posts"}],"about":[{"href":"https:\/\/www.hoymercedes.com.ar\/principal\/wp-json\/wp\/v2\/types\/post"}],"author":[{"embeddable":true,"href":"https:\/\/www.hoymercedes.com.ar\/principal\/wp-json\/wp\/v2\/users\/1"}],"replies":[{"embeddable":true,"href":"https:\/\/www.hoymercedes.com.ar\/principal\/wp-json\/wp\/v2\/comments?post=54830"}],"version-history":[{"count":0,"href":"https:\/\/www.hoymercedes.com.ar\/principal\/wp-json\/wp\/v2\/posts\/54830\/revisions"}],"wp:featuredmedia":[{"embeddable":true,"href":"https:\/\/www.hoymercedes.com.ar\/principal\/wp-json\/wp\/v2\/media\/54831"}],"wp:attachment":[{"href":"https:\/\/www.hoymercedes.com.ar\/principal\/wp-json\/wp\/v2\/media?parent=54830"}],"wp:term":[{"taxonomy":"category","embeddable":true,"href":"https:\/\/www.hoymercedes.com.ar\/principal\/wp-json\/wp\/v2\/categories?post=54830"},{"taxonomy":"post_tag","embeddable":true,"href":"https:\/\/www.hoymercedes.com.ar\/principal\/wp-json\/wp\/v2\/tags?post=54830"}],"curies":[{"name":"wp","href":"https:\/\/api.w.org\/{rel}","templated":true}]}}