{"id":5490,"date":"2011-07-10T01:37:05","date_gmt":"2011-07-10T01:37:05","guid":{"rendered":"http:\/\/www.hoymercedes.com.ar\/principal\/?p=5490"},"modified":"2011-07-10T01:37:05","modified_gmt":"2011-07-10T01:37:05","slug":"proyecto-sur-da-a-conocer-propuesta-sobre-ferrocarriles","status":"publish","type":"post","link":"https:\/\/www.hoymercedes.com.ar\/principal\/2011\/07\/10\/proyecto-sur-da-a-conocer-propuesta-sobre-ferrocarriles\/","title":{"rendered":"Proyecto Sur da a conocer propuesta sobre ferrocarriles"},"content":{"rendered":"<p>El jueves pr\u00f3ximo pasado se realiz\u00f3 en la vecina localidad de Lujan una charla\/debate a cargo del especialista en medios de transporte Jorge de Mendouca.<\/p>\n<p>La raz\u00f3n de la convocatoria fue discutir el plan estrat\u00e9gico ferroviario para la Provincia de Buenos Aires. A dicho evento concurrimos un grupo de militantes del Movimiento Proyecto Sur Mercedes que junto a un gran n\u00famero de presentes compartimos los conceptos vertidos por el compa\u00f1ero.<\/p>\n<p>Reflexionando sobre la coyuntura actual declar\u00f3 que \u201cconsiderando la imperiosa necesidad de restaurar el transporte publico f\u00e9rreo, a fin de brindar una servicio r\u00e1pido, ecol\u00f3gico y econ\u00f3mico; siendo una verdadera alternativa al transporte automotor y, en pos de la ampliaci\u00f3n de nuestros derechos universales, este plan apunta a la intercomunicaci\u00f3n entre centros urbanos, periurbanos y rurales\u201d.<\/p>\n<p>Uno de los puntos mas relevantes de la charla se remiti\u00f3 a la extender la electrificaci\u00f3n del ramal Once- Moreno, llegando hasta Lujan.<\/p>\n<p>Otra propuesta que tuvo buena recepci\u00f3n entre los concurrentes fue la reformulaci\u00f3n f\u00e9rrea del corredor hacia el Oeste; con una frecuencia aproximada de dos horas entre Mercedes y Bragado.<\/p>\n<p>M\u00e1s adelante se\u00f1al\u00f3 que \u201cen la actualidad, la empresa concesionaria so pretexto de incorporar servicios VIP, minimiza la frecuencia del servicio Once- Mercedes pudiendo triplicar la oferta. As\u00ed mismo, el Estado beneficia a la empresa al otorgarles magn\u00edficos subsidios en detrimento de la calidad del servicio\u201d.<\/p>\n<p>Por \u00faltimo, el experto comprometi\u00f3 su visita a Mercedes en los pr\u00f3ximos d\u00edas para profundizar el proyecto.<\/p>\n","protected":false},"excerpt":{"rendered":"<p>El jueves pr\u00f3ximo pasado se realiz\u00f3 en la vecina localidad de Lujan una charla\/debate a cargo del especialista en medios &#8230; <a title=\"Proyecto Sur da a conocer propuesta sobre ferrocarriles\" class=\"read-more\" href=\"https:\/\/www.hoymercedes.com.ar\/principal\/2011\/07\/10\/proyecto-sur-da-a-conocer-propuesta-sobre-ferrocarriles\/\" aria-label=\"Leer m\u00e1s sobre Proyecto Sur da a conocer propuesta sobre ferrocarriles\">Leer m\u00e1s<\/a><\/p>\n","protected":false},"author":1,"featured_media":0,"comment_status":"open","ping_status":"open","sticky":false,"template":"","format":"standard","meta":{"_monsterinsights_skip_tracking":false,"_monsterinsights_sitenote_active":false,"_monsterinsights_sitenote_note":"","_monsterinsights_sitenote_category":0,"jetpack_post_was_ever_published":false,"_jetpack_newsletter_access":"","_jetpack_dont_email_post_to_subs":false,"_jetpack_newsletter_tier_id":0,"_jetpack_memberships_contains_paywalled_content":false,"_jetpack_memberships_contains_paid_content":false,"footnotes":"","jetpack_publicize_message":"","jetpack_publicize_feature_enabled":true,"jetpack_social_post_already_shared":false,"jetpack_social_options":{"image_generator_settings":{"template":"highway","default_image_id":0,"font":"","enabled":false},"version":2},"_wpas_customize_per_network":false},"categories":[5],"tags":[109],"class_list":["post-5490","post","type-post","status-publish","format-standard","hentry","category-politica","tag-proyecto-sur-mercedes","generate-columns","tablet-grid-50","mobile-grid-100","grid-parent","grid-50"],"jetpack_publicize_connections":[],"jetpack_featured_media_url":"","wps_subtitle":"","jetpack_sharing_enabled":true,"_links":{"self":[{"href":"https:\/\/www.hoymercedes.com.ar\/principal\/wp-json\/wp\/v2\/posts\/5490","targetHints":{"allow":["GET"]}}],"collection":[{"href":"https:\/\/www.hoymercedes.com.ar\/principal\/wp-json\/wp\/v2\/posts"}],"about":[{"href":"https:\/\/www.hoymercedes.com.ar\/principal\/wp-json\/wp\/v2\/types\/post"}],"author":[{"embeddable":true,"href":"https:\/\/www.hoymercedes.com.ar\/principal\/wp-json\/wp\/v2\/users\/1"}],"replies":[{"embeddable":true,"href":"https:\/\/www.hoymercedes.com.ar\/principal\/wp-json\/wp\/v2\/comments?post=5490"}],"version-history":[{"count":0,"href":"https:\/\/www.hoymercedes.com.ar\/principal\/wp-json\/wp\/v2\/posts\/5490\/revisions"}],"wp:attachment":[{"href":"https:\/\/www.hoymercedes.com.ar\/principal\/wp-json\/wp\/v2\/media?parent=5490"}],"wp:term":[{"taxonomy":"category","embeddable":true,"href":"https:\/\/www.hoymercedes.com.ar\/principal\/wp-json\/wp\/v2\/categories?post=5490"},{"taxonomy":"post_tag","embeddable":true,"href":"https:\/\/www.hoymercedes.com.ar\/principal\/wp-json\/wp\/v2\/tags?post=5490"}],"curies":[{"name":"wp","href":"https:\/\/api.w.org\/{rel}","templated":true}]}}