{"id":54907,"date":"2016-09-20T20:52:20","date_gmt":"2016-09-20T23:52:20","guid":{"rendered":"http:\/\/www.hoymercedes.com.ar\/principal\/?p=54907"},"modified":"2016-09-21T10:04:51","modified_gmt":"2016-09-21T13:04:51","slug":"carlos-selva-fue-parte-de-la-recepcion-al-embajador-de-indonesia","status":"publish","type":"post","link":"https:\/\/www.hoymercedes.com.ar\/principal\/2016\/09\/20\/carlos-selva-fue-parte-de-la-recepcion-al-embajador-de-indonesia\/","title":{"rendered":"Carlos Selva fue parte de la recepci\u00f3n al Embajador de Indonesia"},"content":{"rendered":"<p>El Diputado Nacional Carlos Selva fue parte de los representantes legislativos que recibieron al Embajador de Indonesia en el sal\u00f3n de las provincias de la Honorable C\u00e1mara de Diputados de la Naci\u00f3n en la ma\u00f1ana del d\u00eda martes.<\/p>\n<p><img loading=\"lazy\" decoding=\"async\" data-attachment-id=\"54908\" data-permalink=\"https:\/\/www.hoymercedes.com.ar\/principal\/2016\/09\/20\/carlos-selva-fue-parte-de-la-recepcion-al-embajador-de-indonesia\/20-selva-indonesia-2\/#main\" data-orig-file=\"https:\/\/www.hoymercedes.com.ar\/principal\/wp-content\/uploads\/2016\/09\/20-selva-indonesia-2.jpg\" data-orig-size=\"448,298\" data-comments-opened=\"1\" data-image-meta=\"{&quot;aperture&quot;:&quot;0&quot;,&quot;credit&quot;:&quot;&quot;,&quot;camera&quot;:&quot;&quot;,&quot;caption&quot;:&quot;&quot;,&quot;created_timestamp&quot;:&quot;0&quot;,&quot;copyright&quot;:&quot;&quot;,&quot;focal_length&quot;:&quot;0&quot;,&quot;iso&quot;:&quot;0&quot;,&quot;shutter_speed&quot;:&quot;0&quot;,&quot;title&quot;:&quot;&quot;,&quot;orientation&quot;:&quot;0&quot;}\" data-image-title=\"20-selva-indonesia-2\" data-image-description=\"\" data-image-caption=\"\" data-large-file=\"https:\/\/www.hoymercedes.com.ar\/principal\/wp-content\/uploads\/2016\/09\/20-selva-indonesia-2.jpg\" class=\"aligncenter size-full wp-image-54908\" src=\"https:\/\/www.hoymercedes.com.ar\/principal\/wp-content\/uploads\/2016\/09\/20-selva-indonesia-2.jpg\" alt=\"20-selva-indonesia-2\" width=\"448\" height=\"298\" srcset=\"https:\/\/www.hoymercedes.com.ar\/principal\/wp-content\/uploads\/2016\/09\/20-selva-indonesia-2.jpg 448w, https:\/\/www.hoymercedes.com.ar\/principal\/wp-content\/uploads\/2016\/09\/20-selva-indonesia-2-150x100.jpg 150w, https:\/\/www.hoymercedes.com.ar\/principal\/wp-content\/uploads\/2016\/09\/20-selva-indonesia-2-300x200.jpg 300w\" sizes=\"auto, (max-width: 448px) 100vw, 448px\" \/><\/p>\n<p>Miembros del Partido Nacional de Mandato de Indonesia visitaron la C\u00e1mara de Diputados de la Naci\u00f3n.\u00a0Fueron recibidos por la Vice Presidenta Segunda, Patricia Gim\u00e9nez y los diputados nacionales \u00c1lvaro Gonz\u00e1lez, Horacio Alonso, Cornelia Schmidt Liermann y Carlos Selva. Tambi\u00e9n estuvo presente el Min. Marcelo Salviolo, titular de la Dir. de Asia y Ocean\u00eda en Canciller\u00eda.<\/p>\n<p>Durante el encuentro se profundiz\u00f3 en temas de cooperaci\u00f3n internacional parlamentaria, sobre todo en deporte y turismo.<\/p>\n<p><img loading=\"lazy\" decoding=\"async\" data-attachment-id=\"54916\" data-permalink=\"https:\/\/www.hoymercedes.com.ar\/principal\/2016\/09\/20\/carlos-selva-fue-parte-de-la-recepcion-al-embajador-de-indonesia\/20-selva-indonesia\/#main\" data-orig-file=\"https:\/\/www.hoymercedes.com.ar\/principal\/wp-content\/uploads\/2016\/09\/20-selva-indonesia.jpg\" data-orig-size=\"448,298\" data-comments-opened=\"1\" data-image-meta=\"{&quot;aperture&quot;:&quot;0&quot;,&quot;credit&quot;:&quot;&quot;,&quot;camera&quot;:&quot;&quot;,&quot;caption&quot;:&quot;&quot;,&quot;created_timestamp&quot;:&quot;0&quot;,&quot;copyright&quot;:&quot;&quot;,&quot;focal_length&quot;:&quot;0&quot;,&quot;iso&quot;:&quot;0&quot;,&quot;shutter_speed&quot;:&quot;0&quot;,&quot;title&quot;:&quot;&quot;,&quot;orientation&quot;:&quot;0&quot;}\" data-image-title=\"20-selva-indonesia\" data-image-description=\"\" data-image-caption=\"\" data-large-file=\"https:\/\/www.hoymercedes.com.ar\/principal\/wp-content\/uploads\/2016\/09\/20-selva-indonesia.jpg\" class=\"aligncenter size-full wp-image-54916\" src=\"https:\/\/www.hoymercedes.com.ar\/principal\/wp-content\/uploads\/2016\/09\/20-selva-indonesia.jpg\" alt=\"20-selva-indonesia\" width=\"448\" height=\"298\" srcset=\"https:\/\/www.hoymercedes.com.ar\/principal\/wp-content\/uploads\/2016\/09\/20-selva-indonesia.jpg 448w, https:\/\/www.hoymercedes.com.ar\/principal\/wp-content\/uploads\/2016\/09\/20-selva-indonesia-150x100.jpg 150w, https:\/\/www.hoymercedes.com.ar\/principal\/wp-content\/uploads\/2016\/09\/20-selva-indonesia-300x200.jpg 300w\" sizes=\"auto, (max-width: 448px) 100vw, 448px\" \/><\/p>\n<p>\u201cFui parte de una reuni\u00f3n en el cual vinieron acompa\u00f1ados por el embajador de ese pa\u00eds en la Argentina, Johnny Sinaga, lo que ratifica el inter\u00e9s de Indonesia por afianzar v\u00ednculos con Argentina y por supuesto con los legisladores que formamos parte de la Comisi\u00f3n de Amistad con Indonesia, donde el inter\u00e9s est\u00e1 puesto por la delegaci\u00f3n en aumentar v\u00ednculos comerciales, deportivos, tur\u00edsticos y culturales\u201d, destac\u00f3 el legislador nacional de origen mercedino.<\/p>\n","protected":false},"excerpt":{"rendered":"<p>El Diputado Nacional Carlos Selva fue parte de los representantes legislativos que recibieron al Embajador de Indonesia en el sal\u00f3n &#8230; <a title=\"Carlos Selva fue parte de la recepci\u00f3n al Embajador de Indonesia\" class=\"read-more\" href=\"https:\/\/www.hoymercedes.com.ar\/principal\/2016\/09\/20\/carlos-selva-fue-parte-de-la-recepcion-al-embajador-de-indonesia\/\" aria-label=\"Leer m\u00e1s sobre Carlos Selva fue parte de la recepci\u00f3n al Embajador de Indonesia\">Leer m\u00e1s<\/a><\/p>\n","protected":false},"author":1,"featured_media":54908,"comment_status":"open","ping_status":"open","sticky":false,"template":"","format":"standard","meta":{"_monsterinsights_skip_tracking":false,"_monsterinsights_sitenote_active":false,"_monsterinsights_sitenote_note":"","_monsterinsights_sitenote_category":0,"jetpack_post_was_ever_published":false,"_jetpack_newsletter_access":"","_jetpack_dont_email_post_to_subs":false,"_jetpack_newsletter_tier_id":0,"_jetpack_memberships_contains_paywalled_content":false,"_jetpack_memberships_contains_paid_content":false,"footnotes":"","jetpack_publicize_message":"","jetpack_publicize_feature_enabled":true,"jetpack_social_post_already_shared":true,"jetpack_social_options":{"image_generator_settings":{"template":"highway","default_image_id":0,"font":"","enabled":false},"version":2},"_wpas_customize_per_network":false},"categories":[5210],"tags":[39,10019],"class_list":["post-54907","post","type-post","status-publish","format-standard","has-post-thumbnail","hentry","category-politica-nacional","tag-carlos-selva","tag-diputados-nacionales","generate-columns","tablet-grid-50","mobile-grid-100","grid-parent","grid-50"],"jetpack_publicize_connections":[],"jetpack_featured_media_url":"https:\/\/www.hoymercedes.com.ar\/principal\/wp-content\/uploads\/2016\/09\/20-selva-indonesia-2.jpg","wps_subtitle":"C\u00e1mara de Diputados Nacionales","jetpack_sharing_enabled":true,"_links":{"self":[{"href":"https:\/\/www.hoymercedes.com.ar\/principal\/wp-json\/wp\/v2\/posts\/54907","targetHints":{"allow":["GET"]}}],"collection":[{"href":"https:\/\/www.hoymercedes.com.ar\/principal\/wp-json\/wp\/v2\/posts"}],"about":[{"href":"https:\/\/www.hoymercedes.com.ar\/principal\/wp-json\/wp\/v2\/types\/post"}],"author":[{"embeddable":true,"href":"https:\/\/www.hoymercedes.com.ar\/principal\/wp-json\/wp\/v2\/users\/1"}],"replies":[{"embeddable":true,"href":"https:\/\/www.hoymercedes.com.ar\/principal\/wp-json\/wp\/v2\/comments?post=54907"}],"version-history":[{"count":0,"href":"https:\/\/www.hoymercedes.com.ar\/principal\/wp-json\/wp\/v2\/posts\/54907\/revisions"}],"wp:featuredmedia":[{"embeddable":true,"href":"https:\/\/www.hoymercedes.com.ar\/principal\/wp-json\/wp\/v2\/media\/54908"}],"wp:attachment":[{"href":"https:\/\/www.hoymercedes.com.ar\/principal\/wp-json\/wp\/v2\/media?parent=54907"}],"wp:term":[{"taxonomy":"category","embeddable":true,"href":"https:\/\/www.hoymercedes.com.ar\/principal\/wp-json\/wp\/v2\/categories?post=54907"},{"taxonomy":"post_tag","embeddable":true,"href":"https:\/\/www.hoymercedes.com.ar\/principal\/wp-json\/wp\/v2\/tags?post=54907"}],"curies":[{"name":"wp","href":"https:\/\/api.w.org\/{rel}","templated":true}]}}