{"id":5499,"date":"2011-07-10T16:39:06","date_gmt":"2011-07-10T16:39:06","guid":{"rendered":"http:\/\/www.hoymercedes.com.ar\/principal\/?p=5499"},"modified":"2011-07-10T16:39:06","modified_gmt":"2011-07-10T16:39:06","slug":"mariotto-%e2%80%9cla-realidad-de-los-mercedinos-va-a-cambiar-con-juani-como-intendente%e2%80%9d","status":"publish","type":"post","link":"https:\/\/www.hoymercedes.com.ar\/principal\/2011\/07\/10\/mariotto-%e2%80%9cla-realidad-de-los-mercedinos-va-a-cambiar-con-juani-como-intendente%e2%80%9d\/","title":{"rendered":"Mariotto: \u201cLa realidad de los mercedinos va a cambiar con Juani como intendente\u201d"},"content":{"rendered":"<p>As\u00ed lo expres\u00f3 Gabriel Mariotto en el lanzamiento de campa\u00f1a de Juan Ustarroz. El candidato a Vicegobernador de Buenos Aires estuvo en el Club Comunicaciones junto a muchos referentes del kirchnerismo de nivel nacional y provincia, apoyando a Juani como intendente, ante 2500 personas.<\/p>\n<p>En un acto a la altura de las circunstancias, Juan Ustarroz lanz\u00f3 su candidatura como Intendente y present\u00f3 su lista de Concejales y Consejeros Escolares, de cara a las elecciones del 14 de agosto. Fue en el Club Comunicaciones, gimnasio en el que Ustarroz realiz\u00f3 la mayor\u00eda de sus actos pol\u00edticos, y ante 2500 personas, distribuidas entre el propio gimnasio, el sector de la cantina y la calle, ya que muchos que se sumaron tarde no tuvieron posibilidad de entrar debido a que se colmaron todas las instalaciones del Club.<\/p>\n<p><a href=\"https:\/\/www.hoymercedes.com.ar\/principal\/wp-content\/uploads\/2011\/07\/ustarrozlanzamientoI.jpg\"><img loading=\"lazy\" decoding=\"async\" data-attachment-id=\"5501\" data-permalink=\"https:\/\/www.hoymercedes.com.ar\/principal\/2011\/07\/10\/mariotto-%e2%80%9cla-realidad-de-los-mercedinos-va-a-cambiar-con-juani-como-intendente%e2%80%9d\/ustarrozlanzamientoi\/#main\" data-orig-file=\"https:\/\/www.hoymercedes.com.ar\/principal\/wp-content\/uploads\/2011\/07\/ustarrozlanzamientoI.jpg\" data-orig-size=\"600,399\" data-comments-opened=\"1\" data-image-meta=\"{&quot;aperture&quot;:&quot;4&quot;,&quot;credit&quot;:&quot;Moreira Mario&quot;,&quot;camera&quot;:&quot;NIKON D300&quot;,&quot;caption&quot;:&quot;&quot;,&quot;created_timestamp&quot;:&quot;1310161351&quot;,&quot;copyright&quot;:&quot;Moreira Mario&quot;,&quot;focal_length&quot;:&quot;18&quot;,&quot;iso&quot;:&quot;1250&quot;,&quot;shutter_speed&quot;:&quot;0.01&quot;,&quot;title&quot;:&quot;&quot;}\" data-image-title=\"ustarrozlanzamientoI\" data-image-description=\"\" data-image-caption=\"\" data-large-file=\"https:\/\/www.hoymercedes.com.ar\/principal\/wp-content\/uploads\/2011\/07\/ustarrozlanzamientoI.jpg\" class=\"aligncenter size-full wp-image-5501\" title=\"ustarrozlanzamientoI\" src=\"https:\/\/www.hoymercedes.com.ar\/principal\/wp-content\/uploads\/2011\/07\/ustarrozlanzamientoI.jpg\" alt=\"\" width=\"600\" height=\"399\" \/><\/a><\/p>\n<p>La previa del acto estuvo a cargo del grupo de cumbia El Corte y a continuaci\u00f3n, se realiz\u00f3 el hecho principal. Con la conducci\u00f3n de Fernando Luna y Mariano Anido, se comenzaron a presentar a los candidatos que acompa\u00f1ar\u00e1n a partir de diciembre a Juan Ustarroz.<\/p>\n<p>Los primeros en subir, desde el \u00faltimo de la lista hacia el primero, en ese orden, fueron los Concejeros Escolares suplentes Sergio Carini, Silvina Blanco y Daniel Guevara. A continuaci\u00f3n, los tres que figuran como titulares, Gustavo Belzunces, Graciela Alvis y Patricio Aschero. Luego, fue el turno de los Concejales suplentes Gladys Yedro, Eduardo Cerulli, Gustavo Morales, Marcela Bianco, Jorge Camargo y C\u00e9sar Sanmart\u00edn. Por \u00faltimo, se le dio paso a los que ir\u00e1n como candidatos a Concejales titulares: Paulina Talavera, Eduardo R\u00e9vora, Carlos Camargo, Marianella Arenillas, Juan Mart\u00edn Andr\u00e9s, Roberto Cirillo, Celeste Burone, Pablo Perazzo y Juan Pablo L\u00f3pez.<\/p>\n<p>\u201cHemos armado una lista heterog\u00e9nea, representativa de nuestra ciudad, donde tenemos referentes de los barrios que luchan d\u00eda a d\u00eda por los pibes para que no les falte comida y que les importa su barrio, no su casa, tenemos gente que viene dando batallas en el Concejo, tenemos m\u00e9dicos, empresarios. Tenemos un gran equipo\u201d, resalt\u00f3 Juan Ignacio Ustarroz, candidato a Intendente de la ciudad.<\/p>\n<p>La mesa principal estuvo conformada por Jos\u00e9 Ottavis, l\u00edder de la JP bonaerense y 2\u00ba candidato a Diputado por la provincia de Buenos Aires, Andr\u00e9s Larroque, secretario general de La C\u00e1mpora y candidato a Diputado Nacional, Diego Bossio, titular de la ANSeS, Juan Manuel Abal Medina, secretario de Medios de la Naci\u00f3n, Alberto \u201cCucho\u201d Espa\u00f1a, candidato a Diputado por la provincia de Buenos Aires, Eduardo \u201cWado\u201d De Pedro, vicepresidente de Aerol\u00edneas Argentinas y candidato a Diputado Nacional, Gabriel Mariotto, titular de la Autoridad Federal de Servicios de Comunicaci\u00f3n Audiovisual y candidato a Vicegobernador de la provincia de Buenos Aires y Juan Ustarroz, Jefe de ANSeS y candidato a Intendente.<\/p>\n<p><a href=\"https:\/\/www.hoymercedes.com.ar\/principal\/wp-content\/uploads\/2011\/07\/ustarrozlanzamientoII.jpg\"><img loading=\"lazy\" decoding=\"async\" data-attachment-id=\"5502\" data-permalink=\"https:\/\/www.hoymercedes.com.ar\/principal\/2011\/07\/10\/mariotto-%e2%80%9cla-realidad-de-los-mercedinos-va-a-cambiar-con-juani-como-intendente%e2%80%9d\/ustarrozlanzamientoii\/#main\" data-orig-file=\"https:\/\/www.hoymercedes.com.ar\/principal\/wp-content\/uploads\/2011\/07\/ustarrozlanzamientoII.jpg\" data-orig-size=\"600,399\" data-comments-opened=\"1\" data-image-meta=\"{&quot;aperture&quot;:&quot;5&quot;,&quot;credit&quot;:&quot;Moreira Mario&quot;,&quot;camera&quot;:&quot;NIKON D300&quot;,&quot;caption&quot;:&quot;&quot;,&quot;created_timestamp&quot;:&quot;1310162612&quot;,&quot;copyright&quot;:&quot;Moreira Mario&quot;,&quot;focal_length&quot;:&quot;22&quot;,&quot;iso&quot;:&quot;1600&quot;,&quot;shutter_speed&quot;:&quot;0.0125&quot;,&quot;title&quot;:&quot;&quot;}\" data-image-title=\"ustarrozlanzamientoII\" data-image-description=\"\" data-image-caption=\"\" data-large-file=\"https:\/\/www.hoymercedes.com.ar\/principal\/wp-content\/uploads\/2011\/07\/ustarrozlanzamientoII.jpg\" class=\"aligncenter size-full wp-image-5502\" title=\"ustarrozlanzamientoII\" src=\"https:\/\/www.hoymercedes.com.ar\/principal\/wp-content\/uploads\/2011\/07\/ustarrozlanzamientoII.jpg\" alt=\"\" width=\"600\" height=\"399\" srcset=\"https:\/\/www.hoymercedes.com.ar\/principal\/wp-content\/uploads\/2011\/07\/ustarrozlanzamientoII.jpg 600w, https:\/\/www.hoymercedes.com.ar\/principal\/wp-content\/uploads\/2011\/07\/ustarrozlanzamientoII-300x199.jpg 300w\" sizes=\"auto, (max-width: 600px) 100vw, 600px\" \/><\/a><\/p>\n<p>&nbsp;<\/p>\n<p>Amado Boudou, ministro de Econom\u00eda y candidato a Vicegobernador tambi\u00e9n se iba a hacer presente en el Comunicaciones, pero no pudo ser as\u00ed porque, tras un llamado de la Presidenta por temas de gesti\u00f3n, debi\u00f3 quedarse en Buenos Aires, seg\u00fan relat\u00f3 Juan Manuel Abal Medina y agreg\u00f3 que \u201cAmado me pidi\u00f3 que no dejara de traerles su apoyo, su cari\u00f1o y su fuerza para dar vuelta esta ciudad\u201d. Abal Medina fue el primero en hablar y destac\u00f3 la \u201cprofundizaci\u00f3n del modelo\u00bb por parte de la presidenta Cristina Fern\u00e1ndez de Kirchner, que demostr\u00f3 que las \u00abutop\u00edas son posibles\u00bb.<\/p>\n<p>Tambi\u00e9n remarc\u00f3 las figuras de N\u00e9stor y Cristina y agreg\u00f3 \u201cporque nos llamaban violentos y los violentos eran ellos, los que ten\u00edan el poder concentrado, el establishment\u201d. Por otra parte, dijo que \u201cdec\u00edan que este gobierno no resistir\u00eda cinco tapas de un diario y ac\u00e1 estamos compa\u00f1eros. Hacemos pol\u00edtica por convicci\u00f3n, por nuestros ideales, cada d\u00eda con m\u00e1s fuerza\u201d, manifest\u00f3 y agreg\u00f3 que \u201ctuvimos dirigentes excepcionales que dijeron que la pol\u00edtica es para transformar la realidad, como N\u00e9stor Kirchner y hoy en Europa, en Islandia, Espa\u00f1a y Grecia dicen que hay que seguir el modelo argentino\u201d.<\/p>\n<p>Fueron muchos los que estuvieron en el acto y la candidatura de Juan Ustarroz. La Intendente de Luj\u00e1n, Graciela Rosso, dijo presente, junto a varios gerentes de oficinas de la UDAI ANSeS. Tambi\u00e9n estuvieron gerentes de nivel central de ANSeS y el subdirector de Administraci\u00f3n de ANSeS, Germ\u00e1n Cervantes junto a Rodrigo Ruete, secretario General de ANSeS. Andr\u00e9s Lablunda, Asesor de la ministro de Desarrollo Social Alicia Kirchner.<\/p>\n<p><a href=\"https:\/\/www.hoymercedes.com.ar\/principal\/wp-content\/uploads\/2011\/07\/ustarrozlanzamientoIII.jpg\"><img loading=\"lazy\" decoding=\"async\" data-attachment-id=\"5503\" data-permalink=\"https:\/\/www.hoymercedes.com.ar\/principal\/2011\/07\/10\/mariotto-%e2%80%9cla-realidad-de-los-mercedinos-va-a-cambiar-con-juani-como-intendente%e2%80%9d\/ustarrozlanzamientoiii\/#main\" data-orig-file=\"https:\/\/www.hoymercedes.com.ar\/principal\/wp-content\/uploads\/2011\/07\/ustarrozlanzamientoIII.jpg\" data-orig-size=\"600,399\" data-comments-opened=\"1\" data-image-meta=\"{&quot;aperture&quot;:&quot;3.5&quot;,&quot;credit&quot;:&quot;Moreira Mario&quot;,&quot;camera&quot;:&quot;NIKON D300&quot;,&quot;caption&quot;:&quot;&quot;,&quot;created_timestamp&quot;:&quot;1310158023&quot;,&quot;copyright&quot;:&quot;Moreira Mario&quot;,&quot;focal_length&quot;:&quot;18&quot;,&quot;iso&quot;:&quot;2000&quot;,&quot;shutter_speed&quot;:&quot;0.016666666666667&quot;,&quot;title&quot;:&quot;&quot;}\" data-image-title=\"ustarrozlanzamientoIII\" data-image-description=\"\" data-image-caption=\"\" data-large-file=\"https:\/\/www.hoymercedes.com.ar\/principal\/wp-content\/uploads\/2011\/07\/ustarrozlanzamientoIII.jpg\" class=\"aligncenter size-full wp-image-5503\" title=\"ustarrozlanzamientoIII\" src=\"https:\/\/www.hoymercedes.com.ar\/principal\/wp-content\/uploads\/2011\/07\/ustarrozlanzamientoIII.jpg\" alt=\"\" width=\"600\" height=\"399\" srcset=\"https:\/\/www.hoymercedes.com.ar\/principal\/wp-content\/uploads\/2011\/07\/ustarrozlanzamientoIII.jpg 600w, https:\/\/www.hoymercedes.com.ar\/principal\/wp-content\/uploads\/2011\/07\/ustarrozlanzamientoIII-300x199.jpg 300w\" sizes=\"auto, (max-width: 600px) 100vw, 600px\" \/><\/a><\/p>\n<p>&nbsp;<\/p>\n<p>El segundo en hablar fue el mercedino que ser\u00e1 Diputado Nacional por el Frente Para la Victoria, Eduardo \u201cWado\u201d De Pedro quien record\u00f3 la tarde del 19 de diciembre de 2010, cuando se lanz\u00f3 el Frente Mercedino Para la Victoria, tambi\u00e9n en el Comunicaciones y tuvo alrededor de 500 personas y \u201choy puedo ver ac\u00e1 ese n\u00famero cuadriplicado. Si en s\u00f3lo 7 meses logramos esto y se gener\u00f3 esta m\u00edstica, nos tenemos que preguntar qu\u00e9 pas\u00f3 en Mercedes y en Argentina\u201d, dijo el candidato a Diputado Nacional y otorg\u00f3 la causa \u201ca los j\u00f3venes que d\u00eda a d\u00eda estuvieron discutiendo un proyecto de ciudad casa por casa, barrio por barrio, hablando con los vecinos\u201d, el otro factor fue para \u201cWado\u201d un orgullo personal: que el candidato sea Juani Ustarroz, porque \u201cnunca par\u00f3 de caminar Mercedes y convenci\u00f3 a cada uno de nosotros, adem\u00e1s, gestion\u00f3 la ANSeS con Bossio y reparti\u00f3 2500 computadoras y convers\u00f3 con 2500 padres, pate\u00f3 la calle, fue a los clubes, las pe\u00f1as, los bares y, adem\u00e1s, Juani est\u00e1 pose\u00eddo por ese N\u00e9stor que gan\u00f3 la intendencia de R\u00edo Gallegos y el pose\u00eddo va a ser intendente\u201d.<\/p>\n<p>El tercer factor que mencion\u00f3 De Pedro es, a su criterio, la transformaci\u00f3n cultural. \u201cN\u00e9stor siempre dijo una frase que es que \u00b4hay que enfrentar el desaf\u00edo del cambio, por comprensi\u00f3n hist\u00f3rica, por mandato popular, por decisi\u00f3n pol\u00edtica, lleg\u00f3 la hora de nuestra transformaci\u00f3n cultural\u00b4 y esto no es una moda, es el cambio, porque estamos siendo mejores que antes\u201d, dijo un efusivo \u201cWado\u201d, quien remarc\u00f3 el lugar que Cristina Kirchner le da la juventud y que la oposici\u00f3n \u201cse va a tener que comer mi discurso lento\u201d, mostrando sus ganas que tiene por mejorar el pa\u00eds desde su lugar como Diputado.<\/p>\n<p>Otros que se hicieron presentes en el acto fueron Francisco \u201cPaco\u201d Dura\u00f1ona, candidato a Intendente por San Antonio de Areco, Santiago Arag\u00f3n, Candidato a Diputado Nacional por el Frente Para la Victoria y Santiago Carrera, Candidato a Senador Provincial por el FPV. Tambi\u00e9n adhirieron la Juventud Kirchner\u00edsta de General Rodr\u00edguez y Laura Braiza, directora Nacional de Juventud.<\/p>\n<p>El tercero en hablar fue Gabriel Mariotto, candidato a Vicegobernador de Daniel Scioli en la provincia de Buenos Aires, quien habl\u00f3 de la m\u00edstica que se ve a trav\u00e9s de la multitud y que \u201cfortalece el alma y la convicci\u00f3n y te mete de lleno en la profundidad del peronismo, que nos hace pensar en un pa\u00eds mejor, con inclusi\u00f3n social y con equidad y los pueblos que logran esos se convierten en invensibles\u201d, remarc\u00f3.<\/p>\n<p>\u201cCuando hay esta alegr\u00eda, esta participaci\u00f3n y esta devoci\u00f3n, el triunfo es inexorable y la realidad de los mercedinos va a cambiar definitivamente, va a ser m\u00e1s fel\u00edz, m\u00e1s alegre y N\u00e9stor y Cristina estar\u00e1n reconfortados con esta calidez\u201d, dijo Mariotto, y agreg\u00f3 que \u201ccompa\u00f1eros tan j\u00f3venes como Juani se comprometen en cambiar la ciudad, con convicci\u00f3n y participaci\u00f3n, apoyado por la Presidenta, que no se conforma con todo lo que hizo y que ofrece ser el puente para la juventud, que demostr\u00f3 estar a la altura de la circunstancia, como Wado, como Mariano Recalde\u201d.<\/p>\n<p>\u00abEl 9 de julio de 2016, cuando se cumplan 200 a\u00f1os de la soberan\u00eda argentina, vamos a tener por fin la patria unida. Como quer\u00eda Per\u00f3n, como quer\u00eda Evita, como quer\u00eda N\u00e9stor, como quiere Cristina. Por los j\u00f3venes de hoy y los j\u00f3venes de todas las \u00e9pocas no nos vamos a detener\u201d, concluy\u00f3 y dio paso a Juani Ustarroz, que \u201cnos va a dar el discurso del triunfo\u201d.<\/p>\n<p>Por su parte, Juani, en una encendida alocuci\u00f3n, se mostr\u00f3 feliz por la cantidad de gente que se hizo presente y record\u00f3, como lo hizo \u201cWado\u201d, el lanzamiento del Frente Mercedino Para la Victoria y remarc\u00f3 la \u201cesperanza que se ha generado en la ciudad\u201d.<\/p>\n<p>\u201cAc\u00e1 est\u00e1 el proyecto del kirchnerismo, que es un proyecto colectivo, que convoc\u00f3 a todas las personas para trabajar y transformar la ciudad. Hoy salimos a la cancha con todo para triunfar el 14 de agosto y luego para vencer en octubre\u201d, dijo Ustarroz ante la algarab\u00eda de la gente y el grito de \u201cSe siente, Juani Intendente\u201d, mientras que el candidato dijo que no contesta las cr\u00edticas porque a los agravios se los responde \u201ccon compromiso, con militancia, con proyectos y con propuestas de un trabajo que promete equidad y justicia y porque tenemos mejores cosas que hacer que salir a discutir\u201d.<\/p>\n<p>Entre las propuestas de campa\u00f1a, Ustarroz dijo que el proyecto de ciudad ser\u00e1 articulado con el gobierno nacional y provincial, pero \u201cdesde una visi\u00f3n propia de Mercedes, por eso salimos casa por casa con encuestas para saber qu\u00e9 es lo que desea el vecino para poder lograr la transformaci\u00f3n. Tenemos un proyecto que tiene como eje central el trabajo, porque Mercedes tiene un \u00edndice muy alto de desocupaci\u00f3n y es por eso que queremos industrializar la ciudad\u201d, dijo Juani y agreg\u00f3 que \u201cestamos avanzando en crear un Parque Industrial para traer m\u00e1s f\u00e1bricas a la ciudad, estamos pensando en un Hospital con un Materno Infantil donde los chicos nazcan en Mercedes, queremos dar un servicio de salud de calidad a todos los ciudadanos\u201d, remarc\u00f3 Ustarroz.<\/p>\n<p>\u201cHoy, en la Colonia Capit\u00e1n Sarmiento, el Frente Mercedino est\u00e1 proyectando un polo tecnol\u00f3gico y cient\u00edfico, donde se desarrolle biotecnolog\u00eda. Eso va a ser un orgullo para la ciudad y los j\u00f3venes podr\u00e1n quedarse en la ciudad\u201d, coment\u00f3 Ustarroz y agreg\u00f3 que \u201cno se ha hecho un plan federal de vivienda y nosotros queremos hacer un plan de acceso a la vivienda masivo. Nos comprometemos a desarrollar infraestructura, para que el taxi y la ambulancia entren a los barrios cuando llueva y los chicos puedan ir a la escuela. Estamos trabajando de sol a sol y no tenemos tiempo de salir a contestar agravios porque estamos trabajando por la ciudad, atendiendo a la gente, escuchando sus necesidades, porque hay que dar respuesta, por eso hay que trabajar\u201d.<\/p>\n<p>Finalmente, Ustarroz dijo que \u201cesta es una oportunidad \u00fanica para la ciudad y no la vamos a dejar pasar\u201d.<\/p>\n<p><span style=\"color: #888888;\">Fuente: FMpV<\/span><\/p>\n<p>&nbsp;<\/p>\n","protected":false},"excerpt":{"rendered":"<p>As\u00ed lo expres\u00f3 Gabriel Mariotto en el lanzamiento de campa\u00f1a de Juan Ustarroz. El candidato a Vicegobernador de Buenos Aires &#8230; <a title=\"Mariotto: \u201cLa realidad de los mercedinos va a cambiar con Juani como intendente\u201d\" class=\"read-more\" href=\"https:\/\/www.hoymercedes.com.ar\/principal\/2011\/07\/10\/mariotto-%e2%80%9cla-realidad-de-los-mercedinos-va-a-cambiar-con-juani-como-intendente%e2%80%9d\/\" aria-label=\"Leer m\u00e1s sobre Mariotto: \u201cLa realidad de los mercedinos va a cambiar con Juani como intendente\u201d\">Leer m\u00e1s<\/a><\/p>\n","protected":false},"author":1,"featured_media":0,"comment_status":"open","ping_status":"open","sticky":false,"template":"","format":"standard","meta":{"_monsterinsights_skip_tracking":false,"_monsterinsights_sitenote_active":false,"_monsterinsights_sitenote_note":"","_monsterinsights_sitenote_category":0,"jetpack_post_was_ever_published":false,"_jetpack_newsletter_access":"","_jetpack_dont_email_post_to_subs":false,"_jetpack_newsletter_tier_id":0,"_jetpack_memberships_contains_paywalled_content":false,"_jetpack_memberships_contains_paid_content":false,"footnotes":"","jetpack_publicize_message":"","jetpack_publicize_feature_enabled":true,"jetpack_social_post_already_shared":false,"jetpack_social_options":{"image_generator_settings":{"template":"highway","default_image_id":0,"font":"","enabled":false},"version":2},"_wpas_customize_per_network":false},"categories":[5],"tags":[1015,379,749,424],"class_list":["post-5499","post","type-post","status-publish","format-standard","hentry","category-politica","tag-abal-medina","tag-frente-mercedino-para-la-victoria","tag-mariotto","tag-ustarroz","generate-columns","tablet-grid-50","mobile-grid-100","grid-parent","grid-50"],"jetpack_publicize_connections":[],"jetpack_featured_media_url":"","wps_subtitle":"","jetpack_sharing_enabled":true,"_links":{"self":[{"href":"https:\/\/www.hoymercedes.com.ar\/principal\/wp-json\/wp\/v2\/posts\/5499","targetHints":{"allow":["GET"]}}],"collection":[{"href":"https:\/\/www.hoymercedes.com.ar\/principal\/wp-json\/wp\/v2\/posts"}],"about":[{"href":"https:\/\/www.hoymercedes.com.ar\/principal\/wp-json\/wp\/v2\/types\/post"}],"author":[{"embeddable":true,"href":"https:\/\/www.hoymercedes.com.ar\/principal\/wp-json\/wp\/v2\/users\/1"}],"replies":[{"embeddable":true,"href":"https:\/\/www.hoymercedes.com.ar\/principal\/wp-json\/wp\/v2\/comments?post=5499"}],"version-history":[{"count":0,"href":"https:\/\/www.hoymercedes.com.ar\/principal\/wp-json\/wp\/v2\/posts\/5499\/revisions"}],"wp:attachment":[{"href":"https:\/\/www.hoymercedes.com.ar\/principal\/wp-json\/wp\/v2\/media?parent=5499"}],"wp:term":[{"taxonomy":"category","embeddable":true,"href":"https:\/\/www.hoymercedes.com.ar\/principal\/wp-json\/wp\/v2\/categories?post=5499"},{"taxonomy":"post_tag","embeddable":true,"href":"https:\/\/www.hoymercedes.com.ar\/principal\/wp-json\/wp\/v2\/tags?post=5499"}],"curies":[{"name":"wp","href":"https:\/\/api.w.org\/{rel}","templated":true}]}}