{"id":54997,"date":"2016-09-22T14:35:09","date_gmt":"2016-09-22T17:35:09","guid":{"rendered":"http:\/\/www.hoymercedes.com.ar\/principal\/?p=54997"},"modified":"2016-09-22T14:35:09","modified_gmt":"2016-09-22T17:35:09","slug":"ustarroz-la-presencia-de-los-padres-fue-fundamental-para-este-saldo-positivo","status":"publish","type":"post","link":"https:\/\/www.hoymercedes.com.ar\/principal\/2016\/09\/22\/ustarroz-la-presencia-de-los-padres-fue-fundamental-para-este-saldo-positivo\/","title":{"rendered":"Ustarroz: \u00abLa presencia de los padres fue fundamental para este saldo positivo\u00bb"},"content":{"rendered":"<p>Tras una jornada intensa con los diferentes festejos que se plantearon en D\u00eda de la Primavera y del Estudiante, en donde padres y funcionarios afirman y relatan un d\u00eda y una noche m\u00e1s que tranquila, el Intendente Juan Ignacio Ustarroz envi\u00f3 una comunicaci\u00f3n a todos los medios hablando sobre el tema:<\/p>\n<p>\u201cTuvimos un 21 de septiembre muy particular, porque ve\u00edamos por televisi\u00f3n todo lo ocurrido en Moreno, lo que pas\u00f3 en la vecina ciudad de <a href=\"http:\/\/www.lujanenlinea.com.ar\/otra-pelea-en-la-calle-termino-con-un-joven-muerto-y-dos-heridos\/\" target=\"_blank\" rel=\"noopener\">Lujan <\/a>donde <a href=\"http:\/\/www.elcivismo.com.ar\/notas\/25659\/tres-apu-alados-en-la-plazoleta-antigua-estacion-basilica.html\" target=\"_blank\" rel=\"noopener\">falleci\u00f3 un joven<\/a> en una pelea y est\u00e1bamos desde hace tiempo ocupados en esto. Por lo cual en Mercedes tenemos un saldo realmente positivo.\u00a0Gran parte del esfuerzo, las energ\u00edas tienen que ver con evitar los enfrentamientos, las peleas, para no llegar a hechos que tengamos que lamentar, como ha pasado otros a\u00f1os en la ciudad, y lo que hicimos fundamentalmente fue apelar a los padres, a la responsabilidad de los padres, as\u00ed hemos podido ver ayer mucha participaci\u00f3n de los mismos, acompa\u00f1ando a sus hijos\u00bb.<\/p>\n<p>\u00abHoy no tenemos que lamentar ning\u00fan hecho tr\u00e1gico en este marco, no hubo desmanes. En ese sentido, la evaluaci\u00f3n es muy positiva. Tambi\u00e9n hicimos mucho con los j\u00f3venes. Finalmente los chicos tomaron dimensi\u00f3n de las cosas que plante\u00e1bamos, y si se encontraba alguna diferencia con alguien deb\u00edan tomar una actitud colaborativa y disuasiva, para evitar los enfrentamientos\u201d.<\/p>\n<p>\u201cCon respecto a la caravana, donde transitan por calles c\u00e9ntricas de la ciudad, tuvieron menos tiempo para sus pasadas, aunque sabemos que hay varias cuestiones a mejorar. Pero el balance es realmente muy positivo. Por eso debemos agradecer mucho a los padres, a las instituciones educativas, por que han colaborado, y han participado de cada reuni\u00f3n a las que se les ha convocado. Se ha armado un grupo de j\u00f3venes de diferentes escuelas que han tomado la responsabilidad de reparar da\u00f1os cuando se pintan los edificios de los establecimientos escolares, ya que lamentablemente esto a\u00fan sucede. Pero hay j\u00f3venes que tienen ganas de trabajar en hacer las cosas bien, colaborando, como lo est\u00e1n haciendo estos chicos\u201d.<\/p>\n<p>Asimismo, el Jefe Comunal agradeci\u00f3 a las \u00e1reas que trabajaron activamente antes y durante la jornada del 21 de septiembre. Pol\u00edticas Juveniles,\u00a0Protecci\u00f3n Civil, Polic\u00eda Comunal, Polic\u00eda Local y la Secretaria\u00a0de Control Urbano.<\/p>\n<p>&nbsp;<\/p>\n","protected":false},"excerpt":{"rendered":"<p>Tras una jornada intensa con los diferentes festejos que se plantearon en D\u00eda de la Primavera y del Estudiante, en &#8230; <a title=\"Ustarroz: \u00abLa presencia de los padres fue fundamental para este saldo positivo\u00bb\" class=\"read-more\" href=\"https:\/\/www.hoymercedes.com.ar\/principal\/2016\/09\/22\/ustarroz-la-presencia-de-los-padres-fue-fundamental-para-este-saldo-positivo\/\" aria-label=\"Leer m\u00e1s sobre Ustarroz: \u00abLa presencia de los padres fue fundamental para este saldo positivo\u00bb\">Leer m\u00e1s<\/a><\/p>\n","protected":false},"author":1,"featured_media":54089,"comment_status":"open","ping_status":"open","sticky":false,"template":"","format":"standard","meta":{"_monsterinsights_skip_tracking":false,"_monsterinsights_sitenote_active":false,"_monsterinsights_sitenote_note":"","_monsterinsights_sitenote_category":0,"jetpack_post_was_ever_published":false,"_jetpack_newsletter_access":"","_jetpack_dont_email_post_to_subs":false,"_jetpack_newsletter_tier_id":0,"_jetpack_memberships_contains_paywalled_content":false,"_jetpack_memberships_contains_paid_content":false,"footnotes":"","jetpack_publicize_message":"","jetpack_publicize_feature_enabled":true,"jetpack_social_post_already_shared":true,"jetpack_social_options":{"image_generator_settings":{"template":"highway","default_image_id":0,"font":"","enabled":false},"version":2},"_wpas_customize_per_network":false},"categories":[30],"tags":[10032,244,10031],"class_list":["post-54997","post","type-post","status-publish","format-standard","has-post-thumbnail","hentry","category-municipio","tag-declaracion","tag-municipio-2","tag-primavera","generate-columns","tablet-grid-50","mobile-grid-100","grid-parent","grid-50"],"jetpack_publicize_connections":[],"jetpack_featured_media_url":"https:\/\/www.hoymercedes.com.ar\/principal\/wp-content\/uploads\/2016\/08\/31-juani-ustarroz.jpg","wps_subtitle":"Post Primavera","jetpack_sharing_enabled":true,"_links":{"self":[{"href":"https:\/\/www.hoymercedes.com.ar\/principal\/wp-json\/wp\/v2\/posts\/54997","targetHints":{"allow":["GET"]}}],"collection":[{"href":"https:\/\/www.hoymercedes.com.ar\/principal\/wp-json\/wp\/v2\/posts"}],"about":[{"href":"https:\/\/www.hoymercedes.com.ar\/principal\/wp-json\/wp\/v2\/types\/post"}],"author":[{"embeddable":true,"href":"https:\/\/www.hoymercedes.com.ar\/principal\/wp-json\/wp\/v2\/users\/1"}],"replies":[{"embeddable":true,"href":"https:\/\/www.hoymercedes.com.ar\/principal\/wp-json\/wp\/v2\/comments?post=54997"}],"version-history":[{"count":0,"href":"https:\/\/www.hoymercedes.com.ar\/principal\/wp-json\/wp\/v2\/posts\/54997\/revisions"}],"wp:featuredmedia":[{"embeddable":true,"href":"https:\/\/www.hoymercedes.com.ar\/principal\/wp-json\/wp\/v2\/media\/54089"}],"wp:attachment":[{"href":"https:\/\/www.hoymercedes.com.ar\/principal\/wp-json\/wp\/v2\/media?parent=54997"}],"wp:term":[{"taxonomy":"category","embeddable":true,"href":"https:\/\/www.hoymercedes.com.ar\/principal\/wp-json\/wp\/v2\/categories?post=54997"},{"taxonomy":"post_tag","embeddable":true,"href":"https:\/\/www.hoymercedes.com.ar\/principal\/wp-json\/wp\/v2\/tags?post=54997"}],"curies":[{"name":"wp","href":"https:\/\/api.w.org\/{rel}","templated":true}]}}