{"id":55,"date":"2010-11-01T02:32:32","date_gmt":"2010-11-01T02:32:32","guid":{"rendered":"http:\/\/www.hoymercedes.com.ar\/principal\/?p=55"},"modified":"2010-11-01T02:32:32","modified_gmt":"2010-11-01T02:32:32","slug":"merplac-mas-cartas-documentos-a-concejales","status":"publish","type":"post","link":"https:\/\/www.hoymercedes.com.ar\/principal\/2010\/11\/01\/merplac-mas-cartas-documentos-a-concejales\/","title":{"rendered":"Merplac: m\u00e1s cartas documentos a concejales"},"content":{"rendered":"<p><!--[if gte mso 9]><xml> <w:WordDocument> <w:View>Normal<\/w:View> <w:Zoom>0<\/w:Zoom> <w:HyphenationZone>21<\/w:HyphenationZone> <w:PunctuationKerning \/> <w:ValidateAgainstSchemas \/> <w:SaveIfXMLInvalid>false<\/w:SaveIfXMLInvalid> <w:IgnoreMixedContent>false<\/w:IgnoreMixedContent> <w:AlwaysShowPlaceholderText>false<\/w:AlwaysShowPlaceholderText> <w:Compatibility> <w:BreakWrappedTables \/> <w:SnapToGridInCell \/> <w:WrapTextWithPunct \/> <w:UseAsianBreakRules \/> <w:DontGrowAutofit \/> <\/w:Compatibility> <w:BrowserLevel>MicrosoftInternetExplorer4<\/w:BrowserLevel> <\/w:WordDocument> <\/xml><![endif]--><!--[if gte mso 9]><xml> <w:LatentStyles DefLockedState=\"false\" LatentStyleCount=\"156\"> <\/w:LatentStyles> <\/xml><![endif]--><!--[if gte mso 10]> \n\n<style>\n \/* Style Definitions *\/\n table.MsoNormalTable\n\t{mso-style-name:\"Tabla normal\";\n\tmso-tstyle-rowband-size:0;\n\tmso-tstyle-colband-size:0;\n\tmso-style-noshow:yes;\n\tmso-style-parent:\"\";\n\tmso-padding-alt:0cm 5.4pt 0cm 5.4pt;\n\tmso-para-margin:0cm;\n\tmso-para-margin-bottom:.0001pt;\n\tmso-pagination:widow-orphan;\n\tfont-size:10.0pt;\n\tfont-family:\"Times New Roman\";\n\tmso-ansi-language:#0400;\n\tmso-fareast-language:#0400;\n\tmso-bidi-language:#0400;}\n<\/style>\n\n <![endif]--><\/p>\n<p class=\"MsoNormal\" style=\"text-align: justify;\">Un nuevo cap\u00edtulo por la permanencia de la empresa Merplac en nuestro medio parece haber comenzado por estas horas debido a una nueva Carta Documento que la misma ha enviado a la totalidad de los integrantes del Concejo Deliberante de nuestra ciudad.<\/p>\n<p class=\"MsoNormal\" style=\"text-align: justify;\">El Dr. Pablo Rossi, uno de los abogados de la empresa sostuvo \u201cel Dr. Argibay Molina ha decidido enviar una nueva Carta Documento a la totalidad de los Concejales, adem\u00e1s de la correspondiente al Presidente del Concejo para solicitar algunas aclaraciones referidas al expediente que ya todos conoce que tiene que ver conla situaci\u00f3n de la empresa y la supuesta contaminaci\u00f3n por plomo que desde ciertos sectores aun se sigue hablando.<\/p>\n<p class=\"MsoNormal\" style=\"text-align: justify;\">Para esto hay que recordar los momentos en que se dijo que la empresa hab\u00eda contaminado seriamente las instalaciones de la Escuela que se encuentra pr\u00f3xima a la misma y hasta se dijo que hab\u00eda alumnos con problemas de saluda debido al efecto que les hab\u00eda producido la supuesta existencia de plomo en el lugar, incluso hasta se escucho en el propio Concejo al Ser Brunetti quien dio las explicaciones en torno a lo que hab\u00eda sucedido con su hijo.<\/p>\n<p class=\"MsoNormal\" style=\"text-align: justify;\">Por eso pedimos que se informe que paso con dichas declaraciones, si tomaron estado deliberativo o si desde el concejo se hab\u00eda dispuesto la presentaci\u00f3n de alguna denuncia penal al respecto para que se agregue dicha documentaci\u00f3n al expediente, por lo cual entiendo que si hasta el momento todos los concejales no han recibido la Carta Documento, ello ocurrir\u00e1 entre este jueves y ma\u00f1ana (por hoy)\u201d.<\/p>\n<p class=\"MsoNormal\" style=\"text-align: justify;\">Consultado posteriormente el Dr Rossi acerca de las presentaciones, dos hasta el momento, efectuadas por los concejales que integran el Acuerdo C\u00edvico y Social ante el Juzgado en lo Contencioso y Administrativo, sostuvo \u201ctengo conocimiento que ya la municipalidad hab\u00eda recibido traslado de la primera de las dos presentaciones, nosotros hasta el martes no, pero hay que ver que pasa hoy jueves y ma\u00f1ana, y con relaci\u00f3n a la segunda si bien pude tomar conocimiento parcial de su contenido, aun se encuentra a despacho por lo tanto deberemos esperar tal como lo establecen las leyes vigentes para ver de que manera comenzamos a actuar desde la posici\u00f3n de la empresa\u201d.<\/p>\n<p class=\"MsoNormal\" style=\"text-align: justify;\">Por su parte los concejales que pudieron ser consultados a lo largo de la jornada de ayer que si ya hab\u00edan recibido la Carta Documento, sostuvieron que \u201cvamos a esperar que les llegue a todos para luego tal como lo hicimos en la anterior oportunidad decidir si respondemos de manera individual o bien en forma colectiva\u201d aunque algunos sostienen que al no tener el env\u00edo realizado por Argibay Molina una intimaci\u00f3n real para que se responsa a lo solicitado, estudiar\u00edan la posibilidad de directamente no responder, pero ello era solo una posibilidad.<\/p>\n<div id=\"_mcePaste\" style=\"position: absolute; left: -10000px; top: 0px; width: 1px; height: 1px; overflow: hidden;\"><span class=\"Apple-style-span\" style=\"border-collapse: separate; color: #000000; font-family: 'Times New Roman'; font-style: normal; font-variant: normal; font-weight: normal; letter-spacing: normal; line-height: normal; orphans: 2; text-indent: 0px; text-transform: none; white-space: normal; widows: 2; word-spacing: 0px; font-size: medium;\"><span style=\"font-size: x-large;\">Un nuevo cap\u00edtulo por la permanencia de la empresa Merplac en nuestro medio parece haber comenzado por estas horas debido a una nueva Carta Documento que la misma ha enviado a la totalidad de los integrantes del Concejo Deliberante de nuestra ciudad.<\/span><\/p>\n<p><span style=\"font-size: x-large;\">El Dr. Pablo Rossi, uno de los abogados de la empresa sostuvo \u201cel Dr. Argibay Molina ha decidido enviar una nueva Carta Documento a la totalidad de los Concejales, adem\u00e1s de la correspondiente al Presidente del Concejo para solicitar algunas aclaraciones referidas al expediente que ya todos conoce que tiene que ver conla situaci\u00f3n de la empresa y la supuesta contaminaci\u00f3n por plomo que desde ciertos sectores aun se sigue hablando.<\/span><\/p>\n<p><span style=\"font-size: x-large;\">Para esto hay que recordar los momentos en que se dijo que la empresa hab\u00eda contaminado seriamente las instalaciones de la Escuela que se encuentra pr\u00f3xima a la misma y hasta se dijo que hab\u00eda alumnos con problemas de saluda debido al efecto que les hab\u00eda producido la supuesta existencia de plomo en el lugar, incluso hasta se escucho en el propio Concejo al Ser Brunetti quien dio las explicaciones en torno a lo que hab\u00eda sucedido con su hijo.<\/span><\/p>\n<p><span style=\"font-size: x-large;\">Por eso pedimos que se informe que paso con dichas declaraciones, si tomaron estado deliberativo o si desde el concejo se hab\u00eda dispuesto la presentaci\u00f3n de alguna denuncia penal al respecto para que se agregue dicha documentaci\u00f3n al expediente, por lo cual entiendo que si hasta el momento todos los concejales no han recibido la Carta Documento, ello ocurrir\u00e1 entre este jueves y ma\u00f1ana (por hoy)\u201d.<\/span><\/p>\n<p><span style=\"font-size: x-large;\">Consultado posteriormente el Dr Rossi acerca de las presentaciones, dos hasta el momento, efectuadas por los concejales que integran el Acuerdo C\u00edvico y Social ante el Juzgado en lo Contencioso y Administrativo, sostuvo \u201ctengo conocimiento que ya la municipalidad hab\u00eda recibido traslado de la primera de las dos presentaciones, nosotros hasta el martes no, pero hay que ver que pasa hoy jueves y ma\u00f1ana, y con relaci\u00f3n a la segunda si bien pude tomar conocimiento parcial de su contenido, aun se encuentra a despacho por lo tanto deberemos esperar tal como lo establecen las leyes vigentes para ver de que manera comenzamos a actuar desde la posici\u00f3n de la empresa\u201d.<\/span><\/p>\n<p><span style=\"font-size: x-large;\">Por su parte los concejales que pudieron ser consultados a lo largo de la jornada de ayer que si ya hab\u00edan recibido la Carta Documento, sostuvieron que \u201cvamos a esperar que les llegue a todos para luego tal como lo hicimos en la anterior oportunidad decidir si respondemos de manera individual o bien en forma colectiva\u201d aunque algunos sostienen que al no tener el env\u00edo realizado por Argibay Molina una intimaci\u00f3n real para que se responsa a lo solicitado, estudiar\u00edan la posibilidad de directamente no responder, pero ello era solo una posibilidad.<\/span><\/p>\n<p><\/span><\/div>\n","protected":false},"excerpt":{"rendered":"<p>Un nuevo cap\u00edtulo por la permanencia de la empresa Merplac en nuestro medio parece haber comenzado por estas horas debido &#8230; <a title=\"Merplac: m\u00e1s cartas documentos a concejales\" class=\"read-more\" href=\"https:\/\/www.hoymercedes.com.ar\/principal\/2010\/11\/01\/merplac-mas-cartas-documentos-a-concejales\/\" aria-label=\"Leer m\u00e1s sobre Merplac: m\u00e1s cartas documentos a concejales\">Leer m\u00e1s<\/a><\/p>\n","protected":false},"author":1,"featured_media":0,"comment_status":"open","ping_status":"open","sticky":false,"template":"","format":"standard","meta":{"_monsterinsights_skip_tracking":false,"_monsterinsights_sitenote_active":false,"_monsterinsights_sitenote_note":"","_monsterinsights_sitenote_category":0,"jetpack_post_was_ever_published":false,"_jetpack_newsletter_access":"","_jetpack_dont_email_post_to_subs":false,"_jetpack_newsletter_tier_id":0,"_jetpack_memberships_contains_paywalled_content":false,"_jetpack_memberships_contains_paid_content":false,"footnotes":"","jetpack_publicize_message":"","jetpack_publicize_feature_enabled":true,"jetpack_social_post_already_shared":false,"jetpack_social_options":{"image_generator_settings":{"template":"highway","default_image_id":0,"font":"","enabled":false},"version":2},"_wpas_customize_per_network":false},"categories":[5,8],"tags":[15,20],"class_list":["post-55","post","type-post","status-publish","format-standard","hentry","category-politica","category-sociedad","tag-hcd","tag-merplac","generate-columns","tablet-grid-50","mobile-grid-100","grid-parent","grid-50"],"jetpack_publicize_connections":[],"jetpack_featured_media_url":"","wps_subtitle":"","jetpack_sharing_enabled":true,"_links":{"self":[{"href":"https:\/\/www.hoymercedes.com.ar\/principal\/wp-json\/wp\/v2\/posts\/55","targetHints":{"allow":["GET"]}}],"collection":[{"href":"https:\/\/www.hoymercedes.com.ar\/principal\/wp-json\/wp\/v2\/posts"}],"about":[{"href":"https:\/\/www.hoymercedes.com.ar\/principal\/wp-json\/wp\/v2\/types\/post"}],"author":[{"embeddable":true,"href":"https:\/\/www.hoymercedes.com.ar\/principal\/wp-json\/wp\/v2\/users\/1"}],"replies":[{"embeddable":true,"href":"https:\/\/www.hoymercedes.com.ar\/principal\/wp-json\/wp\/v2\/comments?post=55"}],"version-history":[{"count":0,"href":"https:\/\/www.hoymercedes.com.ar\/principal\/wp-json\/wp\/v2\/posts\/55\/revisions"}],"wp:attachment":[{"href":"https:\/\/www.hoymercedes.com.ar\/principal\/wp-json\/wp\/v2\/media?parent=55"}],"wp:term":[{"taxonomy":"category","embeddable":true,"href":"https:\/\/www.hoymercedes.com.ar\/principal\/wp-json\/wp\/v2\/categories?post=55"},{"taxonomy":"post_tag","embeddable":true,"href":"https:\/\/www.hoymercedes.com.ar\/principal\/wp-json\/wp\/v2\/tags?post=55"}],"curies":[{"name":"wp","href":"https:\/\/api.w.org\/{rel}","templated":true}]}}