{"id":55005,"date":"2016-09-22T18:15:08","date_gmt":"2016-09-22T21:15:08","guid":{"rendered":"http:\/\/www.hoymercedes.com.ar\/principal\/?p=55005"},"modified":"2016-09-22T17:09:00","modified_gmt":"2016-09-22T20:09:00","slug":"raul-rubin-hablo-sobre-la-rentabilidad-de-las-pymes","status":"publish","type":"post","link":"https:\/\/www.hoymercedes.com.ar\/principal\/2016\/09\/22\/raul-rubin-hablo-sobre-la-rentabilidad-de-las-pymes\/","title":{"rendered":"Ra\u00fal Rub\u00edn habl\u00f3 sobre la rentabilidad de las PyMES"},"content":{"rendered":"<p>Ra\u00fal Rob\u00edn, Presidente de Econom\u00edas Regionales de CAME disert\u00f3 en el marco de la Expo Rural de Mercedes \u00a0Fue invitado por la C\u00e1mara Econ\u00f3mica Mercedina el dirigente sostuvo que sostener la rentabilidad de las peque\u00f1as y medianas empresas tiene que ser una prioridad para el pa\u00eds.<\/p>\n<p>El predio de la Sociedad Rural de Mercedes abri\u00f3 sus puertas en el d\u00eda de ayer para dar lugar a las primeras actividades de la edici\u00f3n 70\u00b0 de la tradicional Exposici\u00f3n Rural, Ganadera y del Comercio. El hecho central de la jornada estuvo marcado por el comienzo de las jornadas t\u00e9cnicas, organizadas conjuntamente entre Sociedad Rural de Mercedes y la Revista Producir XXI.<\/p>\n<p><img loading=\"lazy\" decoding=\"async\" data-attachment-id=\"55006\" data-permalink=\"https:\/\/www.hoymercedes.com.ar\/principal\/2016\/09\/22\/raul-rubin-hablo-sobre-la-rentabilidad-de-las-pymes\/22-cem-ariel-petrucha\/#main\" data-orig-file=\"https:\/\/www.hoymercedes.com.ar\/principal\/wp-content\/uploads\/2016\/09\/22-CEM-Ariel-Petrucha.jpg\" data-orig-size=\"448,299\" data-comments-opened=\"1\" data-image-meta=\"{&quot;aperture&quot;:&quot;3.5&quot;,&quot;credit&quot;:&quot;&quot;,&quot;camera&quot;:&quot;DSC-H1&quot;,&quot;caption&quot;:&quot;&quot;,&quot;created_timestamp&quot;:&quot;1474487878&quot;,&quot;copyright&quot;:&quot;&quot;,&quot;focal_length&quot;:&quot;18&quot;,&quot;iso&quot;:&quot;320&quot;,&quot;shutter_speed&quot;:&quot;0.016666666666667&quot;,&quot;title&quot;:&quot;&quot;,&quot;orientation&quot;:&quot;1&quot;}\" data-image-title=\"22-cem-ariel-petrucha\" data-image-description=\"\" data-image-caption=\"\" data-large-file=\"https:\/\/www.hoymercedes.com.ar\/principal\/wp-content\/uploads\/2016\/09\/22-CEM-Ariel-Petrucha.jpg\" class=\"aligncenter size-full wp-image-55006\" src=\"https:\/\/www.hoymercedes.com.ar\/principal\/wp-content\/uploads\/2016\/09\/22-CEM-Ariel-Petrucha.jpg\" alt=\"22-cem-ariel-petrucha\" width=\"448\" height=\"299\" srcset=\"https:\/\/www.hoymercedes.com.ar\/principal\/wp-content\/uploads\/2016\/09\/22-CEM-Ariel-Petrucha.jpg 448w, https:\/\/www.hoymercedes.com.ar\/principal\/wp-content\/uploads\/2016\/09\/22-CEM-Ariel-Petrucha-150x100.jpg 150w, https:\/\/www.hoymercedes.com.ar\/principal\/wp-content\/uploads\/2016\/09\/22-CEM-Ariel-Petrucha-300x200.jpg 300w\" sizes=\"auto, (max-width: 448px) 100vw, 448px\" \/><\/p>\n<p>En horas de la tarde se efectu\u00f3 una visita al establecimiento \u201cChancho Va\u201d, donde los participantes pudieron apreciar t\u00e9cnicas de inseminaci\u00f3n artificial. Posteriormente ya en la carpa destinada para las disertaciones, el M\u00e9dico Veterinario, Santiago Guidice, disert\u00f3 sobre los desaf\u00edos de la producci\u00f3n de cerdos hacia el futuro.<\/p>\n<p>El cierre de la jornada fue destinado al abordaje de las necesidades y desaf\u00edos de la peque\u00f1a y medianas empresa. De esta forma la C\u00e1mara Econ\u00f3mica Mercedina se sum\u00f3 a la organizaci\u00f3n de este evento convocando especialmente a Ra\u00fal Rub\u00edn, Presidente de Econom\u00edas Regionales de la Confederaci\u00f3n Argentina de la Mediana Empresa (CAME).<\/p>\n<p>El dirigente fue contundente al afirmar que la rentabilidad de la PYMES debe ser una prioridad de gesti\u00f3n en el pa\u00eds. Entre el 25% y 40% de los costos de las PYMES son impuestos sostuvo Rub\u00edn, quien al mismo tiempo se\u00f1alo que otro de los principales problemas son los asociados con la log\u00edstica, en un pa\u00eds que funciona sin tener alternativas para el transporte de cargas.<\/p>\n<p>Asimismo comparti\u00f3 con el auditorio un informe elaborado por el Departamento de Econom\u00edas Regionales de la CAME. Al respecto indico que desde la entidad est\u00e1n trabajando para visibilizar la problem\u00e1tica del campo: \u201ces necesario garantizar un m\u00ednimo de rentabilidad al productor para evitar el \u00e9xodo del campo a la ciudad\u201d.<br \/>\nFinalmente Ariel Petrucha, Gerente de la C\u00e1mara Econ\u00f3mica Mercedina, agradeci\u00f3 la presencia del dirigente de la CAME y del p\u00fablico que se acerc\u00f3 al predio de la Rural para participar de la jornada.<\/p>\n","protected":false},"excerpt":{"rendered":"<p>Ra\u00fal Rob\u00edn, Presidente de Econom\u00edas Regionales de CAME disert\u00f3 en el marco de la Expo Rural de Mercedes \u00a0Fue invitado &#8230; <a title=\"Ra\u00fal Rub\u00edn habl\u00f3 sobre la rentabilidad de las PyMES\" class=\"read-more\" href=\"https:\/\/www.hoymercedes.com.ar\/principal\/2016\/09\/22\/raul-rubin-hablo-sobre-la-rentabilidad-de-las-pymes\/\" aria-label=\"Leer m\u00e1s sobre Ra\u00fal Rub\u00edn habl\u00f3 sobre la rentabilidad de las PyMES\">Leer m\u00e1s<\/a><\/p>\n","protected":false},"author":1,"featured_media":55006,"comment_status":"open","ping_status":"open","sticky":false,"template":"","format":"standard","meta":{"_monsterinsights_skip_tracking":false,"_monsterinsights_sitenote_active":false,"_monsterinsights_sitenote_note":"","_monsterinsights_sitenote_category":0,"jetpack_post_was_ever_published":false,"_jetpack_newsletter_access":"","_jetpack_dont_email_post_to_subs":false,"_jetpack_newsletter_tier_id":0,"_jetpack_memberships_contains_paywalled_content":false,"_jetpack_memberships_contains_paid_content":false,"footnotes":"","jetpack_publicize_message":"","jetpack_publicize_feature_enabled":true,"jetpack_social_post_already_shared":true,"jetpack_social_options":{"image_generator_settings":{"template":"highway","default_image_id":0,"font":"","enabled":false},"version":2},"_wpas_customize_per_network":false},"categories":[5485],"tags":[1496,682,10004,531],"class_list":["post-55005","post","type-post","status-publish","format-standard","has-post-thumbnail","hentry","category-comunidad","tag-came","tag-cem","tag-exporural","tag-sociedad-rural","generate-columns","tablet-grid-50","mobile-grid-100","grid-parent","grid-50"],"jetpack_publicize_connections":[],"jetpack_featured_media_url":"https:\/\/www.hoymercedes.com.ar\/principal\/wp-content\/uploads\/2016\/09\/22-CEM-Ariel-Petrucha.jpg","wps_subtitle":"Dirigente de CAME","jetpack_sharing_enabled":true,"_links":{"self":[{"href":"https:\/\/www.hoymercedes.com.ar\/principal\/wp-json\/wp\/v2\/posts\/55005","targetHints":{"allow":["GET"]}}],"collection":[{"href":"https:\/\/www.hoymercedes.com.ar\/principal\/wp-json\/wp\/v2\/posts"}],"about":[{"href":"https:\/\/www.hoymercedes.com.ar\/principal\/wp-json\/wp\/v2\/types\/post"}],"author":[{"embeddable":true,"href":"https:\/\/www.hoymercedes.com.ar\/principal\/wp-json\/wp\/v2\/users\/1"}],"replies":[{"embeddable":true,"href":"https:\/\/www.hoymercedes.com.ar\/principal\/wp-json\/wp\/v2\/comments?post=55005"}],"version-history":[{"count":0,"href":"https:\/\/www.hoymercedes.com.ar\/principal\/wp-json\/wp\/v2\/posts\/55005\/revisions"}],"wp:featuredmedia":[{"embeddable":true,"href":"https:\/\/www.hoymercedes.com.ar\/principal\/wp-json\/wp\/v2\/media\/55006"}],"wp:attachment":[{"href":"https:\/\/www.hoymercedes.com.ar\/principal\/wp-json\/wp\/v2\/media?parent=55005"}],"wp:term":[{"taxonomy":"category","embeddable":true,"href":"https:\/\/www.hoymercedes.com.ar\/principal\/wp-json\/wp\/v2\/categories?post=55005"},{"taxonomy":"post_tag","embeddable":true,"href":"https:\/\/www.hoymercedes.com.ar\/principal\/wp-json\/wp\/v2\/tags?post=55005"}],"curies":[{"name":"wp","href":"https:\/\/api.w.org\/{rel}","templated":true}]}}