{"id":55017,"date":"2016-09-22T21:02:33","date_gmt":"2016-09-23T00:02:33","guid":{"rendered":"http:\/\/www.hoymercedes.com.ar\/principal\/?p=55017"},"modified":"2016-09-24T17:23:43","modified_gmt":"2016-09-24T20:23:43","slug":"el-presidente-del-banco-provincia-estara-en-mercedes","status":"publish","type":"post","link":"https:\/\/www.hoymercedes.com.ar\/principal\/2016\/09\/22\/el-presidente-del-banco-provincia-estara-en-mercedes\/","title":{"rendered":"El Presidente del Banco Provincia estar\u00e1 en Mercedes"},"content":{"rendered":"<p>El presidente de Banco Provincia, Juan Curutchet, visitar\u00e1 este viernes 23 de septiembre\u00a0la ciudad de Mercedes. En su estad\u00eda en la ciudad, se har\u00e1 presente en la sucursal del banco, pero tambi\u00e9n mantendr\u00e1 reuniones con el Jefe Comunal, los referentes locales del Frente Cambiemos, y representantes del comercio, la industria y la producci\u00f3n agroganadera.<\/p>\n<p>De acuerdo a la informaci\u00f3n enviada, Curutchet se encontrar\u00e1 con Juan Ignacio Ustarroz\u00a0a la hora 15 en el palacio municipal. A las 16 horas, el titular del Provincia, acompa\u00f1ado por referentes locales del Frente Cambiemos, dialogar\u00e1 con integrantes de la C\u00e1mara Econ\u00f3mica de Mercedes. P<span class=\"text_exposed_show\">or \u00faltimo, se reunir\u00e1 con representantes de la Sociedad Rural Mercedina.<\/span><\/p>\n<div class=\"text_exposed_show\">\n<p>Como es habitual en sus recorridas semanales por el interior, Curutchet visitar\u00e1 la sucursal local de Banco Provincia para dialogar con el equipo de trabajo.<\/p>\n<\/div>\n","protected":false},"excerpt":{"rendered":"<p>El presidente de Banco Provincia, Juan Curutchet, visitar\u00e1 este viernes 23 de septiembre\u00a0la ciudad de Mercedes. En su estad\u00eda en &#8230; <a title=\"El Presidente del Banco Provincia estar\u00e1 en Mercedes\" class=\"read-more\" href=\"https:\/\/www.hoymercedes.com.ar\/principal\/2016\/09\/22\/el-presidente-del-banco-provincia-estara-en-mercedes\/\" aria-label=\"Leer m\u00e1s sobre El Presidente del Banco Provincia estar\u00e1 en Mercedes\">Leer m\u00e1s<\/a><\/p>\n","protected":false},"author":1,"featured_media":0,"comment_status":"open","ping_status":"open","sticky":false,"template":"","format":"standard","meta":{"_monsterinsights_skip_tracking":false,"_monsterinsights_sitenote_active":false,"_monsterinsights_sitenote_note":"","_monsterinsights_sitenote_category":0,"jetpack_post_was_ever_published":false,"_jetpack_newsletter_access":"","_jetpack_dont_email_post_to_subs":false,"_jetpack_newsletter_tier_id":0,"_jetpack_memberships_contains_paywalled_content":false,"_jetpack_memberships_contains_paid_content":false,"footnotes":"","jetpack_publicize_message":"","jetpack_publicize_feature_enabled":true,"jetpack_social_post_already_shared":true,"jetpack_social_options":{"image_generator_settings":{"template":"highway","default_image_id":0,"font":"","enabled":false},"version":2},"_wpas_customize_per_network":false},"categories":[8881],"tags":[4503,10036],"class_list":["post-55017","post","type-post","status-publish","format-standard","hentry","category-provincia","tag-banco-provincia","tag-curutchet","generate-columns","tablet-grid-50","mobile-grid-100","grid-parent","grid-50"],"jetpack_publicize_connections":[],"jetpack_featured_media_url":"","wps_subtitle":"","jetpack_sharing_enabled":true,"_links":{"self":[{"href":"https:\/\/www.hoymercedes.com.ar\/principal\/wp-json\/wp\/v2\/posts\/55017","targetHints":{"allow":["GET"]}}],"collection":[{"href":"https:\/\/www.hoymercedes.com.ar\/principal\/wp-json\/wp\/v2\/posts"}],"about":[{"href":"https:\/\/www.hoymercedes.com.ar\/principal\/wp-json\/wp\/v2\/types\/post"}],"author":[{"embeddable":true,"href":"https:\/\/www.hoymercedes.com.ar\/principal\/wp-json\/wp\/v2\/users\/1"}],"replies":[{"embeddable":true,"href":"https:\/\/www.hoymercedes.com.ar\/principal\/wp-json\/wp\/v2\/comments?post=55017"}],"version-history":[{"count":0,"href":"https:\/\/www.hoymercedes.com.ar\/principal\/wp-json\/wp\/v2\/posts\/55017\/revisions"}],"wp:attachment":[{"href":"https:\/\/www.hoymercedes.com.ar\/principal\/wp-json\/wp\/v2\/media?parent=55017"}],"wp:term":[{"taxonomy":"category","embeddable":true,"href":"https:\/\/www.hoymercedes.com.ar\/principal\/wp-json\/wp\/v2\/categories?post=55017"},{"taxonomy":"post_tag","embeddable":true,"href":"https:\/\/www.hoymercedes.com.ar\/principal\/wp-json\/wp\/v2\/tags?post=55017"}],"curies":[{"name":"wp","href":"https:\/\/api.w.org\/{rel}","templated":true}]}}