{"id":55114,"date":"2016-09-24T19:37:25","date_gmt":"2016-09-24T22:37:25","guid":{"rendered":"http:\/\/www.hoymercedes.com.ar\/principal\/?p=55114"},"modified":"2016-09-24T17:45:08","modified_gmt":"2016-09-24T20:45:08","slug":"cuadrilla-de-bacheo-inicio-trabajo-en-17-y-2","status":"publish","type":"post","link":"https:\/\/www.hoymercedes.com.ar\/principal\/2016\/09\/24\/cuadrilla-de-bacheo-inicio-trabajo-en-17-y-2\/","title":{"rendered":"Cuadrilla de bacheo inici\u00f3 trabajo en 17 y 2"},"content":{"rendered":"<p>Desde el \u00e1rea de la Subsecretar\u00eda \u00a0de Servicios P\u00fablicos municipales\u00a0se destaca el trabajo de la nueva cuadrilla de bacheo que sali\u00f3 a la calle hace pocos d\u00edas y primeramente cumpli\u00f3 funciones en la calle 4 desde la 17 hasta la 29. Por estas horas se encuentran en avenida 17 y 2 donde realizan un profundo trabajo de bacheo en una zona que necesitaba reparaci\u00f3n hace muchos a\u00f1os. Tambi\u00e9n se supo que desde la Secretar\u00eda de Obras P\u00fablicas existe una licitaci\u00f3n vigente para realizar el bacheo de distintos puntos de la ciudad apoyando el trabajo iniciado por el personal municipal.<\/p>\n<p><img loading=\"lazy\" decoding=\"async\" data-attachment-id=\"55116\" data-permalink=\"https:\/\/www.hoymercedes.com.ar\/principal\/2016\/09\/24\/cuadrilla-de-bacheo-inicio-trabajo-en-17-y-2\/24-servicios-publicos-1\/#main\" data-orig-file=\"https:\/\/www.hoymercedes.com.ar\/principal\/wp-content\/uploads\/2016\/09\/24-servicios-publicos-1.jpg\" data-orig-size=\"448,299\" data-comments-opened=\"1\" data-image-meta=\"{&quot;aperture&quot;:&quot;11&quot;,&quot;credit&quot;:&quot;&quot;,&quot;camera&quot;:&quot;NIKON D3100&quot;,&quot;caption&quot;:&quot;&quot;,&quot;created_timestamp&quot;:&quot;1474127573&quot;,&quot;copyright&quot;:&quot;&quot;,&quot;focal_length&quot;:&quot;18&quot;,&quot;iso&quot;:&quot;100&quot;,&quot;shutter_speed&quot;:&quot;0.005&quot;,&quot;title&quot;:&quot;&quot;,&quot;orientation&quot;:&quot;1&quot;}\" data-image-title=\"24-servicios-publicos-1\" data-image-description=\"\" data-image-caption=\"\" data-large-file=\"https:\/\/www.hoymercedes.com.ar\/principal\/wp-content\/uploads\/2016\/09\/24-servicios-publicos-1.jpg\" class=\"aligncenter size-full wp-image-55116\" src=\"https:\/\/www.hoymercedes.com.ar\/principal\/wp-content\/uploads\/2016\/09\/24-servicios-publicos-1.jpg\" alt=\"24-servicios-publicos-1\" width=\"448\" height=\"299\" srcset=\"https:\/\/www.hoymercedes.com.ar\/principal\/wp-content\/uploads\/2016\/09\/24-servicios-publicos-1.jpg 448w, https:\/\/www.hoymercedes.com.ar\/principal\/wp-content\/uploads\/2016\/09\/24-servicios-publicos-1-150x100.jpg 150w, https:\/\/www.hoymercedes.com.ar\/principal\/wp-content\/uploads\/2016\/09\/24-servicios-publicos-1-300x200.jpg 300w\" sizes=\"auto, (max-width: 448px) 100vw, 448px\" \/><\/p>\n<p>Por otro lado y desde la subsecretar\u00eda de Servicios P\u00fablicos a cargo de Silvio Bertera se est\u00e1n cumpliendo con varias tareas, espec\u00edficamente en estos d\u00edas para la limpieza y el mantenimiento urbano. Varios grupos trabajan con el apoyo de la pala 280 y dos camiones realizando los pedidos hechos al servicio de reclamos telef\u00f3nico 147, trabaja con la retro pala y dos camiones realizando limpieza en calle 19 de calle\u00a0152 a\u00a0calle 154, con el apoyo de la bobcat y un cami\u00f3n realizando limpieza en calle 38 y 45, con el apoyo de un tractor trabajan en calle 12, 14 y 16 de Av.1 a calle 107, con el apoyo del cami\u00f3n 213 trabajan en zona de acceso sur de calle\u00a0110 acalle 176. El resto del personal trabaja con el apoyo de\u00a0 las compactadoras 59, 286, 298 y con el tractor 202 realizando tareas de recolecci\u00f3n de residuos en\u00a0 Av.40 a calle 10 de Av.47 a Av.1 calles pares e impares, en zona de escuela 30, escuela 14, escuela 3 y jard\u00edn 903, en los barrios\u00a0 Austral, America, Lowe, Las Acacias, Leopardo, Belgrano, Ravello y microcentro.<\/p>\n<p><img loading=\"lazy\" decoding=\"async\" data-attachment-id=\"55115\" data-permalink=\"https:\/\/www.hoymercedes.com.ar\/principal\/2016\/09\/24\/cuadrilla-de-bacheo-inicio-trabajo-en-17-y-2\/24-servicios-publicos-2\/#main\" data-orig-file=\"https:\/\/www.hoymercedes.com.ar\/principal\/wp-content\/uploads\/2016\/09\/24-servicios-publicos-2.jpg\" data-orig-size=\"448,299\" data-comments-opened=\"1\" data-image-meta=\"{&quot;aperture&quot;:&quot;8&quot;,&quot;credit&quot;:&quot;&quot;,&quot;camera&quot;:&quot;NIKON D3100&quot;,&quot;caption&quot;:&quot;&quot;,&quot;created_timestamp&quot;:&quot;1474127726&quot;,&quot;copyright&quot;:&quot;&quot;,&quot;focal_length&quot;:&quot;18&quot;,&quot;iso&quot;:&quot;100&quot;,&quot;shutter_speed&quot;:&quot;0.004&quot;,&quot;title&quot;:&quot;&quot;,&quot;orientation&quot;:&quot;1&quot;}\" data-image-title=\"24-servicios-publicos-2\" data-image-description=\"\" data-image-caption=\"\" data-large-file=\"https:\/\/www.hoymercedes.com.ar\/principal\/wp-content\/uploads\/2016\/09\/24-servicios-publicos-2.jpg\" class=\"aligncenter size-full wp-image-55115\" src=\"https:\/\/www.hoymercedes.com.ar\/principal\/wp-content\/uploads\/2016\/09\/24-servicios-publicos-2.jpg\" alt=\"24-servicios-publicos-2\" width=\"448\" height=\"299\" srcset=\"https:\/\/www.hoymercedes.com.ar\/principal\/wp-content\/uploads\/2016\/09\/24-servicios-publicos-2.jpg 448w, https:\/\/www.hoymercedes.com.ar\/principal\/wp-content\/uploads\/2016\/09\/24-servicios-publicos-2-150x100.jpg 150w, https:\/\/www.hoymercedes.com.ar\/principal\/wp-content\/uploads\/2016\/09\/24-servicios-publicos-2-300x200.jpg 300w\" sizes=\"auto, (max-width: 448px) 100vw, 448px\" \/><\/p>\n<p>El equipo vial se encuentran en zona rural reparando el camino viejo a Navarro, donde trabajan con el apoyo de la motoniveladora 23, la motoniveladora 26 y el tractor 24, con el apoyo de la motoniveladora 21 trabajan en el barrio Las Acacias, con el apoyo de la motoniveladora\u00a0 184 trabajan en el barrio Tedo y en calle 126 de calle\u00a011 a\u00a0calle 19, con el apoyo del tractor 25 y una retropala\u00a0 trabajan en zona de cuartel 8 y en zona de Godney. Otros grupos trabajan en zona de\u00a0La Verde\u00a0con el apoyo de una retropala colocando 12 ca\u00f1os, con el apoyo de la retropala 186 y el cami\u00f3n 88 contin\u00faan trabajando en zona de escuela 21 colocando 7 ca\u00f1os y contin\u00faan con las tareas de zanjeo en los barrios Malvinas y Tedo.\u00a0Los camiones 31, 32 y 34 se encuentran viajando en busca de tosca para luego continuar con los trabajos del equipo vial.<\/p>\n<p>&nbsp;<\/p>\n<p>Fuente: Prensa Municipal<\/p>\n<p>&nbsp;<\/p>\n","protected":false},"excerpt":{"rendered":"<p>Desde el \u00e1rea de la Subsecretar\u00eda \u00a0de Servicios P\u00fablicos municipales\u00a0se destaca el trabajo de la nueva cuadrilla de bacheo que &#8230; <a title=\"Cuadrilla de bacheo inici\u00f3 trabajo en 17 y 2\" class=\"read-more\" href=\"https:\/\/www.hoymercedes.com.ar\/principal\/2016\/09\/24\/cuadrilla-de-bacheo-inicio-trabajo-en-17-y-2\/\" aria-label=\"Leer m\u00e1s sobre Cuadrilla de bacheo inici\u00f3 trabajo en 17 y 2\">Leer m\u00e1s<\/a><\/p>\n","protected":false},"author":1,"featured_media":55115,"comment_status":"open","ping_status":"open","sticky":false,"template":"","format":"standard","meta":{"_monsterinsights_skip_tracking":false,"_monsterinsights_sitenote_active":false,"_monsterinsights_sitenote_note":"","_monsterinsights_sitenote_category":0,"jetpack_post_was_ever_published":false,"_jetpack_newsletter_access":"","_jetpack_dont_email_post_to_subs":false,"_jetpack_newsletter_tier_id":0,"_jetpack_memberships_contains_paywalled_content":false,"_jetpack_memberships_contains_paid_content":false,"footnotes":"","jetpack_publicize_message":"","jetpack_publicize_feature_enabled":true,"jetpack_social_post_already_shared":false,"jetpack_social_options":{"image_generator_settings":{"template":"highway","default_image_id":0,"font":"","enabled":false},"version":2},"_wpas_customize_per_network":false},"categories":[30],"tags":[244,8628],"class_list":["post-55114","post","type-post","status-publish","format-standard","has-post-thumbnail","hentry","category-municipio","tag-municipio-2","tag-servicios-publicos","generate-columns","tablet-grid-50","mobile-grid-100","grid-parent","grid-50"],"jetpack_publicize_connections":[],"jetpack_featured_media_url":"https:\/\/www.hoymercedes.com.ar\/principal\/wp-content\/uploads\/2016\/09\/24-servicios-publicos-2.jpg","wps_subtitle":"Servicios P\u00fablicos","jetpack_sharing_enabled":true,"_links":{"self":[{"href":"https:\/\/www.hoymercedes.com.ar\/principal\/wp-json\/wp\/v2\/posts\/55114","targetHints":{"allow":["GET"]}}],"collection":[{"href":"https:\/\/www.hoymercedes.com.ar\/principal\/wp-json\/wp\/v2\/posts"}],"about":[{"href":"https:\/\/www.hoymercedes.com.ar\/principal\/wp-json\/wp\/v2\/types\/post"}],"author":[{"embeddable":true,"href":"https:\/\/www.hoymercedes.com.ar\/principal\/wp-json\/wp\/v2\/users\/1"}],"replies":[{"embeddable":true,"href":"https:\/\/www.hoymercedes.com.ar\/principal\/wp-json\/wp\/v2\/comments?post=55114"}],"version-history":[{"count":0,"href":"https:\/\/www.hoymercedes.com.ar\/principal\/wp-json\/wp\/v2\/posts\/55114\/revisions"}],"wp:featuredmedia":[{"embeddable":true,"href":"https:\/\/www.hoymercedes.com.ar\/principal\/wp-json\/wp\/v2\/media\/55115"}],"wp:attachment":[{"href":"https:\/\/www.hoymercedes.com.ar\/principal\/wp-json\/wp\/v2\/media?parent=55114"}],"wp:term":[{"taxonomy":"category","embeddable":true,"href":"https:\/\/www.hoymercedes.com.ar\/principal\/wp-json\/wp\/v2\/categories?post=55114"},{"taxonomy":"post_tag","embeddable":true,"href":"https:\/\/www.hoymercedes.com.ar\/principal\/wp-json\/wp\/v2\/tags?post=55114"}],"curies":[{"name":"wp","href":"https:\/\/api.w.org\/{rel}","templated":true}]}}