{"id":55225,"date":"2016-09-27T11:23:00","date_gmt":"2016-09-27T14:23:00","guid":{"rendered":"http:\/\/www.hoymercedes.com.ar\/principal\/?p=55225"},"modified":"2016-09-27T10:24:24","modified_gmt":"2016-09-27T13:24:24","slug":"detuvieron-a-dos-menores-por-varios-robos","status":"publish","type":"post","link":"https:\/\/www.hoymercedes.com.ar\/principal\/2016\/09\/27\/detuvieron-a-dos-menores-por-varios-robos\/","title":{"rendered":"Detuvieron a dos menores por varios robos"},"content":{"rendered":"<p>El pasado viernes, se llevaron a cabo allanamientos en el marco de la investigaci\u00f3n por varios hechos delictivos ocurridos en las \u00faltimas semanas.<\/p>\n<p>El Gabinete de Prevenci\u00f3n Criminol\u00f3gica de la Seccional Policial local, juntamente a personal de las Fiscal\u00edas de intervenci\u00f3n N\u00b0 3 y 7 lograron establecer que en un domicilio de esta ciudad se encontrar\u00edan elementos sustra\u00eddos en los distintos hechos investigados,\u00a0 por lo cual se llevaron a cabo diligencias judiciales. Vale destacar que las mismas se realizaron con el acompa\u00f1amiento de los secretarios Gast\u00f3n Arenas \u00a0(UFI 7) y el secretario de la UFI N\u00b0 3, Sebasti\u00e1n Fedulio del Departamento Judicial Mercedes.<\/p>\n<p>En el marco de los allanamientos se logr\u00f3 aprehender a los dos sospechosos por los hechos, resultando ser dos menores de 16 a\u00f1os. En el lugar allanado ten\u00edan distintos elementos producto de los robos. As\u00ed fue como se pudieron recuperar: dos parlantes y un equipo de m\u00fasica marca Sony, denunciado como sustra\u00eddo del Club Mercedes en el mes de julio; dos pesas de gimnasio, un reloj cronometro y dos parlantes de computadora, denunciados como sustra\u00eddos la semana pasada en el Club Mercedes, una pelota de futbol n\u00b0 5, marca Penalty, denunciada de la Liga Mercedina la semana pasada; dos parlantes y una potencia marca WENSTONE, denunciadas como sustra\u00eddas en Rep\u00fablica de Chile entre 60 y 64 tambi\u00e9n la semana pasada.<\/p>\n<p>Todos los elementos fueron exhibidos y reconocidos como de su propiedad por los damnificados.<\/p>\n<p>Tras tomar los recaudos legales, los menores fueron entregados a sus progenitores, contin\u00faan las actuaciones correspondientes en la fiscal\u00eda.<\/p>\n","protected":false},"excerpt":{"rendered":"<p>El pasado viernes, se llevaron a cabo allanamientos en el marco de la investigaci\u00f3n por varios hechos delictivos ocurridos en &#8230; <a title=\"Detuvieron a dos menores por varios robos\" class=\"read-more\" href=\"https:\/\/www.hoymercedes.com.ar\/principal\/2016\/09\/27\/detuvieron-a-dos-menores-por-varios-robos\/\" aria-label=\"Leer m\u00e1s sobre Detuvieron a dos menores por varios robos\">Leer m\u00e1s<\/a><\/p>\n","protected":false},"author":1,"featured_media":55226,"comment_status":"open","ping_status":"open","sticky":false,"template":"","format":"standard","meta":{"_monsterinsights_skip_tracking":false,"_monsterinsights_sitenote_active":false,"_monsterinsights_sitenote_note":"","_monsterinsights_sitenote_category":0,"jetpack_post_was_ever_published":false,"_jetpack_newsletter_access":"","_jetpack_dont_email_post_to_subs":false,"_jetpack_newsletter_tier_id":0,"_jetpack_memberships_contains_paywalled_content":false,"_jetpack_memberships_contains_paid_content":false,"footnotes":"","jetpack_publicize_message":"","jetpack_publicize_feature_enabled":true,"jetpack_social_post_already_shared":true,"jetpack_social_options":{"image_generator_settings":{"template":"highway","default_image_id":0,"font":"","enabled":false},"version":2},"_wpas_customize_per_network":false},"categories":[85],"tags":[],"class_list":["post-55225","post","type-post","status-publish","format-standard","has-post-thumbnail","hentry","category-policial","generate-columns","tablet-grid-50","mobile-grid-100","grid-parent","grid-50"],"jetpack_publicize_connections":[],"jetpack_featured_media_url":"https:\/\/www.hoymercedes.com.ar\/principal\/wp-content\/uploads\/2016\/09\/poli-1.jpg","wps_subtitle":"Recuperaron elementos de los clubes","jetpack_sharing_enabled":true,"_links":{"self":[{"href":"https:\/\/www.hoymercedes.com.ar\/principal\/wp-json\/wp\/v2\/posts\/55225","targetHints":{"allow":["GET"]}}],"collection":[{"href":"https:\/\/www.hoymercedes.com.ar\/principal\/wp-json\/wp\/v2\/posts"}],"about":[{"href":"https:\/\/www.hoymercedes.com.ar\/principal\/wp-json\/wp\/v2\/types\/post"}],"author":[{"embeddable":true,"href":"https:\/\/www.hoymercedes.com.ar\/principal\/wp-json\/wp\/v2\/users\/1"}],"replies":[{"embeddable":true,"href":"https:\/\/www.hoymercedes.com.ar\/principal\/wp-json\/wp\/v2\/comments?post=55225"}],"version-history":[{"count":0,"href":"https:\/\/www.hoymercedes.com.ar\/principal\/wp-json\/wp\/v2\/posts\/55225\/revisions"}],"wp:featuredmedia":[{"embeddable":true,"href":"https:\/\/www.hoymercedes.com.ar\/principal\/wp-json\/wp\/v2\/media\/55226"}],"wp:attachment":[{"href":"https:\/\/www.hoymercedes.com.ar\/principal\/wp-json\/wp\/v2\/media?parent=55225"}],"wp:term":[{"taxonomy":"category","embeddable":true,"href":"https:\/\/www.hoymercedes.com.ar\/principal\/wp-json\/wp\/v2\/categories?post=55225"},{"taxonomy":"post_tag","embeddable":true,"href":"https:\/\/www.hoymercedes.com.ar\/principal\/wp-json\/wp\/v2\/tags?post=55225"}],"curies":[{"name":"wp","href":"https:\/\/api.w.org\/{rel}","templated":true}]}}