{"id":55278,"date":"2016-09-29T10:21:44","date_gmt":"2016-09-29T13:21:44","guid":{"rendered":"http:\/\/www.hoymercedes.com.ar\/principal\/?p=55278"},"modified":"2016-09-29T14:58:55","modified_gmt":"2016-09-29T17:58:55","slug":"presentan-nuevos-vehiculos-adquiridos-por-la-municipalidad","status":"publish","type":"post","link":"https:\/\/www.hoymercedes.com.ar\/principal\/2016\/09\/29\/presentan-nuevos-vehiculos-adquiridos-por-la-municipalidad\/","title":{"rendered":"Presentan nuevos  veh\u00edculos  adquiridos por la Municipalidad"},"content":{"rendered":"<p>En horas de la ma\u00f1ana de este jueves 29, la Municipalidad de Mercedes \u00a0present\u00f3 \u00a0los nuevos \u00a0veh\u00edculos \u00a0adquiridos gracias al convenio firmado con la empresa Agrale y convalidado por el HCD.<\/p>\n<p>Se tratan de tres camiones, uno de ellos con un peque\u00f1o acomplado, dos camiones doble cabina y cuatro \u00a0tractores, uno con palas retroescavadoras.<\/p>\n<p><img loading=\"lazy\" decoding=\"async\" data-attachment-id=\"55279\" data-permalink=\"https:\/\/www.hoymercedes.com.ar\/principal\/2016\/09\/29\/presentan-nuevos-vehiculos-adquiridos-por-la-municipalidad\/20160929_101152-640x384\/#main\" data-orig-file=\"https:\/\/www.hoymercedes.com.ar\/principal\/wp-content\/uploads\/2016\/09\/20160929_101152-640x384.jpg\" data-orig-size=\"640,384\" data-comments-opened=\"1\" data-image-meta=\"{&quot;aperture&quot;:&quot;0&quot;,&quot;credit&quot;:&quot;&quot;,&quot;camera&quot;:&quot;&quot;,&quot;caption&quot;:&quot;&quot;,&quot;created_timestamp&quot;:&quot;0&quot;,&quot;copyright&quot;:&quot;&quot;,&quot;focal_length&quot;:&quot;0&quot;,&quot;iso&quot;:&quot;0&quot;,&quot;shutter_speed&quot;:&quot;0&quot;,&quot;title&quot;:&quot;&quot;,&quot;orientation&quot;:&quot;0&quot;}\" data-image-title=\"20160929_101152-640&amp;#215;384\" data-image-description=\"\" data-image-caption=\"\" data-large-file=\"https:\/\/www.hoymercedes.com.ar\/principal\/wp-content\/uploads\/2016\/09\/20160929_101152-640x384.jpg\" class=\"aligncenter size-medium wp-image-55279\" src=\"https:\/\/www.hoymercedes.com.ar\/principal\/wp-content\/uploads\/2016\/09\/20160929_101152-640x384-630x378.jpg\" alt=\"20160929_101152-640x384\" width=\"630\" height=\"378\" srcset=\"https:\/\/www.hoymercedes.com.ar\/principal\/wp-content\/uploads\/2016\/09\/20160929_101152-640x384-630x378.jpg 630w, https:\/\/www.hoymercedes.com.ar\/principal\/wp-content\/uploads\/2016\/09\/20160929_101152-640x384-150x90.jpg 150w, https:\/\/www.hoymercedes.com.ar\/principal\/wp-content\/uploads\/2016\/09\/20160929_101152-640x384.jpg 640w\" sizes=\"auto, (max-width: 630px) 100vw, 630px\" \/><\/p>\n<p>Ustarroz explic\u00f3: \u201clos veh\u00edculos que estamos adquiriendo, tienen un precio de lista de 9 millones de pesos y el municipio hoy los ha comprando por $6.173.000. Es decir que conseguimos un ahorro de $2.837.000, por el pago de contado y por haber hecho esta pr\u00f3rroga de la Ley de Promoci\u00f3n Industrial. Si lo hubi\u00e9ramos comprado no de contado, sino por el sistema leasing, el precio final hubiera sido de $12.826.000. En definitiva, el ahorro que hemos conseguido por esta forma de pago asciende a $6.653.000\u201d<\/p>\n<p>Los veh\u00edculos que se adquirieron son un tractor\u00a0 4230 de simple tracci\u00f3n, rotativa, destinado al \u00e1rea de corte de pasto, implemento desmalezadora.\u00a0Un tractor 575.4 para tareas generales y un tractor 575.4 para tareas generales con implementos adicionales: pala cargadora frontal, perforadores de suelo, hoja niveladora trasera y retro.\u00a0Una pala retro, que ser\u00e1 un implemento para el tractor 575.4, al igual que la adquisici\u00f3n de\u00a0la Pala\u00a0Frontal.\u00a0Un tractor 6110 sin cabina, que estar\u00e1 cumpliendo tareas generales en el marco del Equipo Vial y un cami\u00f3n liviano 8500 Sider, que ira como taller m\u00f3vil de Aguas Corrientes.Tambi\u00e9n\u00a0 2 camiones livianos 8500 de cabina doble, para el Barrido y Mantenimiento Urbano, m\u00e0s dos camiones medianos 14000 4&#215;2 con caja volcadora para tareas generales, y uno del mismo modelo pero caja bivuelvo destinado al Equipo Vial de tosca y escoria.\u00a0Adem\u00e1s, una desmalezadota para el mantenimiento de plazas, implemento de tractor 4230.-<\/p>\n<p>&nbsp;<\/p>\n","protected":false},"excerpt":{"rendered":"<p>En horas de la ma\u00f1ana de este jueves 29, la Municipalidad de Mercedes \u00a0present\u00f3 \u00a0los nuevos \u00a0veh\u00edculos \u00a0adquiridos gracias al &#8230; <a title=\"Presentan nuevos  veh\u00edculos  adquiridos por la Municipalidad\" class=\"read-more\" href=\"https:\/\/www.hoymercedes.com.ar\/principal\/2016\/09\/29\/presentan-nuevos-vehiculos-adquiridos-por-la-municipalidad\/\" aria-label=\"Leer m\u00e1s sobre Presentan nuevos  veh\u00edculos  adquiridos por la Municipalidad\">Leer m\u00e1s<\/a><\/p>\n","protected":false},"author":1,"featured_media":55279,"comment_status":"open","ping_status":"open","sticky":false,"template":"","format":"standard","meta":{"_monsterinsights_skip_tracking":false,"_monsterinsights_sitenote_active":false,"_monsterinsights_sitenote_note":"","_monsterinsights_sitenote_category":0,"jetpack_post_was_ever_published":false,"_jetpack_newsletter_access":"","_jetpack_dont_email_post_to_subs":false,"_jetpack_newsletter_tier_id":0,"_jetpack_memberships_contains_paywalled_content":false,"_jetpack_memberships_contains_paid_content":false,"footnotes":"","jetpack_publicize_message":"","jetpack_publicize_feature_enabled":true,"jetpack_social_post_already_shared":true,"jetpack_social_options":{"image_generator_settings":{"template":"highway","default_image_id":0,"font":"","enabled":false},"version":2},"_wpas_customize_per_network":false},"categories":[30],"tags":[9447,244],"class_list":["post-55278","post","type-post","status-publish","format-standard","has-post-thumbnail","hentry","category-municipio","tag-maquinarias","tag-municipio-2","generate-columns","tablet-grid-50","mobile-grid-100","grid-parent","grid-50"],"jetpack_publicize_connections":[],"jetpack_featured_media_url":"https:\/\/www.hoymercedes.com.ar\/principal\/wp-content\/uploads\/2016\/09\/20160929_101152-640x384.jpg","wps_subtitle":"Expuestos en avenida 29","jetpack_sharing_enabled":true,"_links":{"self":[{"href":"https:\/\/www.hoymercedes.com.ar\/principal\/wp-json\/wp\/v2\/posts\/55278","targetHints":{"allow":["GET"]}}],"collection":[{"href":"https:\/\/www.hoymercedes.com.ar\/principal\/wp-json\/wp\/v2\/posts"}],"about":[{"href":"https:\/\/www.hoymercedes.com.ar\/principal\/wp-json\/wp\/v2\/types\/post"}],"author":[{"embeddable":true,"href":"https:\/\/www.hoymercedes.com.ar\/principal\/wp-json\/wp\/v2\/users\/1"}],"replies":[{"embeddable":true,"href":"https:\/\/www.hoymercedes.com.ar\/principal\/wp-json\/wp\/v2\/comments?post=55278"}],"version-history":[{"count":0,"href":"https:\/\/www.hoymercedes.com.ar\/principal\/wp-json\/wp\/v2\/posts\/55278\/revisions"}],"wp:featuredmedia":[{"embeddable":true,"href":"https:\/\/www.hoymercedes.com.ar\/principal\/wp-json\/wp\/v2\/media\/55279"}],"wp:attachment":[{"href":"https:\/\/www.hoymercedes.com.ar\/principal\/wp-json\/wp\/v2\/media?parent=55278"}],"wp:term":[{"taxonomy":"category","embeddable":true,"href":"https:\/\/www.hoymercedes.com.ar\/principal\/wp-json\/wp\/v2\/categories?post=55278"},{"taxonomy":"post_tag","embeddable":true,"href":"https:\/\/www.hoymercedes.com.ar\/principal\/wp-json\/wp\/v2\/tags?post=55278"}],"curies":[{"name":"wp","href":"https:\/\/api.w.org\/{rel}","templated":true}]}}