{"id":55284,"date":"2016-09-29T14:52:21","date_gmt":"2016-09-29T17:52:21","guid":{"rendered":"http:\/\/www.hoymercedes.com.ar\/principal\/?p=55284"},"modified":"2016-09-29T17:00:41","modified_gmt":"2016-09-29T20:00:41","slug":"instalaran-una-peluqueria-en-el-anexo-femenino","status":"publish","type":"post","link":"https:\/\/www.hoymercedes.com.ar\/principal\/2016\/09\/29\/instalaran-una-peluqueria-en-el-anexo-femenino\/","title":{"rendered":"Instalar\u00e1n una peluquer\u00eda en el Anexo Femenino"},"content":{"rendered":"<p>La cadena de perfumer\u00edas y venta de equipamiento de peluquer\u00edas Las Margaritas, sucursal Mor\u00f3n, a trav\u00e9s de la ONG, Nosotros te Acompa\u00f1amos, presidida por Walter Flores, don\u00f3 un secador de mano, una plancha de cabello, tijeras, peines, y maquina de cortar pelo, para equipar las instalaciones de una peluquer\u00eda que ser\u00e1 inaugura pr\u00f3ximamente.<\/p>\n<p>Adem\u00e1s, la Jueza de Ejecuci\u00f3n N\u00ba 1 acerc\u00f3 un secador de pie, y materiales para llevar adelante las tareas de peluquer\u00edas y la peluquera Griselda Maria Isabel Smith ingresar\u00e1 a ense\u00f1arles, el oficio.<\/p>\n<p>Por otra parte el Suboficial Mayor Mario Cardoso que es el maestro peluquero de la Unidad, y ha realizado de manera ininterrumpida cursos con la poblaci\u00f3n carcelaria, dando a mujeres y varones las ense\u00f1anzas necesarias para ejercer el oficio, ha preparado ya varias internas con los conocimientos necesarios. Adem\u00e1s es el encargado de la Direcci\u00f3n General de Trabajo Penitenciario para coordinar los talleres relacionados al aprendizaje de diversos oficios. En este momento se est\u00e1n dictando electricidad, manejo del durlock, escritura de braille, entre otros.<\/p>\n","protected":false},"excerpt":{"rendered":"<p>La cadena de perfumer\u00edas y venta de equipamiento de peluquer\u00edas Las Margaritas, sucursal Mor\u00f3n, a trav\u00e9s de la ONG, Nosotros &#8230; <a title=\"Instalar\u00e1n una peluquer\u00eda en el Anexo Femenino\" class=\"read-more\" href=\"https:\/\/www.hoymercedes.com.ar\/principal\/2016\/09\/29\/instalaran-una-peluqueria-en-el-anexo-femenino\/\" aria-label=\"Leer m\u00e1s sobre Instalar\u00e1n una peluquer\u00eda en el Anexo Femenino\">Leer m\u00e1s<\/a><\/p>\n","protected":false},"author":1,"featured_media":55285,"comment_status":"open","ping_status":"open","sticky":false,"template":"","format":"standard","meta":{"_monsterinsights_skip_tracking":false,"_monsterinsights_sitenote_active":false,"_monsterinsights_sitenote_note":"","_monsterinsights_sitenote_category":0,"jetpack_post_was_ever_published":false,"_jetpack_newsletter_access":"","_jetpack_dont_email_post_to_subs":false,"_jetpack_newsletter_tier_id":0,"_jetpack_memberships_contains_paywalled_content":false,"_jetpack_memberships_contains_paid_content":false,"footnotes":"","jetpack_publicize_message":"","jetpack_publicize_feature_enabled":true,"jetpack_social_post_already_shared":true,"jetpack_social_options":{"image_generator_settings":{"template":"highway","default_image_id":0,"font":"","enabled":false},"version":2},"_wpas_customize_per_network":false},"categories":[8],"tags":[10060,9041],"class_list":["post-55284","post","type-post","status-publish","format-standard","has-post-thumbnail","hentry","category-sociedad","tag-peluqueria","tag-unidad-no-5","generate-columns","tablet-grid-50","mobile-grid-100","grid-parent","grid-50"],"jetpack_publicize_connections":[],"jetpack_featured_media_url":"https:\/\/www.hoymercedes.com.ar\/principal\/wp-content\/uploads\/2016\/09\/29-peluuqeria.jpg","wps_subtitle":"En la Unidad N\u00ba 5","jetpack_sharing_enabled":true,"_links":{"self":[{"href":"https:\/\/www.hoymercedes.com.ar\/principal\/wp-json\/wp\/v2\/posts\/55284","targetHints":{"allow":["GET"]}}],"collection":[{"href":"https:\/\/www.hoymercedes.com.ar\/principal\/wp-json\/wp\/v2\/posts"}],"about":[{"href":"https:\/\/www.hoymercedes.com.ar\/principal\/wp-json\/wp\/v2\/types\/post"}],"author":[{"embeddable":true,"href":"https:\/\/www.hoymercedes.com.ar\/principal\/wp-json\/wp\/v2\/users\/1"}],"replies":[{"embeddable":true,"href":"https:\/\/www.hoymercedes.com.ar\/principal\/wp-json\/wp\/v2\/comments?post=55284"}],"version-history":[{"count":0,"href":"https:\/\/www.hoymercedes.com.ar\/principal\/wp-json\/wp\/v2\/posts\/55284\/revisions"}],"wp:featuredmedia":[{"embeddable":true,"href":"https:\/\/www.hoymercedes.com.ar\/principal\/wp-json\/wp\/v2\/media\/55285"}],"wp:attachment":[{"href":"https:\/\/www.hoymercedes.com.ar\/principal\/wp-json\/wp\/v2\/media?parent=55284"}],"wp:term":[{"taxonomy":"category","embeddable":true,"href":"https:\/\/www.hoymercedes.com.ar\/principal\/wp-json\/wp\/v2\/categories?post=55284"},{"taxonomy":"post_tag","embeddable":true,"href":"https:\/\/www.hoymercedes.com.ar\/principal\/wp-json\/wp\/v2\/tags?post=55284"}],"curies":[{"name":"wp","href":"https:\/\/api.w.org\/{rel}","templated":true}]}}