{"id":55313,"date":"2016-09-30T16:00:33","date_gmt":"2016-09-30T19:00:33","guid":{"rendered":"http:\/\/www.hoymercedes.com.ar\/principal\/?p=55313"},"modified":"2016-09-30T15:29:47","modified_gmt":"2016-09-30T18:29:47","slug":"alumnos-secundarios-juntaran-alimentos-no-perecederos-para-comedores-locales","status":"publish","type":"post","link":"https:\/\/www.hoymercedes.com.ar\/principal\/2016\/09\/30\/alumnos-secundarios-juntaran-alimentos-no-perecederos-para-comedores-locales\/","title":{"rendered":"Alumnos secundarios juntar\u00e1n alimentos no perecederos para comedores locales"},"content":{"rendered":"<p>La comunidad educativa del Instituto Madre Camila Rol\u00f3n tiene el agrado de comunicar a la sociedad mercedina que durante los d\u00edas s\u00e1bados 1\u00ba y 8 de octubre, los estudiantes de los cursos 1\u00ba \u201cA\u201d y \u201cB\u201d, y 2\u00ba \u00a0\u201cA\u201d y \u201cB\u201d del establecimiento, estar\u00e1n llevando a cabo un proyecto solidario. El mismo consiste en la recolecci\u00f3n de un alimento no perecedero cuyo destino ser\u00e1n algunos comedores de nuestra ciudad.<\/p>\n<p>Los estudiantes estar\u00e1n divididos en grupos, quienes junto a padres y profesores recorrer\u00e1n manzanas seleccionadas el d\u00eda 1\u00ba de octubre al mediod\u00eda para contar sobre el proyecto y dejar notificado que pasar\u00e1n el 8 de octubre a retirar un alimento no perecedero para llevar ese mismo d\u00eda al comedor elegido.<\/p>\n<p>Se recuerda a la comunidad que el Instituto Madre Camila Rol\u00f3n en el a\u00f1o 1998 incorpor\u00f3 el premio al alumno m\u00e1s solidario a los alumnos de 6\u00ba a\u00f1o que terminaban el ciclo secundario, en memoria de Gast\u00f3n Cova, alumno de la primera promoci\u00f3n que falleci\u00f3 ese a\u00f1o y se destac\u00f3 por su solidaridad, no s\u00f3lo hacia sus compa\u00f1eros sino tambi\u00e9n a los adultos.<\/p>\n<p>\u00abNuestra escuela por su trayectoria, debe seguir incorporando la solidaridad como valor esencial para que los estudiantes sean buenos alumnos, buenas personas y buenos ciudadanos a pesar de la crisis de valores que se vive a nivel mundial y nacional.\u00a0Como colegio cat\u00f3lico y en unidad con la iglesia que declar\u00f3 el a\u00f1o 2016 como el a\u00f1o de la misericordia, trabajamos espec\u00edficamente una de las obras de misericordia que consiste en &#8216;dad de comer al hambriento&#8217;. En este gesto sencillo, solidario y justo, lo importante no es lo que hacemos, lo importante es que el otro reciba ayuda.\u00a0Esperamos contar con el apoyo de la comunidad mercedina en este proyecto. Recordar que el d\u00eda 1\u00ba y 8 de octubre algunos estudiantes estar\u00e1n recorriendo los barrios c\u00e9ntricos entregando folletos y contando m\u00e1s acerca de este proyecto\u00bb, expresaron desde la Comunidad educativa del Instituto Madre Camila Rol\u00f3n<\/p>\n","protected":false},"excerpt":{"rendered":"<p>La comunidad educativa del Instituto Madre Camila Rol\u00f3n tiene el agrado de comunicar a la sociedad mercedina que durante los &#8230; <a title=\"Alumnos secundarios juntar\u00e1n alimentos no perecederos para comedores locales\" class=\"read-more\" href=\"https:\/\/www.hoymercedes.com.ar\/principal\/2016\/09\/30\/alumnos-secundarios-juntaran-alimentos-no-perecederos-para-comedores-locales\/\" aria-label=\"Leer m\u00e1s sobre Alumnos secundarios juntar\u00e1n alimentos no perecederos para comedores locales\">Leer m\u00e1s<\/a><\/p>\n","protected":false},"author":1,"featured_media":55319,"comment_status":"open","ping_status":"open","sticky":false,"template":"","format":"standard","meta":{"_monsterinsights_skip_tracking":false,"_monsterinsights_sitenote_active":false,"_monsterinsights_sitenote_note":"","_monsterinsights_sitenote_category":0,"jetpack_post_was_ever_published":false,"_jetpack_newsletter_access":"","_jetpack_dont_email_post_to_subs":false,"_jetpack_newsletter_tier_id":0,"_jetpack_memberships_contains_paywalled_content":false,"_jetpack_memberships_contains_paid_content":false,"footnotes":"","jetpack_publicize_message":"","jetpack_publicize_feature_enabled":true,"jetpack_social_post_already_shared":true,"jetpack_social_options":{"image_generator_settings":{"template":"highway","default_image_id":0,"font":"","enabled":false},"version":2},"_wpas_customize_per_network":false},"categories":[23],"tags":[14,47,3361],"class_list":["post-55313","post","type-post","status-publish","format-standard","has-post-thumbnail","hentry","category-educacion","tag-camila-rolon","tag-educacion-2","tag-solidaridad","generate-columns","tablet-grid-50","mobile-grid-100","grid-parent","grid-50"],"jetpack_publicize_connections":[],"jetpack_featured_media_url":"https:\/\/www.hoymercedes.com.ar\/principal\/wp-content\/uploads\/2016\/09\/30-camila-rolon.jpg","wps_subtitle":"Proyecto solidario del Instituto Madre Camila","jetpack_sharing_enabled":true,"_links":{"self":[{"href":"https:\/\/www.hoymercedes.com.ar\/principal\/wp-json\/wp\/v2\/posts\/55313","targetHints":{"allow":["GET"]}}],"collection":[{"href":"https:\/\/www.hoymercedes.com.ar\/principal\/wp-json\/wp\/v2\/posts"}],"about":[{"href":"https:\/\/www.hoymercedes.com.ar\/principal\/wp-json\/wp\/v2\/types\/post"}],"author":[{"embeddable":true,"href":"https:\/\/www.hoymercedes.com.ar\/principal\/wp-json\/wp\/v2\/users\/1"}],"replies":[{"embeddable":true,"href":"https:\/\/www.hoymercedes.com.ar\/principal\/wp-json\/wp\/v2\/comments?post=55313"}],"version-history":[{"count":0,"href":"https:\/\/www.hoymercedes.com.ar\/principal\/wp-json\/wp\/v2\/posts\/55313\/revisions"}],"wp:featuredmedia":[{"embeddable":true,"href":"https:\/\/www.hoymercedes.com.ar\/principal\/wp-json\/wp\/v2\/media\/55319"}],"wp:attachment":[{"href":"https:\/\/www.hoymercedes.com.ar\/principal\/wp-json\/wp\/v2\/media?parent=55313"}],"wp:term":[{"taxonomy":"category","embeddable":true,"href":"https:\/\/www.hoymercedes.com.ar\/principal\/wp-json\/wp\/v2\/categories?post=55313"},{"taxonomy":"post_tag","embeddable":true,"href":"https:\/\/www.hoymercedes.com.ar\/principal\/wp-json\/wp\/v2\/tags?post=55313"}],"curies":[{"name":"wp","href":"https:\/\/api.w.org\/{rel}","templated":true}]}}