{"id":55381,"date":"2016-10-01T17:55:28","date_gmt":"2016-10-01T20:55:28","guid":{"rendered":"http:\/\/www.hoymercedes.com.ar\/principal\/?p=55381"},"modified":"2016-10-01T19:58:18","modified_gmt":"2016-10-01T22:58:18","slug":"musicos-mercedinos-homenajearon-a-cuchi-leguizamon","status":"publish","type":"post","link":"https:\/\/www.hoymercedes.com.ar\/principal\/2016\/10\/01\/musicos-mercedinos-homenajearon-a-cuchi-leguizamon\/","title":{"rendered":"Musicos mercedinos homenajearon a \u00abCuchi\u00bb Leguizam\u00f3n"},"content":{"rendered":"<p>La C\u00e1tedra de Canto Folclore del Conservatorio de M\u00fasica de Mercedes organiz\u00f3 un concierto homenajes al compositor Gustavo \u00abCuchi\u00bb Leguizam\u00f3n, a 16 a\u00f1os de su fallecimiento. Del encuentro participaron Ricardo Chazarreta, Claudio Zermoglio e Ignacio Delagnes (guitarra) y Y\u00e9sica Andrada, Marilina Erramuspe, Yoana D&#8217;agnillo, Vanesa Gonz\u00e1lez, Carolina Pighin, Natalia Zabala, Karina Tomasi, Claudio Zermoglio, Maximiliano Conti.<\/p>\n<p><img loading=\"lazy\" decoding=\"async\" data-attachment-id=\"55377\" data-permalink=\"https:\/\/www.hoymercedes.com.ar\/principal\/2016\/10\/01\/el-dr-jaunarena-diserto-sobre-el-rol-de-las-fuerzas-armadas\/01-mamm-musical\/#main\" data-orig-file=\"https:\/\/www.hoymercedes.com.ar\/principal\/wp-content\/uploads\/2016\/10\/01-mamm-musical.jpg\" data-orig-size=\"448,299\" data-comments-opened=\"1\" data-image-meta=\"{&quot;aperture&quot;:&quot;4&quot;,&quot;credit&quot;:&quot;&quot;,&quot;camera&quot;:&quot;NIKON D3100&quot;,&quot;caption&quot;:&quot;&quot;,&quot;created_timestamp&quot;:&quot;1475266020&quot;,&quot;copyright&quot;:&quot;&quot;,&quot;focal_length&quot;:&quot;28&quot;,&quot;iso&quot;:&quot;1800&quot;,&quot;shutter_speed&quot;:&quot;0.016666666666667&quot;,&quot;title&quot;:&quot;&quot;,&quot;orientation&quot;:&quot;1&quot;}\" data-image-title=\"01-mamm-musical\" data-image-description=\"\" data-image-caption=\"\" data-large-file=\"https:\/\/www.hoymercedes.com.ar\/principal\/wp-content\/uploads\/2016\/10\/01-mamm-musical.jpg\" class=\"aligncenter size-full wp-image-55377\" src=\"https:\/\/www.hoymercedes.com.ar\/principal\/wp-content\/uploads\/2016\/10\/01-mamm-musical.jpg\" alt=\"01-mamm-musical\" width=\"448\" height=\"299\" srcset=\"https:\/\/www.hoymercedes.com.ar\/principal\/wp-content\/uploads\/2016\/10\/01-mamm-musical.jpg 448w, https:\/\/www.hoymercedes.com.ar\/principal\/wp-content\/uploads\/2016\/10\/01-mamm-musical-150x100.jpg 150w, https:\/\/www.hoymercedes.com.ar\/principal\/wp-content\/uploads\/2016\/10\/01-mamm-musical-300x200.jpg 300w\" sizes=\"auto, (max-width: 448px) 100vw, 448px\" \/><\/p>\n","protected":false},"excerpt":{"rendered":"<p>La C\u00e1tedra de Canto Folclore del Conservatorio de M\u00fasica de Mercedes organiz\u00f3 un concierto homenajes al compositor Gustavo \u00abCuchi\u00bb Leguizam\u00f3n, &#8230; <a title=\"Musicos mercedinos homenajearon a \u00abCuchi\u00bb Leguizam\u00f3n\" class=\"read-more\" href=\"https:\/\/www.hoymercedes.com.ar\/principal\/2016\/10\/01\/musicos-mercedinos-homenajearon-a-cuchi-leguizamon\/\" aria-label=\"Leer m\u00e1s sobre Musicos mercedinos homenajearon a \u00abCuchi\u00bb Leguizam\u00f3n\">Leer m\u00e1s<\/a><\/p>\n","protected":false},"author":1,"featured_media":55377,"comment_status":"open","ping_status":"open","sticky":false,"template":"","format":"standard","meta":{"_monsterinsights_skip_tracking":false,"_monsterinsights_sitenote_active":false,"_monsterinsights_sitenote_note":"","_monsterinsights_sitenote_category":0,"jetpack_post_was_ever_published":false,"_jetpack_newsletter_access":"","_jetpack_dont_email_post_to_subs":false,"_jetpack_newsletter_tier_id":0,"_jetpack_memberships_contains_paywalled_content":false,"_jetpack_memberships_contains_paid_content":false,"footnotes":"","jetpack_publicize_message":"","jetpack_publicize_feature_enabled":true,"jetpack_social_post_already_shared":true,"jetpack_social_options":{"image_generator_settings":{"template":"highway","default_image_id":0,"font":"","enabled":false},"version":2},"_wpas_customize_per_network":false},"categories":[104],"tags":[1221,7805,8674],"class_list":["post-55381","post","type-post","status-publish","format-standard","has-post-thumbnail","hentry","category-cultura","tag-conservatorio-de-musica","tag-cultura","tag-mamm","generate-columns","tablet-grid-50","mobile-grid-100","grid-parent","grid-50"],"jetpack_publicize_connections":[],"jetpack_featured_media_url":"https:\/\/www.hoymercedes.com.ar\/principal\/wp-content\/uploads\/2016\/10\/01-mamm-musical.jpg","wps_subtitle":"Viernes folcl\u00f3rico ","jetpack_sharing_enabled":true,"_links":{"self":[{"href":"https:\/\/www.hoymercedes.com.ar\/principal\/wp-json\/wp\/v2\/posts\/55381","targetHints":{"allow":["GET"]}}],"collection":[{"href":"https:\/\/www.hoymercedes.com.ar\/principal\/wp-json\/wp\/v2\/posts"}],"about":[{"href":"https:\/\/www.hoymercedes.com.ar\/principal\/wp-json\/wp\/v2\/types\/post"}],"author":[{"embeddable":true,"href":"https:\/\/www.hoymercedes.com.ar\/principal\/wp-json\/wp\/v2\/users\/1"}],"replies":[{"embeddable":true,"href":"https:\/\/www.hoymercedes.com.ar\/principal\/wp-json\/wp\/v2\/comments?post=55381"}],"version-history":[{"count":0,"href":"https:\/\/www.hoymercedes.com.ar\/principal\/wp-json\/wp\/v2\/posts\/55381\/revisions"}],"wp:featuredmedia":[{"embeddable":true,"href":"https:\/\/www.hoymercedes.com.ar\/principal\/wp-json\/wp\/v2\/media\/55377"}],"wp:attachment":[{"href":"https:\/\/www.hoymercedes.com.ar\/principal\/wp-json\/wp\/v2\/media?parent=55381"}],"wp:term":[{"taxonomy":"category","embeddable":true,"href":"https:\/\/www.hoymercedes.com.ar\/principal\/wp-json\/wp\/v2\/categories?post=55381"},{"taxonomy":"post_tag","embeddable":true,"href":"https:\/\/www.hoymercedes.com.ar\/principal\/wp-json\/wp\/v2\/tags?post=55381"}],"curies":[{"name":"wp","href":"https:\/\/api.w.org\/{rel}","templated":true}]}}