{"id":55412,"date":"2016-10-03T11:34:32","date_gmt":"2016-10-03T14:34:32","guid":{"rendered":"http:\/\/www.hoymercedes.com.ar\/principal\/?p=55412"},"modified":"2016-10-03T16:44:34","modified_gmt":"2016-10-03T19:44:34","slug":"el-cdr-dicta-capacitacion-en-educacion-sexual-integral","status":"publish","type":"post","link":"https:\/\/www.hoymercedes.com.ar\/principal\/2016\/10\/03\/el-cdr-dicta-capacitacion-en-educacion-sexual-integral\/","title":{"rendered":"El CDR dicta capacitaci\u00f3n en Educaci\u00f3n Sexual Integral"},"content":{"rendered":"<p><em><strong>Organizada por el Centro de Referencia del Ministerio de Desarrollo Social de la Naci\u00f3n junto a la Inspecci\u00f3n de Psicolog\u00eda Mercedes-Suipacha del \u00e1rea de Educaci\u00f3n se brinda una capacitaci\u00f3n en el marco de la Ley de Educaci\u00f3n Sexual Integral 26.150 destinada a los equipos de orientaci\u00f3n social escolar. Participaron de este segundo encuentro realizado este mi\u00e9rcoles cerca de 50 profesionales del nivel inicial, secundario y adultos.<\/strong><\/em><\/p>\n<p><img loading=\"lazy\" decoding=\"async\" data-attachment-id=\"55414\" data-permalink=\"https:\/\/www.hoymercedes.com.ar\/principal\/2016\/10\/03\/el-cdr-dicta-capacitacion-en-educacion-sexual-integral\/03-cap-educ-sexual-integral\/#main\" data-orig-file=\"https:\/\/www.hoymercedes.com.ar\/principal\/wp-content\/uploads\/2016\/10\/03-CAP.-EDUC.-SEXUAL-INTEGRAL.jpg\" data-orig-size=\"448,202\" data-comments-opened=\"1\" data-image-meta=\"{&quot;aperture&quot;:&quot;0&quot;,&quot;credit&quot;:&quot;&quot;,&quot;camera&quot;:&quot;&quot;,&quot;caption&quot;:&quot;&quot;,&quot;created_timestamp&quot;:&quot;0&quot;,&quot;copyright&quot;:&quot;&quot;,&quot;focal_length&quot;:&quot;0&quot;,&quot;iso&quot;:&quot;0&quot;,&quot;shutter_speed&quot;:&quot;0&quot;,&quot;title&quot;:&quot;&quot;,&quot;orientation&quot;:&quot;0&quot;}\" data-image-title=\"03-cap-educ-sexual-integral\" data-image-description=\"\" data-image-caption=\"\" data-large-file=\"https:\/\/www.hoymercedes.com.ar\/principal\/wp-content\/uploads\/2016\/10\/03-CAP.-EDUC.-SEXUAL-INTEGRAL.jpg\" class=\"aligncenter size-full wp-image-55414\" src=\"https:\/\/www.hoymercedes.com.ar\/principal\/wp-content\/uploads\/2016\/10\/03-CAP.-EDUC.-SEXUAL-INTEGRAL.jpg\" alt=\"03-cap-educ-sexual-integral\" width=\"448\" height=\"202\" srcset=\"https:\/\/www.hoymercedes.com.ar\/principal\/wp-content\/uploads\/2016\/10\/03-CAP.-EDUC.-SEXUAL-INTEGRAL.jpg 448w, https:\/\/www.hoymercedes.com.ar\/principal\/wp-content\/uploads\/2016\/10\/03-CAP.-EDUC.-SEXUAL-INTEGRAL-150x68.jpg 150w\" sizes=\"auto, (max-width: 448px) 100vw, 448px\" \/><\/p>\n<p>Ana Luna, articuladora del CDR se\u00f1al\u00f3 que \u201cel Ministerio de Desarrollo Social dentro de sus pol\u00edticas p\u00fablicas impulsa la promoci\u00f3n de proyectos que tengan como eje las tem\u00e1ticas de g\u00e9nero y diversidad sexual con el fin de construir una sociedad m\u00e1s plural, diversa e igualitaria en t\u00e9rminos sociales, culturales y legales. En este sentido, esta propuesta que se presenta junto a la Inspectora de Psicolog\u00eda, Silvia Sisini busca brindar herramientas te\u00f3rico-pr\u00e1cticas para que los equipos t\u00e9cnicos de orientaci\u00f3n escolar puedan dise\u00f1ar secuencias l\u00fadicas y abordar con los j\u00f3venes el derecho a la educaci\u00f3n sexual integral previsto en la Ley\u201d.<\/p>\n<p>En el a\u00f1o 2008, despu\u00e9s de la sanci\u00f3n de la\u00a0Ley Nacional N\u00b0 26.150, se cre\u00f3 el\u00a0Programa Nacional de Educaci\u00f3n Sexual Integral \u2013ESI-, del\u00a0Ministerio de Educaci\u00f3n de la Naci\u00f3n, con el objetivo de coordinar, implementar y evaluar diferentes acciones sobre la tem\u00e1tica en todo el pa\u00eds, a la vez que establece la responsabilidad del Estado en hacer cumplir el derecho de los ni\u00f1os, ni\u00f1as y adolescentes a recibir\u00a0Educaci\u00f3n Sexual Integral.<\/p>\n<p>En este sentido, la Inspectora de Psicolog\u00eda de la Ciudad, Silvia Sisinni se\u00f1al\u00f3 que los equipos de Orientaci\u00f3n Social Educacional -compuestos por trabajadores sociales, psicopedagogas, psic\u00f3logos, fonoaudi\u00f3logas, etc- y que est\u00e1n participando de la capacitaci\u00f3n \u201cson los encargados de promover la implementaci\u00f3n de las ESI en las diferentes instituciones educativas y tambi\u00e9n de orientar para que en cada \u00e1rea curricular se puedan implementar los ejes que plantea el programa\u201d.<\/p>\n<p><img loading=\"lazy\" decoding=\"async\" data-attachment-id=\"55416\" data-permalink=\"https:\/\/www.hoymercedes.com.ar\/principal\/2016\/10\/03\/el-cdr-dicta-capacitacion-en-educacion-sexual-integral\/03-cap-educ-sexual-integral-2\/#main\" data-orig-file=\"https:\/\/www.hoymercedes.com.ar\/principal\/wp-content\/uploads\/2016\/10\/03-CAP.-EDUC.-SEXUAL-INTEGRAL-2.jpg\" data-orig-size=\"448,190\" data-comments-opened=\"1\" data-image-meta=\"{&quot;aperture&quot;:&quot;0&quot;,&quot;credit&quot;:&quot;&quot;,&quot;camera&quot;:&quot;&quot;,&quot;caption&quot;:&quot;&quot;,&quot;created_timestamp&quot;:&quot;0&quot;,&quot;copyright&quot;:&quot;&quot;,&quot;focal_length&quot;:&quot;0&quot;,&quot;iso&quot;:&quot;0&quot;,&quot;shutter_speed&quot;:&quot;0&quot;,&quot;title&quot;:&quot;&quot;,&quot;orientation&quot;:&quot;0&quot;}\" data-image-title=\"03-cap-educ-sexual-integral-2\" data-image-description=\"\" data-image-caption=\"\" data-large-file=\"https:\/\/www.hoymercedes.com.ar\/principal\/wp-content\/uploads\/2016\/10\/03-CAP.-EDUC.-SEXUAL-INTEGRAL-2.jpg\" class=\"aligncenter size-full wp-image-55416\" src=\"https:\/\/www.hoymercedes.com.ar\/principal\/wp-content\/uploads\/2016\/10\/03-CAP.-EDUC.-SEXUAL-INTEGRAL-2.jpg\" alt=\"03-cap-educ-sexual-integral-2\" width=\"448\" height=\"190\" srcset=\"https:\/\/www.hoymercedes.com.ar\/principal\/wp-content\/uploads\/2016\/10\/03-CAP.-EDUC.-SEXUAL-INTEGRAL-2.jpg 448w, https:\/\/www.hoymercedes.com.ar\/principal\/wp-content\/uploads\/2016\/10\/03-CAP.-EDUC.-SEXUAL-INTEGRAL-2-150x64.jpg 150w\" sizes=\"auto, (max-width: 448px) 100vw, 448px\" \/><\/p>\n<p>La capacitaci\u00f3n -iniciada durante el mes de agosto-, consta de cinco encuentros dictados una vez al mes y parte de un enfoque integral que considera a la sexualidad desde los aspectos biol\u00f3gicos, psicol\u00f3gicos, sociales, culturales, afectivos, \u00e9ticos y jur\u00eddicos.<\/p>\n<p>La propuesta del CDR est\u00e1 destinada a \u201caportar un marco te\u00f3rico-pr\u00e1ctico como es la din\u00e1mica del juego -que se viene trabajando desde hace tres desde el Centro de Referencia en diferentes instituciones educativas-, para abordar la Ley 26.150.\u201d cont\u00f3 Silvio Paredes. En este sentido, \u201cse propone una din\u00e1mica de tres juegos que se pueden planificar en base a las necesidades e inquietudes que surgen de los sujetos que van a participar y de cada establecimiento educativo teniendo en cuenta un abordaje integral, respetando las diferencias de los sujetos, los gustos sexuales, las relaciones entre s\u00ed y grupales. El juego siempre es liberador y nos permite poder hablar de manera m\u00e1s din\u00e1mica y participativa de un tema tan tab\u00fa como es la sexualidad\u201d agreg\u00f3.<\/p>\n<p>Participa de la capacitaci\u00f3n por parte de la Coordinaci\u00f3n Nacional de Diversidad Sexual del MDS, Nancy Bustamante, quien se refiri\u00f3 a la perspectiva de g\u00e9nero reconociendo la diversidad sexual y Natalia Barsotti por el CDR local. En este segundo encuentro, disert\u00f3 tambi\u00e9n el doctor Miguel Carrere \u2013m\u00e9dico de la modalidad de Psicolog\u00eda Comunitaria y Psicolog\u00eda Social- quien hizo hincapi\u00e9 en los derechos sexuales y reproductivos de los j\u00f3venes, el cuidado del cuerpo, enfermedades de transmisi\u00f3n sexual, m\u00e9todos anticonceptivos, etc<\/p>\n<p><img loading=\"lazy\" decoding=\"async\" data-attachment-id=\"55415\" data-permalink=\"https:\/\/www.hoymercedes.com.ar\/principal\/2016\/10\/03\/el-cdr-dicta-capacitacion-en-educacion-sexual-integral\/03-cap-educ-sexual-integral-1\/#main\" data-orig-file=\"https:\/\/www.hoymercedes.com.ar\/principal\/wp-content\/uploads\/2016\/10\/03-CAP.-EDUC.-SEXUAL-INTEGRAL-1.jpg\" data-orig-size=\"448,187\" data-comments-opened=\"1\" data-image-meta=\"{&quot;aperture&quot;:&quot;0&quot;,&quot;credit&quot;:&quot;&quot;,&quot;camera&quot;:&quot;&quot;,&quot;caption&quot;:&quot;&quot;,&quot;created_timestamp&quot;:&quot;0&quot;,&quot;copyright&quot;:&quot;&quot;,&quot;focal_length&quot;:&quot;0&quot;,&quot;iso&quot;:&quot;0&quot;,&quot;shutter_speed&quot;:&quot;0&quot;,&quot;title&quot;:&quot;&quot;,&quot;orientation&quot;:&quot;0&quot;}\" data-image-title=\"03-cap-educ-sexual-integral-1\" data-image-description=\"\" data-image-caption=\"\" data-large-file=\"https:\/\/www.hoymercedes.com.ar\/principal\/wp-content\/uploads\/2016\/10\/03-CAP.-EDUC.-SEXUAL-INTEGRAL-1.jpg\" class=\"aligncenter size-full wp-image-55415\" src=\"https:\/\/www.hoymercedes.com.ar\/principal\/wp-content\/uploads\/2016\/10\/03-CAP.-EDUC.-SEXUAL-INTEGRAL-1.jpg\" alt=\"03-cap-educ-sexual-integral-1\" width=\"448\" height=\"187\" srcset=\"https:\/\/www.hoymercedes.com.ar\/principal\/wp-content\/uploads\/2016\/10\/03-CAP.-EDUC.-SEXUAL-INTEGRAL-1.jpg 448w, https:\/\/www.hoymercedes.com.ar\/principal\/wp-content\/uploads\/2016\/10\/03-CAP.-EDUC.-SEXUAL-INTEGRAL-1-150x63.jpg 150w\" sizes=\"auto, (max-width: 448px) 100vw, 448px\" \/><\/p>\n<p>Durante los dos \u00faltimos encuentros a realizarse en noviembre y diciembre los asistentes deben dise\u00f1ar y presentar propuestas de trabajos teniendo en cuenta los lineamientos que establece la Ley 26.150 y su incorporaci\u00f3n en el aula teniendo en cuenta en la ense\u00f1anza que los contenidos escolares sean adecuados a las edades de ni\u00f1os, ni\u00f1as, y adolescentes.<\/p>\n","protected":false},"excerpt":{"rendered":"<p>Organizada por el Centro de Referencia del Ministerio de Desarrollo Social de la Naci\u00f3n junto a la Inspecci\u00f3n de Psicolog\u00eda &#8230; <a title=\"El CDR dicta capacitaci\u00f3n en Educaci\u00f3n Sexual Integral\" class=\"read-more\" href=\"https:\/\/www.hoymercedes.com.ar\/principal\/2016\/10\/03\/el-cdr-dicta-capacitacion-en-educacion-sexual-integral\/\" aria-label=\"Leer m\u00e1s sobre El CDR dicta capacitaci\u00f3n en Educaci\u00f3n Sexual Integral\">Leer m\u00e1s<\/a><\/p>\n","protected":false},"author":1,"featured_media":55416,"comment_status":"open","ping_status":"open","sticky":false,"template":"","format":"standard","meta":{"_monsterinsights_skip_tracking":false,"_monsterinsights_sitenote_active":false,"_monsterinsights_sitenote_note":"","_monsterinsights_sitenote_category":0,"jetpack_post_was_ever_published":false,"_jetpack_newsletter_access":"","_jetpack_dont_email_post_to_subs":false,"_jetpack_newsletter_tier_id":0,"_jetpack_memberships_contains_paywalled_content":false,"_jetpack_memberships_contains_paid_content":false,"footnotes":"","jetpack_publicize_message":"","jetpack_publicize_feature_enabled":true,"jetpack_social_post_already_shared":true,"jetpack_social_options":{"image_generator_settings":{"template":"highway","default_image_id":0,"font":"","enabled":false},"version":2},"_wpas_customize_per_network":false},"categories":[5210],"tags":[8656,6056,10071,10072],"class_list":["post-55412","post","type-post","status-publish","format-standard","has-post-thumbnail","hentry","category-politica-nacional","tag-capacitacion","tag-centro-de-referencia","tag-desarrollo-social-de-nacion","tag-educacion-sexual","generate-columns","tablet-grid-50","mobile-grid-100","grid-parent","grid-50"],"jetpack_publicize_connections":[],"jetpack_featured_media_url":"https:\/\/www.hoymercedes.com.ar\/principal\/wp-content\/uploads\/2016\/10\/03-CAP.-EDUC.-SEXUAL-INTEGRAL-2.jpg","wps_subtitle":"Para profesionales en educaci\u00f3n","jetpack_sharing_enabled":true,"_links":{"self":[{"href":"https:\/\/www.hoymercedes.com.ar\/principal\/wp-json\/wp\/v2\/posts\/55412","targetHints":{"allow":["GET"]}}],"collection":[{"href":"https:\/\/www.hoymercedes.com.ar\/principal\/wp-json\/wp\/v2\/posts"}],"about":[{"href":"https:\/\/www.hoymercedes.com.ar\/principal\/wp-json\/wp\/v2\/types\/post"}],"author":[{"embeddable":true,"href":"https:\/\/www.hoymercedes.com.ar\/principal\/wp-json\/wp\/v2\/users\/1"}],"replies":[{"embeddable":true,"href":"https:\/\/www.hoymercedes.com.ar\/principal\/wp-json\/wp\/v2\/comments?post=55412"}],"version-history":[{"count":0,"href":"https:\/\/www.hoymercedes.com.ar\/principal\/wp-json\/wp\/v2\/posts\/55412\/revisions"}],"wp:featuredmedia":[{"embeddable":true,"href":"https:\/\/www.hoymercedes.com.ar\/principal\/wp-json\/wp\/v2\/media\/55416"}],"wp:attachment":[{"href":"https:\/\/www.hoymercedes.com.ar\/principal\/wp-json\/wp\/v2\/media?parent=55412"}],"wp:term":[{"taxonomy":"category","embeddable":true,"href":"https:\/\/www.hoymercedes.com.ar\/principal\/wp-json\/wp\/v2\/categories?post=55412"},{"taxonomy":"post_tag","embeddable":true,"href":"https:\/\/www.hoymercedes.com.ar\/principal\/wp-json\/wp\/v2\/tags?post=55412"}],"curies":[{"name":"wp","href":"https:\/\/api.w.org\/{rel}","templated":true}]}}