{"id":55537,"date":"2016-10-05T14:08:00","date_gmt":"2016-10-05T17:08:00","guid":{"rendered":"http:\/\/www.hoymercedes.com.ar\/principal\/?p=55537"},"modified":"2016-10-05T14:08:00","modified_gmt":"2016-10-05T17:08:00","slug":"los-adultos-mayores-cuentan-las-historias-detras-de-sus-fotos","status":"publish","type":"post","link":"https:\/\/www.hoymercedes.com.ar\/principal\/2016\/10\/05\/los-adultos-mayores-cuentan-las-historias-detras-de-sus-fotos\/","title":{"rendered":"Los Adultos Mayores cuentan las historias detr\u00e1s de sus fotos"},"content":{"rendered":"<p><strong><em>\u00abCada fotograf\u00eda guarda un recuerdo que vale la pena conocer\u00bb. Con esa idea, el Ministerio de Desarrollo Social organiza en hogares de Mercedes encuentros para que los mayores cuenten momentos importantes de sus vidas. Un buen ejercicio para estimular la memoria y compartir sus experiencias.<\/em><\/strong><\/p>\n<p><img loading=\"lazy\" decoding=\"async\" data-attachment-id=\"55541\" data-permalink=\"https:\/\/www.hoymercedes.com.ar\/principal\/2016\/10\/05\/los-adultos-mayores-cuentan-las-historias-detras-de-sus-fotos\/05-hogar-ulises-dandrea-2\/#main\" data-orig-file=\"https:\/\/www.hoymercedes.com.ar\/principal\/wp-content\/uploads\/2016\/10\/05-hogar-ulises-dandrea-2.jpg\" data-orig-size=\"448,336\" data-comments-opened=\"1\" data-image-meta=\"{&quot;aperture&quot;:&quot;0&quot;,&quot;credit&quot;:&quot;&quot;,&quot;camera&quot;:&quot;&quot;,&quot;caption&quot;:&quot;&quot;,&quot;created_timestamp&quot;:&quot;0&quot;,&quot;copyright&quot;:&quot;&quot;,&quot;focal_length&quot;:&quot;0&quot;,&quot;iso&quot;:&quot;0&quot;,&quot;shutter_speed&quot;:&quot;0&quot;,&quot;title&quot;:&quot;&quot;,&quot;orientation&quot;:&quot;0&quot;}\" data-image-title=\"05-hogar-ulises-dandrea-2\" data-image-description=\"\" data-image-caption=\"\" data-large-file=\"https:\/\/www.hoymercedes.com.ar\/principal\/wp-content\/uploads\/2016\/10\/05-hogar-ulises-dandrea-2.jpg\" class=\"aligncenter size-full wp-image-55541\" src=\"https:\/\/www.hoymercedes.com.ar\/principal\/wp-content\/uploads\/2016\/10\/05-hogar-ulises-dandrea-2.jpg\" alt=\"05-hogar-ulises-dandrea-2\" width=\"448\" height=\"336\" srcset=\"https:\/\/www.hoymercedes.com.ar\/principal\/wp-content\/uploads\/2016\/10\/05-hogar-ulises-dandrea-2.jpg 448w, https:\/\/www.hoymercedes.com.ar\/principal\/wp-content\/uploads\/2016\/10\/05-hogar-ulises-dandrea-2-150x113.jpg 150w\" sizes=\"auto, (max-width: 448px) 100vw, 448px\" \/><\/p>\n<p>Detr\u00e1s de una fotograf\u00eda hay siempre un acontecimiento que desea ser contado. Puede ser una historia de amor en la adolescencia, un recuerdo de la infancia con amigos, un encuentro especial en la adultez. No importa la edad, registrar momentos en la vida de una persona ayuda a generar ese sentimiento de haber vivido con alegr\u00eda.<\/p>\n<p>Para los\u00a0adultos mayores\u00a0que residen en los hogares Villa Abrile, Ulises D`Andrea y Divina Providencia, contar sus historias mediante fotograf\u00edas result\u00f3 ser una experiencia que atesorar\u00e1n para\u00a0siempre.<\/p>\n<p>\u201cUna foto, una historia\u201d es una iniciativa que impulsa Desarrollo Social, a trav\u00e9s del\u00a0Centro de Referencia Mercedes, para que las personas mayores que viven en hogares puedan fortalecer los v\u00ednculos afectivos entre ellos. La actividad busca\u00a0impulsar la participaci\u00f3n de los residentes y, sobre todo, que tengan la oportunidad de sentirse protagonistas.<\/p>\n<p>Oscar Pascarelli (61) vive en el Hogar Ulises D\u00b4Andrea. Con una foto en su mano cuenta una an\u00e9cdota de 1972: \u201cEra un hermoso d\u00eda de sol en primavera. Fuimos hasta Lobos -a 70 km de Mercedes-\u00a0 junto con mi primo Julio y un amigo Pedro Ver\u00f3n en mi moto \u201cla Pumita\u201d. Fuimos a disfrutar de una jineteada, guitarreada y algunas d\u00e9cimas criollas\u201d.<\/p>\n<p><img loading=\"lazy\" decoding=\"async\" data-attachment-id=\"55539\" data-permalink=\"https:\/\/www.hoymercedes.com.ar\/principal\/2016\/10\/05\/los-adultos-mayores-cuentan-las-historias-detras-de-sus-fotos\/05-hogar-ulises-dandrea-3\/#main\" data-orig-file=\"https:\/\/www.hoymercedes.com.ar\/principal\/wp-content\/uploads\/2016\/10\/05-hogar-ulises-dandrea-3.jpg\" data-orig-size=\"448,299\" data-comments-opened=\"1\" data-image-meta=\"{&quot;aperture&quot;:&quot;0&quot;,&quot;credit&quot;:&quot;&quot;,&quot;camera&quot;:&quot;&quot;,&quot;caption&quot;:&quot;&quot;,&quot;created_timestamp&quot;:&quot;0&quot;,&quot;copyright&quot;:&quot;&quot;,&quot;focal_length&quot;:&quot;0&quot;,&quot;iso&quot;:&quot;0&quot;,&quot;shutter_speed&quot;:&quot;0&quot;,&quot;title&quot;:&quot;&quot;,&quot;orientation&quot;:&quot;0&quot;}\" data-image-title=\"05-hogar-ulises-dandrea-3\" data-image-description=\"\" data-image-caption=\"\" data-large-file=\"https:\/\/www.hoymercedes.com.ar\/principal\/wp-content\/uploads\/2016\/10\/05-hogar-ulises-dandrea-3.jpg\" class=\"aligncenter size-full wp-image-55539\" src=\"https:\/\/www.hoymercedes.com.ar\/principal\/wp-content\/uploads\/2016\/10\/05-hogar-ulises-dandrea-3.jpg\" alt=\"05-hogar-ulises-dandrea-3\" width=\"448\" height=\"299\" srcset=\"https:\/\/www.hoymercedes.com.ar\/principal\/wp-content\/uploads\/2016\/10\/05-hogar-ulises-dandrea-3.jpg 448w, https:\/\/www.hoymercedes.com.ar\/principal\/wp-content\/uploads\/2016\/10\/05-hogar-ulises-dandrea-3-150x100.jpg 150w, https:\/\/www.hoymercedes.com.ar\/principal\/wp-content\/uploads\/2016\/10\/05-hogar-ulises-dandrea-3-300x200.jpg 300w\" sizes=\"auto, (max-width: 448px) 100vw, 448px\" \/><\/p>\n<p>Al lado de Oscar se sienta Irma Antunovich, otra de las residentes, quien a sus 84 a\u00f1os tiene ganas de relatar su historia de amor. Para eso, present\u00f3 la foto de su casamiento: \u201cFue el 15 de enero de 1950, un d\u00eda muy especial, muy caluroso y estaba nervios\u00edsima. Nos casamos a las 20.15 horas en la Iglesia San Luis de Mercedes y los padrinos fueron mi hermano y su se\u00f1ora. La ceremonia y el festejo fueron hermosos\u201d, cuenta emocionada.<\/p>\n<p><img loading=\"lazy\" decoding=\"async\" data-attachment-id=\"55540\" data-permalink=\"https:\/\/www.hoymercedes.com.ar\/principal\/2016\/10\/05\/los-adultos-mayores-cuentan-las-historias-detras-de-sus-fotos\/05-hogar-ulises-dandrea-1\/#main\" data-orig-file=\"https:\/\/www.hoymercedes.com.ar\/principal\/wp-content\/uploads\/2016\/10\/05-hogar-ulises-dandrea-1.jpg\" data-orig-size=\"448,299\" data-comments-opened=\"1\" data-image-meta=\"{&quot;aperture&quot;:&quot;0&quot;,&quot;credit&quot;:&quot;&quot;,&quot;camera&quot;:&quot;&quot;,&quot;caption&quot;:&quot;&quot;,&quot;created_timestamp&quot;:&quot;0&quot;,&quot;copyright&quot;:&quot;&quot;,&quot;focal_length&quot;:&quot;0&quot;,&quot;iso&quot;:&quot;0&quot;,&quot;shutter_speed&quot;:&quot;0&quot;,&quot;title&quot;:&quot;&quot;,&quot;orientation&quot;:&quot;0&quot;}\" data-image-title=\"05-hogar-ulises-dandrea-1\" data-image-description=\"\" data-image-caption=\"\" data-large-file=\"https:\/\/www.hoymercedes.com.ar\/principal\/wp-content\/uploads\/2016\/10\/05-hogar-ulises-dandrea-1.jpg\" class=\"aligncenter size-full wp-image-55540\" src=\"https:\/\/www.hoymercedes.com.ar\/principal\/wp-content\/uploads\/2016\/10\/05-hogar-ulises-dandrea-1.jpg\" alt=\"05-hogar-ulises-dandrea-1\" width=\"448\" height=\"299\" srcset=\"https:\/\/www.hoymercedes.com.ar\/principal\/wp-content\/uploads\/2016\/10\/05-hogar-ulises-dandrea-1.jpg 448w, https:\/\/www.hoymercedes.com.ar\/principal\/wp-content\/uploads\/2016\/10\/05-hogar-ulises-dandrea-1-150x100.jpg 150w, https:\/\/www.hoymercedes.com.ar\/principal\/wp-content\/uploads\/2016\/10\/05-hogar-ulises-dandrea-1-300x200.jpg 300w\" sizes=\"auto, (max-width: 448px) 100vw, 448px\" \/><\/p>\n<p>Cada uno de ellos, espera el\u00a0turno para seguir mostrando a sus compa\u00f1eros fotograf\u00edas que representan aquellos instantes inolvidables. Acontecimientos referidos a sus oficios, viajes y encuentros familiares, momentos que los marcaron de manera significativa y que les dejaron una huella importante en su camino. Al mismo tiempo que estos adultos mayores exhiben sus im\u00e1genes, el fot\u00f3grafo Mariano Fuaz les toma instant\u00e1neas. Pasado y presente quedan plasmados, entonces, en un mural lleno de fotos.<\/p>\n<p>Esta propuesta creativa llevada adelante por el equipo del CDR que trabaja con adultos mayores -Natalia Barsotti, Silvio Paredes y Federico Moyano- se complementa tambi\u00e9n con\u00a0actividades de estimulaci\u00f3n cognitiva, memoria, lenguaje, atenci\u00f3n y concentraci\u00f3n, para que las personas mayores mejoren d\u00eda a d\u00eda su calidad de vida. Porque mantener vivos sus recuerdos los conectan con su presente, con su historia y con su identidad.<\/p>\n<p>&nbsp;<\/p>\n<p>Fuente: Centro de Referencia Mercedes<\/p>\n","protected":false},"excerpt":{"rendered":"<p>\u00abCada fotograf\u00eda guarda un recuerdo que vale la pena conocer\u00bb. Con esa idea, el Ministerio de Desarrollo Social organiza en &#8230; <a title=\"Los Adultos Mayores cuentan las historias detr\u00e1s de sus fotos\" class=\"read-more\" href=\"https:\/\/www.hoymercedes.com.ar\/principal\/2016\/10\/05\/los-adultos-mayores-cuentan-las-historias-detras-de-sus-fotos\/\" aria-label=\"Leer m\u00e1s sobre Los Adultos Mayores cuentan las historias detr\u00e1s de sus fotos\">Leer m\u00e1s<\/a><\/p>\n","protected":false},"author":1,"featured_media":55540,"comment_status":"open","ping_status":"open","sticky":false,"template":"","format":"standard","meta":{"_monsterinsights_skip_tracking":false,"_monsterinsights_sitenote_active":false,"_monsterinsights_sitenote_note":"","_monsterinsights_sitenote_category":0,"jetpack_post_was_ever_published":false,"_jetpack_newsletter_access":"","_jetpack_dont_email_post_to_subs":false,"_jetpack_newsletter_tier_id":0,"_jetpack_memberships_contains_paywalled_content":false,"_jetpack_memberships_contains_paid_content":false,"footnotes":"","jetpack_publicize_message":"","jetpack_publicize_feature_enabled":true,"jetpack_social_post_already_shared":true,"jetpack_social_options":{"image_generator_settings":{"template":"highway","default_image_id":0,"font":"","enabled":false},"version":2},"_wpas_customize_per_network":false},"categories":[8],"tags":[8752,8753,10080,10081],"class_list":["post-55537","post","type-post","status-publish","format-standard","has-post-thumbnail","hentry","category-sociedad","tag-adultos-mayores","tag-cdr","tag-fotografcia","tag-hogares","generate-columns","tablet-grid-50","mobile-grid-100","grid-parent","grid-50"],"jetpack_publicize_connections":[],"jetpack_featured_media_url":"https:\/\/www.hoymercedes.com.ar\/principal\/wp-content\/uploads\/2016\/10\/05-hogar-ulises-dandrea-1.jpg","wps_subtitle":"Una foto, una historia","jetpack_sharing_enabled":true,"_links":{"self":[{"href":"https:\/\/www.hoymercedes.com.ar\/principal\/wp-json\/wp\/v2\/posts\/55537","targetHints":{"allow":["GET"]}}],"collection":[{"href":"https:\/\/www.hoymercedes.com.ar\/principal\/wp-json\/wp\/v2\/posts"}],"about":[{"href":"https:\/\/www.hoymercedes.com.ar\/principal\/wp-json\/wp\/v2\/types\/post"}],"author":[{"embeddable":true,"href":"https:\/\/www.hoymercedes.com.ar\/principal\/wp-json\/wp\/v2\/users\/1"}],"replies":[{"embeddable":true,"href":"https:\/\/www.hoymercedes.com.ar\/principal\/wp-json\/wp\/v2\/comments?post=55537"}],"version-history":[{"count":0,"href":"https:\/\/www.hoymercedes.com.ar\/principal\/wp-json\/wp\/v2\/posts\/55537\/revisions"}],"wp:featuredmedia":[{"embeddable":true,"href":"https:\/\/www.hoymercedes.com.ar\/principal\/wp-json\/wp\/v2\/media\/55540"}],"wp:attachment":[{"href":"https:\/\/www.hoymercedes.com.ar\/principal\/wp-json\/wp\/v2\/media?parent=55537"}],"wp:term":[{"taxonomy":"category","embeddable":true,"href":"https:\/\/www.hoymercedes.com.ar\/principal\/wp-json\/wp\/v2\/categories?post=55537"},{"taxonomy":"post_tag","embeddable":true,"href":"https:\/\/www.hoymercedes.com.ar\/principal\/wp-json\/wp\/v2\/tags?post=55537"}],"curies":[{"name":"wp","href":"https:\/\/api.w.org\/{rel}","templated":true}]}}