{"id":5560,"date":"2011-07-14T15:28:46","date_gmt":"2011-07-14T15:28:46","guid":{"rendered":"http:\/\/www.hoymercedes.com.ar\/principal\/?p=5560"},"modified":"2011-07-14T15:28:46","modified_gmt":"2011-07-14T15:28:46","slug":"invitacion-charla-debate-amigos-del-teatro-de-mercedes","status":"publish","type":"post","link":"https:\/\/www.hoymercedes.com.ar\/principal\/2011\/07\/14\/invitacion-charla-debate-amigos-del-teatro-de-mercedes\/","title":{"rendered":"Invitaci\u00f3n Charla Debate: \u00abAmigos del Teatro de Mercedes\u00bb"},"content":{"rendered":"<p>Charla-debate &#8211; 23 de julio 15 hrs. &#8211; Sede: UEB, calle 31 N\u00ba 392. Registrar asistencia en la sede o a los tel\u00e9fonos 432341 \u00f3 425086. Entrada libre y gratuita abierta a todo el p\u00fablico.<\/p>\n<p>Tem\u00e1tica de la primera charla<\/p>\n<p>Introducci\u00f3n a temas b\u00e1sicos de una puesta en escena<\/p>\n<p>a.- el espacio esc\u00e9nico<\/p>\n<p>b.- escenograf\u00eda<\/p>\n<p>c.- vestuario<\/p>\n<p>d.- iluminaci\u00f3n<\/p>\n<p>e.- artefactos de f\u00e1cil construcci\u00f3n para peque\u00f1os escenarios<\/p>\n<p><strong>Modalidad del encuentro:<\/strong><\/p>\n<p>a.- Charla interactiva con los participantes<\/p>\n<p>b.- Proyecci\u00f3n de DVD sobre los temas<\/p>\n<p>c.- Mesa de intercambio de ideas y propuestas para futuros encuentros<\/p>\n<p><strong>Conducci\u00f3n:<\/strong><\/p>\n<p>Bernab\u00e9 Ortiz<\/p>\n<p>Estudi\u00f3 escenograf\u00eda, vestuario, iluminaci\u00f3n y caracterizaci\u00f3n \u2013hoy c\u00e1tedra en el IUNA- con el Maestro Guillermo de la Torre, actualmente retirado, quien ha sido multipremiado en el pa\u00eds y en el exterior; ex jefe del departamento de Escenotecnia y Escenograf\u00eda y ex Director T\u00e9cnico de los teatros Cervantes y Col\u00f3n.<\/p>\n<p><strong>Desempe\u00f1o:<\/strong><\/p>\n<p>* Asistente de escenograf\u00eda de Guillermo de la Torre<\/p>\n<p>* Dise\u00f1o de escenograf\u00eda<\/p>\n<p>* Vestuarista<\/p>\n<p><strong>Algunas de las Obras:<\/strong><\/p>\n<p>* \u00abEl tiempo y la habitaci\u00f3n\u00bb de Bothos Strauss &#8211; Direcci\u00f3n de Manuel Lebadni, Sala Argentina del Teatro Nacional Cervantes.<\/p>\n<p>* \u00abBatalla de Negro y Perro\u00bb de Bernard-Marie Koltes &#8211; Direcci\u00f3n general de Jorge Hacker &#8211; Teatro Babilonia.<\/p>\n<p>* \u00abLas de Barranco\u00bb de G. de la Ferrere \u2013 Direcci\u00f3n, adaptaci\u00f3n y actuaci\u00f3n de Carlos Carella &#8211; Teatro \u2018C\u00e1tulo Castillo\u2019.<\/p>\n<p>* \u00abLas nieves del tiempo\u00bb de Manuel Lotherstain &#8211; Direcci\u00f3n Leonardo Gologoff &#8211; Teatro de La Rancher\u00eda.<\/p>\n<p>* \u00abTrapitos Sucios\u00bb Direcci\u00f3n y autor\u00eda Marta S. Freire -Teatro de la Rancher\u00eda.<\/p>\n<p>* \u00abMar\u00eda Estuardo\u00bb Versi\u00f3n libre &#8211; Direcci\u00f3n Marta S. Freire &#8211; Complejo La Plaza, sala \u2018La Capilla\u2019.<\/p>\n","protected":false},"excerpt":{"rendered":"<p>Charla-debate &#8211; 23 de julio 15 hrs. &#8211; Sede: UEB, calle 31 N\u00ba 392. Registrar asistencia en la sede o &#8230; <a title=\"Invitaci\u00f3n Charla Debate: \u00abAmigos del Teatro de Mercedes\u00bb\" class=\"read-more\" href=\"https:\/\/www.hoymercedes.com.ar\/principal\/2011\/07\/14\/invitacion-charla-debate-amigos-del-teatro-de-mercedes\/\" aria-label=\"Leer m\u00e1s sobre Invitaci\u00f3n Charla Debate: \u00abAmigos del Teatro de Mercedes\u00bb\">Leer m\u00e1s<\/a><\/p>\n","protected":false},"author":1,"featured_media":0,"comment_status":"open","ping_status":"open","sticky":false,"template":"","format":"standard","meta":{"_monsterinsights_skip_tracking":false,"_monsterinsights_sitenote_active":false,"_monsterinsights_sitenote_note":"","_monsterinsights_sitenote_category":0,"jetpack_post_was_ever_published":false,"_jetpack_newsletter_access":"","_jetpack_dont_email_post_to_subs":false,"_jetpack_newsletter_tier_id":0,"_jetpack_memberships_contains_paywalled_content":false,"_jetpack_memberships_contains_paid_content":false,"footnotes":"","jetpack_publicize_message":"","jetpack_publicize_feature_enabled":true,"jetpack_social_post_already_shared":false,"jetpack_social_options":{"image_generator_settings":{"template":"highway","default_image_id":0,"font":"","enabled":false},"version":2},"_wpas_customize_per_network":false},"categories":[8],"tags":[763,1027],"class_list":["post-5560","post","type-post","status-publish","format-standard","hentry","category-sociedad","tag-teatro-mercedes","tag-ueb","generate-columns","tablet-grid-50","mobile-grid-100","grid-parent","grid-50"],"jetpack_publicize_connections":[],"jetpack_featured_media_url":"","wps_subtitle":"","jetpack_sharing_enabled":true,"_links":{"self":[{"href":"https:\/\/www.hoymercedes.com.ar\/principal\/wp-json\/wp\/v2\/posts\/5560","targetHints":{"allow":["GET"]}}],"collection":[{"href":"https:\/\/www.hoymercedes.com.ar\/principal\/wp-json\/wp\/v2\/posts"}],"about":[{"href":"https:\/\/www.hoymercedes.com.ar\/principal\/wp-json\/wp\/v2\/types\/post"}],"author":[{"embeddable":true,"href":"https:\/\/www.hoymercedes.com.ar\/principal\/wp-json\/wp\/v2\/users\/1"}],"replies":[{"embeddable":true,"href":"https:\/\/www.hoymercedes.com.ar\/principal\/wp-json\/wp\/v2\/comments?post=5560"}],"version-history":[{"count":0,"href":"https:\/\/www.hoymercedes.com.ar\/principal\/wp-json\/wp\/v2\/posts\/5560\/revisions"}],"wp:attachment":[{"href":"https:\/\/www.hoymercedes.com.ar\/principal\/wp-json\/wp\/v2\/media?parent=5560"}],"wp:term":[{"taxonomy":"category","embeddable":true,"href":"https:\/\/www.hoymercedes.com.ar\/principal\/wp-json\/wp\/v2\/categories?post=5560"},{"taxonomy":"post_tag","embeddable":true,"href":"https:\/\/www.hoymercedes.com.ar\/principal\/wp-json\/wp\/v2\/tags?post=5560"}],"curies":[{"name":"wp","href":"https:\/\/api.w.org\/{rel}","templated":true}]}}