{"id":55600,"date":"2016-10-07T09:57:37","date_gmt":"2016-10-07T12:57:37","guid":{"rendered":"http:\/\/www.hoymercedes.com.ar\/principal\/?p=55600"},"modified":"2016-10-06T20:40:20","modified_gmt":"2016-10-06T23:40:20","slug":"ignacio-jauregui-el-gobierno-dijo-que-se-iba-a-hacer-cargo-del-club","status":"publish","type":"post","link":"https:\/\/www.hoymercedes.com.ar\/principal\/2016\/10\/07\/ignacio-jauregui-el-gobierno-dijo-que-se-iba-a-hacer-cargo-del-club\/","title":{"rendered":"Ignacio J\u00e1uregui: \u00abEl gobierno dijo que se iba a hacer cargo del club\u00bb"},"content":{"rendered":"<p><em><strong>Tras el simbronazo que signific\u00f3 la renuncia de Carlos Ahumada a la presidencia de Estudiantes de San Luis, junto a toda la Comisi\u00f3n Directiva, los rumores de desafiliaci\u00f3n del club al torneo de la B Nacional de AFA fueron mermando con el correr de las horas.\u00a0La renuncia de Ahumada se dio por una presunta campa\u00f1a de hostigamiento que hicieron en contra del club. Mientras tanto, Rodr\u00edguez Sa\u00e1 en una entrevista al canal\u00a0TyC Sports\u00a0lo acus\u00f3 de falsificar cr\u00e9ditos por parte de la provincia a favor de \u00e9l y del club. La decisi\u00f3n del gobierno fue convocar una junta normalizadora a cargo de Ivana Bianchi, viuda del ex futbolista Juan Gilberto\u00a0B\u00fafalo Funes.\u00a0<\/strong><\/em><\/p>\n<p><img loading=\"lazy\" decoding=\"async\" data-attachment-id=\"55602\" data-permalink=\"https:\/\/www.hoymercedes.com.ar\/principal\/2016\/10\/07\/ignacio-jauregui-el-gobierno-dijo-que-se-iba-a-hacer-cargo-del-club\/ignacio-jauregui\/#main\" data-orig-file=\"https:\/\/www.hoymercedes.com.ar\/principal\/wp-content\/uploads\/2016\/10\/Ignacio-Jauregui.jpg\" data-orig-size=\"960,720\" data-comments-opened=\"1\" data-image-meta=\"{&quot;aperture&quot;:&quot;0&quot;,&quot;credit&quot;:&quot;&quot;,&quot;camera&quot;:&quot;&quot;,&quot;caption&quot;:&quot;&quot;,&quot;created_timestamp&quot;:&quot;0&quot;,&quot;copyright&quot;:&quot;&quot;,&quot;focal_length&quot;:&quot;0&quot;,&quot;iso&quot;:&quot;0&quot;,&quot;shutter_speed&quot;:&quot;0&quot;,&quot;title&quot;:&quot;&quot;,&quot;orientation&quot;:&quot;0&quot;}\" data-image-title=\"ignacio-jauregui\" data-image-description=\"\" data-image-caption=\"\" data-large-file=\"https:\/\/www.hoymercedes.com.ar\/principal\/wp-content\/uploads\/2016\/10\/Ignacio-Jauregui.jpg\" class=\"aligncenter size-medium wp-image-55602\" src=\"https:\/\/www.hoymercedes.com.ar\/principal\/wp-content\/uploads\/2016\/10\/Ignacio-Jauregui-630x473.jpg\" alt=\"ignacio-jauregui\" width=\"630\" height=\"473\" srcset=\"https:\/\/www.hoymercedes.com.ar\/principal\/wp-content\/uploads\/2016\/10\/Ignacio-Jauregui-630x473.jpg 630w, https:\/\/www.hoymercedes.com.ar\/principal\/wp-content\/uploads\/2016\/10\/Ignacio-Jauregui-150x113.jpg 150w, https:\/\/www.hoymercedes.com.ar\/principal\/wp-content\/uploads\/2016\/10\/Ignacio-Jauregui.jpg 960w\" sizes=\"auto, (max-width: 630px) 100vw, 630px\" \/><\/p>\n<p>En di\u00e1logo con el programa El Pulso, que se emite de lunes a viernes de 10 a 12 por FM La Tribuna, Ignacio J\u00e1uregui, jugador del equipo puntano que hace de local en cancha de Sportivo Italiano desde el inicio de esta temporada, dijo que\u00a0\u00abAhumada nos comunic\u00f3 que terminaba su cargo y que dejaba las cosas as\u00ed como estaban. Nosotros somos jugadores del club y vamos a estar a cargo de los que les toque agarrar\u00bb.<\/p>\n<p>En cuanto a la desafiliaci\u00f3n, \u00abPotito\u00bb dijo que\u00a0\u00abno creo que desafilien al club. El gobierno dijo que se iba a hacer cargo del club. Estamos esperando ahora que se comuniquen con nosotros para ver c\u00f3mo van a seguir, d\u00f3nde vamos a entrenar, jugar, etc. Nosotros nos vamos a enfocar s\u00f3lo en lo deportivo.\u00bb<\/p>\n<p>A nivel deportivo, destac\u00f3 que\u00a0\u00abpor suerte el grupo sigue estando junto al mismo cuerpo t\u00e9cnico y eso es importante porque desde lo futbol\u00edstico venimos haciendo las cosas bastante bien. Supimos siempre saltear las adversidades que tuvimos. El mi\u00e9rcoles tenemos un partido importante contra Douglas y vamos a afrontarlo de la mejor manera. Ahora que el f\u00fatbol vuelve, tenemos fecha libre.\u00bb<\/p>\n<p>Y en cuanto al pago de los sueldos, destac\u00f3:\u00a0\u00abno estamos al d\u00eda, pero tampoco estamos tan atrasados, m\u00e1s o menos igual que el resto de los clubes estamos. No tendr\u00eda que ser as\u00ed, pero tenemos que aceptarlo\u00bb.<\/p>\n<p>&nbsp;<\/p>\n<p>&nbsp;<\/p>\n","protected":false},"excerpt":{"rendered":"<p>Tras el simbronazo que signific\u00f3 la renuncia de Carlos Ahumada a la presidencia de Estudiantes de San Luis, junto a &#8230; <a title=\"Ignacio J\u00e1uregui: \u00abEl gobierno dijo que se iba a hacer cargo del club\u00bb\" class=\"read-more\" href=\"https:\/\/www.hoymercedes.com.ar\/principal\/2016\/10\/07\/ignacio-jauregui-el-gobierno-dijo-que-se-iba-a-hacer-cargo-del-club\/\" aria-label=\"Leer m\u00e1s sobre Ignacio J\u00e1uregui: \u00abEl gobierno dijo que se iba a hacer cargo del club\u00bb\">Leer m\u00e1s<\/a><\/p>\n","protected":false},"author":1,"featured_media":55602,"comment_status":"open","ping_status":"open","sticky":false,"template":"","format":"standard","meta":{"_monsterinsights_skip_tracking":false,"_monsterinsights_sitenote_active":false,"_monsterinsights_sitenote_note":"","_monsterinsights_sitenote_category":0,"jetpack_post_was_ever_published":false,"_jetpack_newsletter_access":"","_jetpack_dont_email_post_to_subs":false,"_jetpack_newsletter_tier_id":0,"_jetpack_memberships_contains_paywalled_content":false,"_jetpack_memberships_contains_paid_content":false,"footnotes":"","jetpack_publicize_message":"","jetpack_publicize_feature_enabled":true,"jetpack_social_post_already_shared":true,"jetpack_social_options":{"image_generator_settings":{"template":"highway","default_image_id":0,"font":"","enabled":false},"version":2},"_wpas_customize_per_network":false},"categories":[21],"tags":[],"class_list":["post-55600","post","type-post","status-publish","format-standard","has-post-thumbnail","hentry","category-deportes","generate-columns","tablet-grid-50","mobile-grid-100","grid-parent","grid-50"],"jetpack_publicize_connections":[],"jetpack_featured_media_url":"https:\/\/www.hoymercedes.com.ar\/principal\/wp-content\/uploads\/2016\/10\/Ignacio-Jauregui.jpg","wps_subtitle":"La situaci\u00f3n de Estudiantes de San Luis","jetpack_sharing_enabled":true,"_links":{"self":[{"href":"https:\/\/www.hoymercedes.com.ar\/principal\/wp-json\/wp\/v2\/posts\/55600","targetHints":{"allow":["GET"]}}],"collection":[{"href":"https:\/\/www.hoymercedes.com.ar\/principal\/wp-json\/wp\/v2\/posts"}],"about":[{"href":"https:\/\/www.hoymercedes.com.ar\/principal\/wp-json\/wp\/v2\/types\/post"}],"author":[{"embeddable":true,"href":"https:\/\/www.hoymercedes.com.ar\/principal\/wp-json\/wp\/v2\/users\/1"}],"replies":[{"embeddable":true,"href":"https:\/\/www.hoymercedes.com.ar\/principal\/wp-json\/wp\/v2\/comments?post=55600"}],"version-history":[{"count":0,"href":"https:\/\/www.hoymercedes.com.ar\/principal\/wp-json\/wp\/v2\/posts\/55600\/revisions"}],"wp:featuredmedia":[{"embeddable":true,"href":"https:\/\/www.hoymercedes.com.ar\/principal\/wp-json\/wp\/v2\/media\/55602"}],"wp:attachment":[{"href":"https:\/\/www.hoymercedes.com.ar\/principal\/wp-json\/wp\/v2\/media?parent=55600"}],"wp:term":[{"taxonomy":"category","embeddable":true,"href":"https:\/\/www.hoymercedes.com.ar\/principal\/wp-json\/wp\/v2\/categories?post=55600"},{"taxonomy":"post_tag","embeddable":true,"href":"https:\/\/www.hoymercedes.com.ar\/principal\/wp-json\/wp\/v2\/tags?post=55600"}],"curies":[{"name":"wp","href":"https:\/\/api.w.org\/{rel}","templated":true}]}}