{"id":55621,"date":"2016-10-07T10:55:23","date_gmt":"2016-10-07T13:55:23","guid":{"rendered":"http:\/\/www.hoymercedes.com.ar\/principal\/?p=55621"},"modified":"2016-10-07T09:42:49","modified_gmt":"2016-10-07T12:42:49","slug":"entregaron-nuevo-tractor-al-municipio","status":"publish","type":"post","link":"https:\/\/www.hoymercedes.com.ar\/principal\/2016\/10\/07\/entregaron-nuevo-tractor-al-municipio\/","title":{"rendered":"Entregaron nuevo tractor al Municipio"},"content":{"rendered":"<p>Lleg\u00f3 el\u00a0nuevo tractor adquirido por la Municipalidad de Mercedes a la empresa Agrale luego del convenio firmado en el mes de septiembre, cuya primera entrega se hizo la semana pasada.<\/p>\n<p>Desde la Sub Secretaria de Obras y Servicios P\u00fablicos, se ha informado que \u201cse ha cumplido con el env\u00edo de un Tractor 574.4 Doble tracci\u00f3n con adicional de pala frontal el que se ha recibido y as\u00ed se completa la entrega de las unidades adquiridas por el municipio\u201d.<\/p>\n<p>Cabe recordar que la compra realizada por el Municipio constan de 10 nuevos equipos, entre los que se encuentran 6 camiones y 4 tractores nuevos que ya se utilizan para el trabajo de corte y mantenimiento de pasto de los diferentes barrios, levantamiento de hojas y ramas, y nivelaci\u00f3n del suelo, es decir, mejora del espacio p\u00fablico y con ello la calidad de vida de cada vecino.<\/p>\n<p>&nbsp;<\/p>\n<p>Fuente: Prensa Municipal<\/p>\n","protected":false},"excerpt":{"rendered":"<p>Lleg\u00f3 el\u00a0nuevo tractor adquirido por la Municipalidad de Mercedes a la empresa Agrale luego del convenio firmado en el mes &#8230; <a title=\"Entregaron nuevo tractor al Municipio\" class=\"read-more\" href=\"https:\/\/www.hoymercedes.com.ar\/principal\/2016\/10\/07\/entregaron-nuevo-tractor-al-municipio\/\" aria-label=\"Leer m\u00e1s sobre Entregaron nuevo tractor al Municipio\">Leer m\u00e1s<\/a><\/p>\n","protected":false},"author":1,"featured_media":55622,"comment_status":"open","ping_status":"open","sticky":false,"template":"","format":"standard","meta":{"_monsterinsights_skip_tracking":false,"_monsterinsights_sitenote_active":false,"_monsterinsights_sitenote_note":"","_monsterinsights_sitenote_category":0,"jetpack_post_was_ever_published":false,"_jetpack_newsletter_access":"","_jetpack_dont_email_post_to_subs":false,"_jetpack_newsletter_tier_id":0,"_jetpack_memberships_contains_paywalled_content":false,"_jetpack_memberships_contains_paid_content":false,"footnotes":"","jetpack_publicize_message":"","jetpack_publicize_feature_enabled":true,"jetpack_social_post_already_shared":true,"jetpack_social_options":{"image_generator_settings":{"template":"highway","default_image_id":0,"font":"","enabled":false},"version":2},"_wpas_customize_per_network":false},"categories":[30],"tags":[950,244,10091],"class_list":["post-55621","post","type-post","status-publish","format-standard","has-post-thumbnail","hentry","category-municipio","tag-agrale","tag-municipio-2","tag-tractor","generate-columns","tablet-grid-50","mobile-grid-100","grid-parent","grid-50"],"jetpack_publicize_connections":[],"jetpack_featured_media_url":"https:\/\/www.hoymercedes.com.ar\/principal\/wp-content\/uploads\/2016\/10\/07-tractor-nuevo-1.jpg","wps_subtitle":"Servicios P\u00fablicos","jetpack_sharing_enabled":true,"_links":{"self":[{"href":"https:\/\/www.hoymercedes.com.ar\/principal\/wp-json\/wp\/v2\/posts\/55621","targetHints":{"allow":["GET"]}}],"collection":[{"href":"https:\/\/www.hoymercedes.com.ar\/principal\/wp-json\/wp\/v2\/posts"}],"about":[{"href":"https:\/\/www.hoymercedes.com.ar\/principal\/wp-json\/wp\/v2\/types\/post"}],"author":[{"embeddable":true,"href":"https:\/\/www.hoymercedes.com.ar\/principal\/wp-json\/wp\/v2\/users\/1"}],"replies":[{"embeddable":true,"href":"https:\/\/www.hoymercedes.com.ar\/principal\/wp-json\/wp\/v2\/comments?post=55621"}],"version-history":[{"count":0,"href":"https:\/\/www.hoymercedes.com.ar\/principal\/wp-json\/wp\/v2\/posts\/55621\/revisions"}],"wp:featuredmedia":[{"embeddable":true,"href":"https:\/\/www.hoymercedes.com.ar\/principal\/wp-json\/wp\/v2\/media\/55622"}],"wp:attachment":[{"href":"https:\/\/www.hoymercedes.com.ar\/principal\/wp-json\/wp\/v2\/media?parent=55621"}],"wp:term":[{"taxonomy":"category","embeddable":true,"href":"https:\/\/www.hoymercedes.com.ar\/principal\/wp-json\/wp\/v2\/categories?post=55621"},{"taxonomy":"post_tag","embeddable":true,"href":"https:\/\/www.hoymercedes.com.ar\/principal\/wp-json\/wp\/v2\/tags?post=55621"}],"curies":[{"name":"wp","href":"https:\/\/api.w.org\/{rel}","templated":true}]}}