{"id":55640,"date":"2016-10-07T18:19:43","date_gmt":"2016-10-07T21:19:43","guid":{"rendered":"http:\/\/www.hoymercedes.com.ar\/principal\/?p=55640"},"modified":"2016-10-07T22:30:53","modified_gmt":"2016-10-08T01:30:53","slug":"un-robo-al-voleo-de-auto-puso-a-la-ciudad-y-la-policia-en-alerta","status":"publish","type":"post","link":"https:\/\/www.hoymercedes.com.ar\/principal\/2016\/10\/07\/un-robo-al-voleo-de-auto-puso-a-la-ciudad-y-la-policia-en-alerta\/","title":{"rendered":"Un robo al voleo de auto puso a la ciudad y la polic\u00eda en alerta"},"content":{"rendered":"<p><img loading=\"lazy\" decoding=\"async\" data-attachment-id=\"55662\" data-permalink=\"https:\/\/www.hoymercedes.com.ar\/principal\/2016\/10\/07\/un-robo-al-voleo-de-auto-puso-a-la-ciudad-y-la-policia-en-alerta\/robo-amarillo-1\/#main\" data-orig-file=\"https:\/\/www.hoymercedes.com.ar\/principal\/wp-content\/uploads\/2016\/10\/Robo-Amarillo-1.jpg\" data-orig-size=\"775,618\" data-comments-opened=\"1\" data-image-meta=\"{&quot;aperture&quot;:&quot;0&quot;,&quot;credit&quot;:&quot;&quot;,&quot;camera&quot;:&quot;&quot;,&quot;caption&quot;:&quot;&quot;,&quot;created_timestamp&quot;:&quot;0&quot;,&quot;copyright&quot;:&quot;&quot;,&quot;focal_length&quot;:&quot;0&quot;,&quot;iso&quot;:&quot;0&quot;,&quot;shutter_speed&quot;:&quot;0&quot;,&quot;title&quot;:&quot;&quot;,&quot;orientation&quot;:&quot;0&quot;}\" data-image-title=\"robo-amarillo-1\" data-image-description=\"\" data-image-caption=\"\" data-large-file=\"https:\/\/www.hoymercedes.com.ar\/principal\/wp-content\/uploads\/2016\/10\/Robo-Amarillo-1.jpg\" class=\"aligncenter size-medium wp-image-55662\" src=\"https:\/\/www.hoymercedes.com.ar\/principal\/wp-content\/uploads\/2016\/10\/Robo-Amarillo-1-630x502.jpg\" alt=\"robo-amarillo-1\" width=\"630\" height=\"502\" srcset=\"https:\/\/www.hoymercedes.com.ar\/principal\/wp-content\/uploads\/2016\/10\/Robo-Amarillo-1-630x502.jpg 630w, https:\/\/www.hoymercedes.com.ar\/principal\/wp-content\/uploads\/2016\/10\/Robo-Amarillo-1-150x120.jpg 150w, https:\/\/www.hoymercedes.com.ar\/principal\/wp-content\/uploads\/2016\/10\/Robo-Amarillo-1.jpg 775w\" sizes=\"auto, (max-width: 630px) 100vw, 630px\" \/><\/p>\n<p>Hoy por la ma\u00f1ana un nuevo acontecimiento provoc\u00f3 el accionar de la Polic\u00eda Comunal, Control Urbano y el Centro de Monitoreo cuando una vecina fue sorprendida por un desconocido que le rob\u00f3 el autom\u00f3vil. El hecho ocurri\u00f3 a las 8 de la ma\u00f1ana en avenida 1 a metros de la avenida 2, donde la mujer hab\u00eda estacionado para hablar por tel\u00e9fono.<\/p>\n<p>El hombre baj\u00f3 del colectivo de la l\u00ednea 57 proveniente de Luj\u00e1n y empez\u00f3 a caminar por avenida 1 hacia las v\u00edas. En su trayecto detect\u00f3 que la vecina est\u00e1 sola y estacionada y se sube al auto. La se\u00f1ora inmediatamente abri\u00f3 la puerta y se inici\u00f3 la discusi\u00f3n que termina con ella cayendo sobre la calzada. El delincuente se fug\u00f3 en el auto.<\/p>\n<p>La mujer fue asistida r\u00e1pidamente, y salvo la conmoci\u00f3n la situaci\u00f3n no perjudic\u00f3 su salud.<\/p>\n<p>A las pocas horas se encontr\u00f3 el autom\u00f3vil Chevrolet Celta abandonado en 105 entre 28 y 30. El delincuente habr\u00eda desistido de su raid tras toparse con un control permanente de acceso a la ciudad.<\/p>\n","protected":false},"excerpt":{"rendered":"<p>Hoy por la ma\u00f1ana un nuevo acontecimiento provoc\u00f3 el accionar de la Polic\u00eda Comunal, Control Urbano y el Centro de &#8230; <a title=\"Un robo al voleo de auto puso a la ciudad y la polic\u00eda en alerta\" class=\"read-more\" href=\"https:\/\/www.hoymercedes.com.ar\/principal\/2016\/10\/07\/un-robo-al-voleo-de-auto-puso-a-la-ciudad-y-la-policia-en-alerta\/\" aria-label=\"Leer m\u00e1s sobre Un robo al voleo de auto puso a la ciudad y la polic\u00eda en alerta\">Leer m\u00e1s<\/a><\/p>\n","protected":false},"author":1,"featured_media":55662,"comment_status":"open","ping_status":"open","sticky":false,"template":"","format":"standard","meta":{"_monsterinsights_skip_tracking":false,"_monsterinsights_sitenote_active":false,"_monsterinsights_sitenote_note":"","_monsterinsights_sitenote_category":0,"jetpack_post_was_ever_published":false,"_jetpack_newsletter_access":"","_jetpack_dont_email_post_to_subs":false,"_jetpack_newsletter_tier_id":0,"_jetpack_memberships_contains_paywalled_content":false,"_jetpack_memberships_contains_paid_content":false,"footnotes":"","jetpack_publicize_message":"","jetpack_publicize_feature_enabled":true,"jetpack_social_post_already_shared":true,"jetpack_social_options":{"image_generator_settings":{"template":"highway","default_image_id":0,"font":"","enabled":false},"version":2},"_wpas_customize_per_network":false},"categories":[85],"tags":[889],"class_list":["post-55640","post","type-post","status-publish","format-standard","has-post-thumbnail","hentry","category-policial","tag-robo","generate-columns","tablet-grid-50","mobile-grid-100","grid-parent","grid-50"],"jetpack_publicize_connections":[],"jetpack_featured_media_url":"https:\/\/www.hoymercedes.com.ar\/principal\/wp-content\/uploads\/2016\/10\/Robo-Amarillo-1.jpg","wps_subtitle":"Esta ma\u00f1ana","jetpack_sharing_enabled":true,"_links":{"self":[{"href":"https:\/\/www.hoymercedes.com.ar\/principal\/wp-json\/wp\/v2\/posts\/55640","targetHints":{"allow":["GET"]}}],"collection":[{"href":"https:\/\/www.hoymercedes.com.ar\/principal\/wp-json\/wp\/v2\/posts"}],"about":[{"href":"https:\/\/www.hoymercedes.com.ar\/principal\/wp-json\/wp\/v2\/types\/post"}],"author":[{"embeddable":true,"href":"https:\/\/www.hoymercedes.com.ar\/principal\/wp-json\/wp\/v2\/users\/1"}],"replies":[{"embeddable":true,"href":"https:\/\/www.hoymercedes.com.ar\/principal\/wp-json\/wp\/v2\/comments?post=55640"}],"version-history":[{"count":0,"href":"https:\/\/www.hoymercedes.com.ar\/principal\/wp-json\/wp\/v2\/posts\/55640\/revisions"}],"wp:featuredmedia":[{"embeddable":true,"href":"https:\/\/www.hoymercedes.com.ar\/principal\/wp-json\/wp\/v2\/media\/55662"}],"wp:attachment":[{"href":"https:\/\/www.hoymercedes.com.ar\/principal\/wp-json\/wp\/v2\/media?parent=55640"}],"wp:term":[{"taxonomy":"category","embeddable":true,"href":"https:\/\/www.hoymercedes.com.ar\/principal\/wp-json\/wp\/v2\/categories?post=55640"},{"taxonomy":"post_tag","embeddable":true,"href":"https:\/\/www.hoymercedes.com.ar\/principal\/wp-json\/wp\/v2\/tags?post=55640"}],"curies":[{"name":"wp","href":"https:\/\/api.w.org\/{rel}","templated":true}]}}