{"id":55693,"date":"2016-10-08T20:47:59","date_gmt":"2016-10-08T23:47:59","guid":{"rendered":"http:\/\/www.hoymercedes.com.ar\/principal\/?p=55693"},"modified":"2016-10-08T20:47:59","modified_gmt":"2016-10-08T23:47:59","slug":"nuevo-encuentro-del-planeamiento-estrategico-pensando-el-parque-municipal","status":"publish","type":"post","link":"https:\/\/www.hoymercedes.com.ar\/principal\/2016\/10\/08\/nuevo-encuentro-del-planeamiento-estrategico-pensando-el-parque-municipal\/","title":{"rendered":"Nuevo encuentro del \u201cPlaneamiento estrat\u00e9gico\u201d pensando el Parque Municipal"},"content":{"rendered":"<p id=\"yui_3_16_0_1_1475969732042_7493\" class=\"yiv3238490968MsoNormal\">Por Prensa Municipal &#8211;\u00a0El pr\u00f3ximo martes se volver\u00e1 a reunir la Comisi\u00f3n que trabaja el \u201cPlaneamiento Estrat\u00e9gico\u201d para Mercedes y que desde su lanzamiento a instancias del intendente Juan Ignacio Ustarroz se viene convocando y en esta ocasi\u00f3n tocar\u00e1 dialogar y debatir en torno al parque Municipal Independencia que, tal como expres\u00f3 el primer mandatario, recibir\u00e1 todo el super\u00e1vit obtenido tras la Fiesta Nacional del Salame Quintero.<\/p>\n<p id=\"yui_3_16_0_1_1475969732042_7491\" class=\"yiv3238490968MsoNormal\">Una de las sorpresas y gratas que vivi\u00f3 la poblaci\u00f3n semanas atr\u00e1s fue la decisi\u00f3n del Ejecutivo de destinar toda la ganancia de la Fiesta grande que vive nuestra ciudad y en esta ocasi\u00f3n fue con el rotundo \u00e9xito de dejar una ganancia de m\u00e1s de un mill\u00f3n de pesos que super\u00f3 holgadamente los casi 64mil pesos del pasado a\u00f1o, siendo, el dinero, dirigido a mejoras para el Parque Municipal Independencia, nuestro centenario espacio de aire libre, recreaci\u00f3n y encuentro familiar que requiere atenci\u00f3n y tras ello se ir\u00e1.<\/p>\n<p id=\"yui_3_16_0_1_1475969732042_7482\" class=\"yiv3238490968MsoNormal\">\u201cLo decidimos y ahora seguimos apostando en ello. Cumplimos con lo sostenido y este martes nos volvemos a reunir\u201d coment\u00f3 el Primer Mandatario local que narr\u00f3 se debatir\u00e1 sobre el Parque.<\/p>\n<p id=\"yui_3_16_0_1_1475969732042_7499\" class=\"yiv3238490968MsoNormal\">Las reuniones en comisi\u00f3n son abiertas y democr\u00e1ticas, se busca no s\u00f3lo las instituciones y actores sociales sean parte sino tambi\u00e9n toda la ciudadan\u00eda y as\u00ed colaborativamente y juntos decidamos c\u00f3mo encarar y utilizar los fondos para embellecer y poner en valor el predio.<\/p>\n<p class=\"yiv3238490968MsoNormal\">En el Museo Ameghino Mar\u00edn, desde las 19,00hs y con las presencias de diversas secretar\u00edas, como Gobierno, Planeamiento, Obras, ediles y las diferentes instancias que atraviesa el proyecto, se espera e invita a la poblaci\u00f3n a ser parte.<\/p>\n<p class=\"yiv3238490968MsoNormal\">Recuperaci\u00f3n de la ribera, puesta en valor, espacio de desarrollo tur\u00edstico, son algunos de los ejes que en el momento de la presentaci\u00f3n quedaron expuestos para continuar debatiendo.<\/p>\n<p class=\"yiv3238490968MsoNormal\">\n<div id=\"yui_3_16_0_1_1475969732042_7525\"><\/div>\n","protected":false},"excerpt":{"rendered":"<p>Por Prensa Municipal &#8211;\u00a0El pr\u00f3ximo martes se volver\u00e1 a reunir la Comisi\u00f3n que trabaja el \u201cPlaneamiento Estrat\u00e9gico\u201d para Mercedes y &#8230; <a title=\"Nuevo encuentro del \u201cPlaneamiento estrat\u00e9gico\u201d pensando el Parque Municipal\" class=\"read-more\" href=\"https:\/\/www.hoymercedes.com.ar\/principal\/2016\/10\/08\/nuevo-encuentro-del-planeamiento-estrategico-pensando-el-parque-municipal\/\" aria-label=\"Leer m\u00e1s sobre Nuevo encuentro del \u201cPlaneamiento estrat\u00e9gico\u201d pensando el Parque Municipal\">Leer m\u00e1s<\/a><\/p>\n","protected":false},"author":1,"featured_media":55248,"comment_status":"open","ping_status":"open","sticky":false,"template":"","format":"standard","meta":{"_monsterinsights_skip_tracking":false,"_monsterinsights_sitenote_active":false,"_monsterinsights_sitenote_note":"","_monsterinsights_sitenote_category":0,"jetpack_post_was_ever_published":false,"_jetpack_newsletter_access":"","_jetpack_dont_email_post_to_subs":false,"_jetpack_newsletter_tier_id":0,"_jetpack_memberships_contains_paywalled_content":false,"_jetpack_memberships_contains_paid_content":false,"footnotes":"","jetpack_publicize_message":"","jetpack_publicize_feature_enabled":true,"jetpack_social_post_already_shared":true,"jetpack_social_options":{"image_generator_settings":{"template":"highway","default_image_id":0,"font":"","enabled":false},"version":2},"_wpas_customize_per_network":false},"categories":[30],"tags":[244,1551,10093],"class_list":["post-55693","post","type-post","status-publish","format-standard","has-post-thumbnail","hentry","category-municipio","tag-municipio-2","tag-parque-municipal","tag-planificacion","generate-columns","tablet-grid-50","mobile-grid-100","grid-parent","grid-50"],"jetpack_publicize_connections":[],"jetpack_featured_media_url":"https:\/\/www.hoymercedes.com.ar\/principal\/wp-content\/uploads\/2016\/09\/28-planificacion.jpg","wps_subtitle":"Tras lo anunciado","jetpack_sharing_enabled":true,"_links":{"self":[{"href":"https:\/\/www.hoymercedes.com.ar\/principal\/wp-json\/wp\/v2\/posts\/55693","targetHints":{"allow":["GET"]}}],"collection":[{"href":"https:\/\/www.hoymercedes.com.ar\/principal\/wp-json\/wp\/v2\/posts"}],"about":[{"href":"https:\/\/www.hoymercedes.com.ar\/principal\/wp-json\/wp\/v2\/types\/post"}],"author":[{"embeddable":true,"href":"https:\/\/www.hoymercedes.com.ar\/principal\/wp-json\/wp\/v2\/users\/1"}],"replies":[{"embeddable":true,"href":"https:\/\/www.hoymercedes.com.ar\/principal\/wp-json\/wp\/v2\/comments?post=55693"}],"version-history":[{"count":0,"href":"https:\/\/www.hoymercedes.com.ar\/principal\/wp-json\/wp\/v2\/posts\/55693\/revisions"}],"wp:featuredmedia":[{"embeddable":true,"href":"https:\/\/www.hoymercedes.com.ar\/principal\/wp-json\/wp\/v2\/media\/55248"}],"wp:attachment":[{"href":"https:\/\/www.hoymercedes.com.ar\/principal\/wp-json\/wp\/v2\/media?parent=55693"}],"wp:term":[{"taxonomy":"category","embeddable":true,"href":"https:\/\/www.hoymercedes.com.ar\/principal\/wp-json\/wp\/v2\/categories?post=55693"},{"taxonomy":"post_tag","embeddable":true,"href":"https:\/\/www.hoymercedes.com.ar\/principal\/wp-json\/wp\/v2\/tags?post=55693"}],"curies":[{"name":"wp","href":"https:\/\/api.w.org\/{rel}","templated":true}]}}