{"id":55704,"date":"2016-10-09T16:11:58","date_gmt":"2016-10-09T19:11:58","guid":{"rendered":"http:\/\/www.hoymercedes.com.ar\/principal\/?p=55704"},"modified":"2016-10-09T20:16:28","modified_gmt":"2016-10-09T23:16:28","slug":"bomberos-inauguraron-nuevas-instalaciones-y-el-movil-37","status":"publish","type":"post","link":"https:\/\/www.hoymercedes.com.ar\/principal\/2016\/10\/09\/bomberos-inauguraron-nuevas-instalaciones-y-el-movil-37\/","title":{"rendered":"Bomberos inauguraron nuevas instalaciones y el m\u00f3vil 37"},"content":{"rendered":"<p>Una de las instituciones m\u00e1s respetada y querida de la ciudad inaugur\u00f3 sus nuevas instalaciones y un flamante m\u00f3vil para continuar trabajando en la protecci\u00f3n de todos los mercedinos. Juan Ignacio Ustarroz junto al Presidente de la instituci\u00f3n efectuaron el tradicional corte de cinta.<\/p>\n<p><img loading=\"lazy\" decoding=\"async\" data-attachment-id=\"55705\" data-permalink=\"https:\/\/www.hoymercedes.com.ar\/principal\/2016\/10\/09\/bomberos-inauguraron-nuevas-instalaciones-y-el-movil-37\/09-bomberos-1\/#main\" data-orig-file=\"https:\/\/www.hoymercedes.com.ar\/principal\/wp-content\/uploads\/2016\/10\/09-bomberos-1.jpg\" data-orig-size=\"448,231\" data-comments-opened=\"1\" data-image-meta=\"{&quot;aperture&quot;:&quot;4&quot;,&quot;credit&quot;:&quot;&quot;,&quot;camera&quot;:&quot;NIKON D3100&quot;,&quot;caption&quot;:&quot;&quot;,&quot;created_timestamp&quot;:&quot;1475631891&quot;,&quot;copyright&quot;:&quot;&quot;,&quot;focal_length&quot;:&quot;24&quot;,&quot;iso&quot;:&quot;1600&quot;,&quot;shutter_speed&quot;:&quot;0.016666666666667&quot;,&quot;title&quot;:&quot;&quot;,&quot;orientation&quot;:&quot;1&quot;}\" data-image-title=\"09-bomberos-1\" data-image-description=\"\" data-image-caption=\"\" data-large-file=\"https:\/\/www.hoymercedes.com.ar\/principal\/wp-content\/uploads\/2016\/10\/09-bomberos-1.jpg\" class=\"aligncenter size-full wp-image-55705\" src=\"https:\/\/www.hoymercedes.com.ar\/principal\/wp-content\/uploads\/2016\/10\/09-bomberos-1.jpg\" alt=\"09-bomberos-1\" width=\"448\" height=\"231\" srcset=\"https:\/\/www.hoymercedes.com.ar\/principal\/wp-content\/uploads\/2016\/10\/09-bomberos-1.jpg 448w, https:\/\/www.hoymercedes.com.ar\/principal\/wp-content\/uploads\/2016\/10\/09-bomberos-1-150x77.jpg 150w\" sizes=\"auto, (max-width: 448px) 100vw, 448px\" \/><\/p>\n<p>Durante la jornada del pasado s\u00e1bado se llev\u00f3 a cabo el acto formal de inauguraci\u00f3n de las nuevas instalaciones. Un amplio y excelente galp\u00f3n que ser\u00e1 el lavadero de los veh\u00edculos que cotidianamente se utilizan en el cuidado de los mercedinos.<\/p>\n<p>El corte de cinta estuvo precedido por la entonaci\u00f3n de las estrofas del Himno Nacional Argentino. Participaron del acto el intendente Juan Ustarroz, el Presidente del Concejo Deliberante, Mat\u00edas Dematei, ediles como Mariana San Mart\u00edn, Aida \u00abPety\u00bb Laporta, Juan Benitez y Oscar Albini, adem\u00e1s de allegados y amigos de los bomberos.<\/p>\n<p><img loading=\"lazy\" decoding=\"async\" data-attachment-id=\"55706\" data-permalink=\"https:\/\/www.hoymercedes.com.ar\/principal\/2016\/10\/09\/bomberos-inauguraron-nuevas-instalaciones-y-el-movil-37\/09-bomberos-2\/#main\" data-orig-file=\"https:\/\/www.hoymercedes.com.ar\/principal\/wp-content\/uploads\/2016\/10\/09-bomberos-2.jpg\" data-orig-size=\"448,299\" data-comments-opened=\"1\" data-image-meta=\"{&quot;aperture&quot;:&quot;3.5&quot;,&quot;credit&quot;:&quot;&quot;,&quot;camera&quot;:&quot;NIKON D3100&quot;,&quot;caption&quot;:&quot;&quot;,&quot;created_timestamp&quot;:&quot;1475632112&quot;,&quot;copyright&quot;:&quot;&quot;,&quot;focal_length&quot;:&quot;18&quot;,&quot;iso&quot;:&quot;1800&quot;,&quot;shutter_speed&quot;:&quot;0.016666666666667&quot;,&quot;title&quot;:&quot;&quot;,&quot;orientation&quot;:&quot;1&quot;}\" data-image-title=\"09-bomberos-2\" data-image-description=\"\" data-image-caption=\"\" data-large-file=\"https:\/\/www.hoymercedes.com.ar\/principal\/wp-content\/uploads\/2016\/10\/09-bomberos-2.jpg\" class=\"aligncenter size-full wp-image-55706\" src=\"https:\/\/www.hoymercedes.com.ar\/principal\/wp-content\/uploads\/2016\/10\/09-bomberos-2.jpg\" alt=\"09-bomberos-2\" width=\"448\" height=\"299\" srcset=\"https:\/\/www.hoymercedes.com.ar\/principal\/wp-content\/uploads\/2016\/10\/09-bomberos-2.jpg 448w, https:\/\/www.hoymercedes.com.ar\/principal\/wp-content\/uploads\/2016\/10\/09-bomberos-2-150x100.jpg 150w, https:\/\/www.hoymercedes.com.ar\/principal\/wp-content\/uploads\/2016\/10\/09-bomberos-2-300x200.jpg 300w\" sizes=\"auto, (max-width: 448px) 100vw, 448px\" \/><\/p>\n<p>El intendente Juan Ignacio Ustarroz remarc\u00f3 la importancia que tienen los bomberos en Mercedes y la regi\u00f3n, siendo una instituci\u00f3n orgullo para todos en la ciudad y que se convirti\u00f3 en un emblema de dedicaci\u00f3n, trabajo, formaci\u00f3n y capacidad en todo el pa\u00eds, ya que sabido es que constantemente son consultados.<\/p>\n<p>El corte de cinta fue a manos de Pedro Di Cecco, el Jefe del Cuerpo Comandante Mayor Roberto Ferrari y el integrante del cuerpo Carlos Esp\u00edndola.<\/p>\n<p>Por su parte Di Cecco agradeci\u00f3 la colaboraci\u00f3n de los vecinos, del intendente Ustarroz y de todos lo que cada d\u00eda desde su lugar hacen posible \u00e9sta realidad que es siempre pensando en las mejores y mayores atenciones a los vecinos. Recordemos que la Comuna frecuentemente efect\u00faa aportes.<\/p>\n<p>Los Bomberos de Mercedes es una de las instituciones m\u00e1s querida por cada uno de los vecinos. En esta ocasiones presentaron un nuevo m\u00f3vil, el N\u00b037, y un lavadero con acceso por calle 20 que permitir\u00e1 seguir con el celoso cuidado que tienen de cada una de las autobombas, camiones y elementos de tarea. Hubo corte de cinta y descubrimiento de una placa.<\/p>\n<p>Fuente: Prensa Municipal<\/p>\n","protected":false},"excerpt":{"rendered":"<p>Una de las instituciones m\u00e1s respetada y querida de la ciudad inaugur\u00f3 sus nuevas instalaciones y un flamante m\u00f3vil para &#8230; <a title=\"Bomberos inauguraron nuevas instalaciones y el m\u00f3vil 37\" class=\"read-more\" href=\"https:\/\/www.hoymercedes.com.ar\/principal\/2016\/10\/09\/bomberos-inauguraron-nuevas-instalaciones-y-el-movil-37\/\" aria-label=\"Leer m\u00e1s sobre Bomberos inauguraron nuevas instalaciones y el m\u00f3vil 37\">Leer m\u00e1s<\/a><\/p>\n","protected":false},"author":1,"featured_media":55705,"comment_status":"open","ping_status":"open","sticky":false,"template":"","format":"standard","meta":{"_monsterinsights_skip_tracking":false,"_monsterinsights_sitenote_active":false,"_monsterinsights_sitenote_note":"","_monsterinsights_sitenote_category":0,"jetpack_post_was_ever_published":false,"_jetpack_newsletter_access":"","_jetpack_dont_email_post_to_subs":false,"_jetpack_newsletter_tier_id":0,"_jetpack_memberships_contains_paywalled_content":false,"_jetpack_memberships_contains_paid_content":false,"footnotes":"","jetpack_publicize_message":"","jetpack_publicize_feature_enabled":true,"jetpack_social_post_already_shared":true,"jetpack_social_options":{"image_generator_settings":{"template":"highway","default_image_id":0,"font":"","enabled":false},"version":2},"_wpas_customize_per_network":false},"categories":[8],"tags":[865,9248,10094,10095],"class_list":["post-55704","post","type-post","status-publish","format-standard","has-post-thumbnail","hentry","category-sociedad","tag-bomberos-voluntarios","tag-inauguracion","tag-lavadero","tag-movil","generate-columns","tablet-grid-50","mobile-grid-100","grid-parent","grid-50"],"jetpack_publicize_connections":[],"jetpack_featured_media_url":"https:\/\/www.hoymercedes.com.ar\/principal\/wp-content\/uploads\/2016\/10\/09-bomberos-1.jpg","wps_subtitle":"En la tarde del s\u00e1bado","jetpack_sharing_enabled":true,"_links":{"self":[{"href":"https:\/\/www.hoymercedes.com.ar\/principal\/wp-json\/wp\/v2\/posts\/55704","targetHints":{"allow":["GET"]}}],"collection":[{"href":"https:\/\/www.hoymercedes.com.ar\/principal\/wp-json\/wp\/v2\/posts"}],"about":[{"href":"https:\/\/www.hoymercedes.com.ar\/principal\/wp-json\/wp\/v2\/types\/post"}],"author":[{"embeddable":true,"href":"https:\/\/www.hoymercedes.com.ar\/principal\/wp-json\/wp\/v2\/users\/1"}],"replies":[{"embeddable":true,"href":"https:\/\/www.hoymercedes.com.ar\/principal\/wp-json\/wp\/v2\/comments?post=55704"}],"version-history":[{"count":0,"href":"https:\/\/www.hoymercedes.com.ar\/principal\/wp-json\/wp\/v2\/posts\/55704\/revisions"}],"wp:featuredmedia":[{"embeddable":true,"href":"https:\/\/www.hoymercedes.com.ar\/principal\/wp-json\/wp\/v2\/media\/55705"}],"wp:attachment":[{"href":"https:\/\/www.hoymercedes.com.ar\/principal\/wp-json\/wp\/v2\/media?parent=55704"}],"wp:term":[{"taxonomy":"category","embeddable":true,"href":"https:\/\/www.hoymercedes.com.ar\/principal\/wp-json\/wp\/v2\/categories?post=55704"},{"taxonomy":"post_tag","embeddable":true,"href":"https:\/\/www.hoymercedes.com.ar\/principal\/wp-json\/wp\/v2\/tags?post=55704"}],"curies":[{"name":"wp","href":"https:\/\/api.w.org\/{rel}","templated":true}]}}