{"id":5573,"date":"2011-07-15T11:11:06","date_gmt":"2011-07-15T11:11:06","guid":{"rendered":"http:\/\/www.hoymercedes.com.ar\/principal\/?p=5573"},"modified":"2011-07-15T11:11:06","modified_gmt":"2011-07-15T11:11:06","slug":"jurados-3%c2%b0-salon-anual-de-fotografia-ciudad-de-mercedes","status":"publish","type":"post","link":"https:\/\/www.hoymercedes.com.ar\/principal\/2011\/07\/15\/jurados-3%c2%b0-salon-anual-de-fotografia-ciudad-de-mercedes\/","title":{"rendered":"Jurados 3\u00b0 Sal\u00f3n anual de fotograf\u00eda: \u00abciudad de Mercedes\u00bb"},"content":{"rendered":"<p>La Municipalidad de Mercedes (B) a trav\u00e9s de la Direcci\u00f3n de Cultura y Educaci\u00f3n organiza el 3\u00ba Sal\u00f3n Anual de Fotograf\u00eda \u201cCiudad de Mercedes\u201d<\/p>\n<p>&nbsp;<\/p>\n<p>&nbsp;<\/p>\n<p>REGLAMENTO:<\/p>\n<p>&nbsp;<\/p>\n<p>Podr\u00e1n participar todos los fot\u00f3grafos mayores de 18 a\u00f1os, aficionados y profesionales, residentes en el pa\u00eds.<\/p>\n<p>La inscripci\u00f3n es libre y gratuita y deber\u00e1 guardar las formalidades expresadas en el presente reglamento.<\/p>\n<p>Habr\u00e1 una categor\u00eda \u00daNICA y el tema ser\u00e1 libre.<\/p>\n<p>Los autores podr\u00e1n presentar hasta 3 (tres) fotograf\u00edas cada uno.<\/p>\n<p>Todas las obras, sin excepci\u00f3n, deben presentarse impresas en soporte fotogr\u00e1fico y montadas para exhibici\u00f3n. Las fotograf\u00edas deber\u00e1n presentarse listas para colgar, eso incluye el soporte Foarm Board, MDF (fibro-f\u00e1cil) o Cart\u00f3n moderado de 5mm sin vidrio.<\/p>\n<p>Cualquiera sea la t\u00e9cnica empleada (fotogr\u00e1fica tradicional o digital) la imagen debe tener un tama\u00f1o m\u00ednimo de 30cm x 40cm y m\u00e1ximo de 70cm x 100cm.<\/p>\n<p>Las obras tienen que ser in\u00e9ditas y no haber participado de anteriores salones y\/o concursos. S\u00f3lo se aceptar\u00e1n procesos de retoques m\u00ednimos que no alteren la esencia de la fotograf\u00eda.<\/p>\n<p>El frente de cada obra no podr\u00e1 presentar ninguna inscripci\u00f3n, s\u00edmbolo o filete realizado por cualquier medio, ni marcas identificatorias de ninguna especie.<\/p>\n<p>Al dorso de cada obra deber\u00e1 constar el nombre o t\u00edtulo de la misma y el seud\u00f3nimo del autor.<\/p>\n<p>Adjunto a las obras presentadas, el autor deber\u00e1 entregar un sobre cerrado identificado exteriormente con la leyenda \u201cTERCER SAL\u00d3N DE FOTOGRAF\u00cdA \u201cCIUDAD DE MERCEDES\u201d, y el seud\u00f3nimo.<\/p>\n<p>En el interior, el sobre deber\u00e1 contener los siguientes datos: SEUD\u00d3NIMO, NOMBRE Y APELLIDO, DOCUMENTO DE IDENTIDAD, FECHA DE NACIMIENTO, EDAD, DOMICILIO, TEL\u00c9FONO DE CONTACTO, CORREO ELECTR\u00d3NICO Y NOMBRE DE LAS OBRAS PRESENTADAS.<\/p>\n<p>El jurado estar\u00e1 compuesto por personas reconocidas relacionadas con la actividad y competentes en \u00e9sta rama art\u00edstica, no pudiendo ser de la ciudad de Mercedes a fin de otorgarle mayor transparencia a las decisiones.<\/p>\n<p>Las decisiones del jurado, tanto de admisi\u00f3n, selecci\u00f3n y premiaci\u00f3n de las obras ser\u00e1n inapelables.<\/p>\n<p>PREMIOS: 1\u00ba Premio, $2500 (Adquisici\u00f3n); 2\u00ba Premio, $1500 (Adquisici\u00f3n); 3\u00ba Premio $1000 (Adquisici\u00f3n); Premio especial para mejor clasificado local $1500 (Adquisici\u00f3n).<\/p>\n<p>&nbsp;<\/p>\n<p>La elecci\u00f3n de la mejor obra local se realizar\u00e1 una vez elegidos los tres primeros premios, quedando en competencia s\u00f3lo los artistas locales que no hayan sido beneficiados en la terna anteriormente mencionada.<\/p>\n<p>&nbsp;<\/p>\n<p>Entre las obras presentadas ser\u00e1n clasificadas al menos 30 (treinta) fotograf\u00edas -incluyendo las premiadas- para formar parte de la muestra del sal\u00f3n.<\/p>\n<p>EL JURADO tendr\u00e1 la facultad, al momento del juzgamiento, de declarar a las personas que corresponda como \u201cfuera de reglamento\u201d a las que incumplan los t\u00e9rminos especificados en el presente. Esta declaraci\u00f3n es suficiente para que las obras sean excluidas de juzgamiento.<\/p>\n<p>El comit\u00e9 ORGANIZADOR en conjunto con el JURADO se reserva el derecho de resolver en forma inapelable cualquier interpretaci\u00f3n de las cl\u00e1usulas de este reglamento y toda situaci\u00f3n no prevista en el mismo.<\/p>\n<p>CALENDARIO:<\/p>\n<p>&nbsp;<\/p>\n<p>Recepci\u00f3n de obras: desde el 30 de mayo hasta el 29 de julio.<\/p>\n<p>Entrega de premios: 12 de agosto a las 19hs en el Complejo Cultural Ameghino-Mar\u00edn, sito calle 26 esq. 21, Mercedes (B). La muestra permanecer\u00e1 abierta hasta el 29 de<\/p>\n<p>agosto de 2011.<\/p>\n<p>&nbsp;<\/p>\n<p>20. Las obras deber\u00e1n ser remitidas al Museo Ameghino-Mar\u00edn, 26 N\u00ba 512, de lunes a viernes de 8 a 16hs. S\u00e1bados, domingos y feriados de 15hs a 19hs.<\/p>\n<p>&nbsp;<\/p>\n<p>21. Las obras que no sean elegidas para participar del 3\u00ba Sal\u00f3n de Fotograf\u00eda \u201cCiudad de Mercedes\u201d, las no premiadas y las no adquiridas podr\u00e1n ser retiradas del C.C. Ameghino-Mar\u00edn a partir del 30 de agosto de 2011 y durante un plazo de 90 (noventa) d\u00edas. Si no fueran retiradas en ese tiempo determinado, quedar\u00e1n como patrimonio cultural de la Ciudad.<\/p>\n<p>&nbsp;<\/p>\n<p>22. La participaci\u00f3n en el presente sal\u00f3n implica la aceptaci\u00f3n del presente reglamento.<\/p>\n<p>&nbsp;<\/p>\n<p>Las obras premiadas pueden ser exhibidas donde y cuando se estime conveniente por parte de los organizadores y reproducidas en medios period\u00edsticos consignando su t\u00edtulo y autor.<\/p>\n<p>&nbsp;<\/p>\n<p>&nbsp;<\/p>\n<p>Direcci\u00f3n de Cultura y Educaci\u00f3n de la Municipalidad de Mercedes<\/p>\n<p>&nbsp;<\/p>\n<p>Director: Prof. Fernando Pachiani<\/p>\n<p>&nbsp;<\/p>\n<p>Calle 27 N\u00ba 578, 1\u00ba piso \u2013 Tel. \/ Fax: 02324 \u2013 431907<\/p>\n<p>culturamercedes@yahoo.com.ar<\/p>\n<p>Fernando Gonz\u00e1lez Casanueva<\/p>\n<p>Nace en Mercedes, Bs. As. el 7 de febrero de 1957. A partir de los 14 a\u00f1os se inicia en la fotograf\u00eda, en el colegio Hermanos Maristas de la ciudad de Luj\u00e1n. Jos\u00e9 C. Krieger, fue su primer profesor.<\/p>\n<p>Con 22 a\u00f1os toma esta profesi\u00f3n como medio de vida. Realiza fotograf\u00eda social, de modas y publicitaria. Toda esta actividad la desarrolla en su ciudad natal. A partir de los veintinueve a\u00f1os e impulsado por su padre, Pablo Casanueva, se radica en Bs. As, all\u00ed ingresa al estudio publicitario de Carlos Mainardi, incorporando conocimiento y oficio en el manejo del gran formato. Realiza trabajos para las empresas Mercedes Benz, Banelco, Calsa, Renault, Ford y Quilmes, entre otras.<\/p>\n<p>Particip\u00f3 en salones nacionales e internacionales obteniendo numerosos premios. Realiz\u00f3 muestras individuales y grupales: C. Cultural Recoleta, C. Cultural del Sur, C. Cultural Caseros, F. C. Buenos Aires, Secretar\u00eda de Cultura de la Ciudad de Bs. As., Galer\u00eda Agfa, Universidad UADE. Destaca su primer muestra realizada en el a\u00f1o 1984, en el C. Cultural San Mart\u00edn de la ciudad de Mercedes, declarada de inter\u00e9s provincial por el entonces Director de Cultura de la Pcia de Bs. As.<\/p>\n<p>Ejerci\u00f3 como jurado, profesor y asesor de cursos en el F. C. Buenos Aires entre los a\u00f1os 1987 y 2004.<\/p>\n<p>Como jurado ha actuado en salones nacionales e internacionales: F. C. Buenos Aires; Facultad de Medicina; Revista \u201cQue Vivan Los Chicos\u201d; Certamen Iberoamericano organizado por la Secretar\u00eda de Cultura de Espa\u00f1a, Bienal de la Facultad de Ciencias Econ\u00f3micas, Congreso Latinoamericano de geolog\u00eda&#8230;.<\/p>\n<p>Ha sido invitado a distintos lugares del pa\u00eds (Jujuy, Viedma, C\u00f3rdoba, Chivilcoy) para disertar sobre la t\u00e9cnica de Sistema de Zonas (Expo Foto, Jornadas Argentinas de Fotograf\u00eda, Imagen 97, Direcci\u00f3n de Cultura de la Ciudad de Bs. As., Mardelfoto 99).<\/p>\n<p>&nbsp;<\/p>\n<p>El a\u00f1o 1993 su obra es seleccionada para integrar el Year Book, de edici\u00f3n brit\u00e1nica. Sus fotos son publicadas en diversas revistas y cat\u00e1logos nacionales y extranjeros y, junto a otros destacados autores nacionales, en el Libro de Bs. As. En este mismo a\u00f1o, realiza seminarios de perfeccionamiento dictados por el Dr. D. G. Dickerson (Manager T\u00e9cnico) y Silvia Zawadzki (Senior Engineer) de Kodak, Rochester, EE UU. Es distinguido por la FAF con el t\u00edtulo de \u201cartista argentino fot\u00f3grafo\u201d El F. C. Buenos Aires lo nombra \u201cMiembro de Honor\u201d En el a\u00f1o 1994 viaja a EE UU. All\u00ed durante varios meses perfecciona la t\u00e9cnica que utiliza en su trabajo (Sistema Zonal). Al respecto ha escrito art\u00edculos en la revista Fotomundo.<\/p>\n<p>En el 95 ilustr\u00f3 un libro sobre la vida de Camila O\u2019Gorman, editado en los Estados Unidos, escrito por Tamara Gould.<\/p>\n<p>Ha realizado fotograf\u00eda publicitaria para: Sadela-Compa\u00f1\u00eda Financiera; Ecco Workmen; Biferdil; Capla (Alba, Rotring, Erikana, Adhesivos VHU); Link (red de cajeros autom\u00e1ticos); Agendas Pm; Regente SA.; Casares y Asoc.; Agencia Encanto; Axe; Poett; Dove; Ponds; Close up; Efficient; Suave; Lina; Laboratorio Dr. Lazar; Joyas Barbara Pelleriti; Lizette; Valenza; D&amp;f; Verona, Leufu hidromasajes, entre otras.<\/p>\n<p>En abril del 2000 la empresa italiana Cartiere di Cordenons, lo contrata para ilustrar su brochure: \u201c5 Sentidos\u201d.<\/p>\n<p>En el 2001 edita el libro \u201cSistema de Zonas\u201d, el control de la imagen, basado en su experiencia personal, adaptado a los materiales modernos.<\/p>\n<p>&nbsp;<\/p>\n<p>En el 2003, Praxis Arte Internacional representando al vasto mundo del Arte Latinoamericano en sus sucursales de Bs. As. Nueva York, Miami, M\u00e9xico, Santiago y Lima, lo convoca para la exhibir y comercializar sus obras.<\/p>\n<p>&nbsp;<\/p>\n<p>En abril-mayo del 2005, expone en la ciudad Aut\u00f3noma de Bs. As. en la galer\u00eda Praxis Internacional-Art. en la calle Arroyo en el marco de Gallery Nights.<\/p>\n<p>El 5 de octubre de 2005 Disert\u00f3 en Expoimagen sobre Iluminaci\u00f3n: Captura anal\u00f3gica o digital<\/p>\n<p>El 20 de octubre de 2006 Disert\u00f3 en Expoimagen sobre equipos de Iluminaci\u00f3n para tecnolog\u00eda digital<\/p>\n<p>En enero de 2007 la revista \u201cView Camera\u201d de EE UU le realiza una nota, en la que destaca 4 im\u00e1genes, su trayectoria, y t\u00e9cnica en gran formato.<\/p>\n<p>Expuso en la Expo \u201cModerna 2007\u201d como Maestro invitado, evento realizado en el Hotel Sheraton de Mar Del Plata.<\/p>\n<p>Durante el a\u00f1o 2007 expone en forma permanente en el hotel Llao Llao de Bariloche, sus obras del sur.<\/p>\n<p>Actualmente se encuentra abocado en la tarea de editar su segundo libro Fotograf\u00edas \u201cPortfolio 1993-2004\u201d, Fine Art.<\/p>\n<p>Claudio Margol\u00edn<\/p>\n<p>Comenz\u00f3 en la fotograf\u00eda en el a\u00f1o 1990 con Alicia D\u2019amico.<\/p>\n<p>Fue profesor de fotograf\u00eda del Foto Club Buenos Aires durante los a\u00f1os 1991 y 2003 de los Talleres de Expresi\u00f3n Fotogr\u00e1fica, Cursos de Extensi\u00f3n y B\u00e1sicos.<\/p>\n<p>Tambi\u00e9n fue profesor del Foto Club Argentino, de 2001 a 2004 y profesor de Sistema Zonal en la Carrera Terciaria.<\/p>\n<p>Durante los a\u00f1os 2002 a 2004 fue docente de la Fundaci\u00f3n Spilimbergo en los Talleres de Expresi\u00f3n Fotogr\u00e1fica.<\/p>\n<p>Actualmente dicta cursos de formaci\u00f3n y Talleres de Expresi\u00f3n y Composici\u00f3n Fotogr\u00e1fica.<\/p>\n<p>Particip\u00f3 en 22 muestras individuales y colectivas.<\/p>\n<p><strong>A. Becquer Casaballe<\/strong><\/p>\n<p>Es navegante y fot\u00f3grafo documentalista, nacido en 1951. En la actualidad, se desempe\u00f1a como editor de la revista Fotomundo. Anteriormente trabaj\u00f3 en diversos medios (Noticias Argentinas, Clar\u00edn, Tiempo Argentino, Diario Popular y Agencia DyN) entre 1977 y 1990, adem\u00e1s de dictar cursos y seminarios en la Facultad de Ciencias Sociales de la UBA y en otras instituciones.<\/p>\n<p>Es co-autor del libro \u00abIm\u00e1genes del R\u00edo de la Plata 1840\u20131940\u00bb (1983, 2\u00aa edici\u00f3n 1986) y editor los libros \u00abLos Galeses en Chubut\u00bb (1987) y \u00abBuenos Aires, una visi\u00f3n fotogr\u00e1fica\u00bb [1992].<\/p>\n<p>Ha participado en diversos eventos internacionales como los XXI Rencontres Internationales de la Photographie, en Arles, FotoFest, en Houston, Texas y Mes Internacional de la Fotograf\u00eda de S\u00e3o Paulo.<\/p>\n<p>Expuso en muestras colectivas en el exterior, entre las que se destacan \u00abVisi\u00f3n de una D\u00e9cada, Fotograf\u00eda Argentina de los &#8217;80\u00bb, Museu de Arte Contempor\u00e2nea de S\u00e3o Paulo (1993), Valencia\u2013Imagen\/92, \u00abMitos, Sue\u00f1os y realidades en la Fotograf\u00eda Argentina Contempor\u00e1nea\u00bb, Museum of Fine Arts, Texas, Fotoseptiembre (Monterrey, Mexico), International Center of Photography, New York, Maison de l&#8217;Amerique Latine, Par\u00eds, Mois de la Photo: \u00abFotograf\u00eda Argentina Contempor\u00e1nea\u00bb, II Bienal Internacional de Fotograf\u00eda, Curitiba y \u00ab150 a\u00f1os de fotograf\u00eda en Argentina\u00bb, Mus\u00e9e de la Photographie de Charleroi, B\u00e9lgica y Mois de la Photo en Par\u00eds.<\/p>\n<p>Sus trabajos integran varias colecciones, entre ellas el Museo de Arte Moderno de Buenos Aires, Museum of Fine Arts (Texas), etc.<\/p>\n<p>&nbsp;<\/p>\n<p>Particip\u00f3 en 1994 de la traves\u00eda ant\u00e1rtica del yate a vela Callas, de Ushuaia al mando del capit\u00e1n Jorge Trabuchi cuya dotaci\u00f3n tambi\u00e9n estuvo integrada por el director del Museo Mar\u00edtimo, Lic. Carlos Pedro Vairo.<\/p>\n<p>En enero y febrero de 2007 Casaballe particip\u00f3 de la Campa\u00f1a Ant\u00e1rtica de Verano del Rompehielos ARA Almirante Irizar, siendo nombrado \u201cComandante Honorario\u201d de la embarcaci\u00f3n de desembarco EDPV \u201cCorbeta Uruguay\u201d. Las fotograf\u00edas que realiz\u00f3 en esa oportunidad fueron exhibidas en el Museo Mar\u00edtimo en marzo pasado<\/p>\n","protected":false},"excerpt":{"rendered":"<p>La Municipalidad de Mercedes (B) a trav\u00e9s de la Direcci\u00f3n de Cultura y Educaci\u00f3n organiza el 3\u00ba Sal\u00f3n Anual de &#8230; <a title=\"Jurados 3\u00b0 Sal\u00f3n anual de fotograf\u00eda: \u00abciudad de Mercedes\u00bb\" class=\"read-more\" href=\"https:\/\/www.hoymercedes.com.ar\/principal\/2011\/07\/15\/jurados-3%c2%b0-salon-anual-de-fotografia-ciudad-de-mercedes\/\" aria-label=\"Leer m\u00e1s sobre Jurados 3\u00b0 Sal\u00f3n anual de fotograf\u00eda: \u00abciudad de Mercedes\u00bb\">Leer m\u00e1s<\/a><\/p>\n","protected":false},"author":1,"featured_media":0,"comment_status":"open","ping_status":"open","sticky":false,"template":"","format":"standard","meta":{"_monsterinsights_skip_tracking":false,"_monsterinsights_sitenote_active":false,"_monsterinsights_sitenote_note":"","_monsterinsights_sitenote_category":0,"jetpack_post_was_ever_published":false,"_jetpack_newsletter_access":"","_jetpack_dont_email_post_to_subs":false,"_jetpack_newsletter_tier_id":0,"_jetpack_memberships_contains_paywalled_content":false,"_jetpack_memberships_contains_paid_content":false,"footnotes":"","jetpack_publicize_message":"","jetpack_publicize_feature_enabled":true,"jetpack_social_post_already_shared":false,"jetpack_social_options":{"image_generator_settings":{"template":"highway","default_image_id":0,"font":"","enabled":false},"version":2},"_wpas_customize_per_network":false},"categories":[30],"tags":[1035,967,1034,10],"class_list":["post-5573","post","type-post","status-publish","format-standard","hentry","category-municipio","tag-concurso","tag-cultura-mercedes","tag-fotografia","tag-mercedes","generate-columns","tablet-grid-50","mobile-grid-100","grid-parent","grid-50"],"jetpack_publicize_connections":[],"jetpack_featured_media_url":"","wps_subtitle":"","jetpack_sharing_enabled":true,"_links":{"self":[{"href":"https:\/\/www.hoymercedes.com.ar\/principal\/wp-json\/wp\/v2\/posts\/5573","targetHints":{"allow":["GET"]}}],"collection":[{"href":"https:\/\/www.hoymercedes.com.ar\/principal\/wp-json\/wp\/v2\/posts"}],"about":[{"href":"https:\/\/www.hoymercedes.com.ar\/principal\/wp-json\/wp\/v2\/types\/post"}],"author":[{"embeddable":true,"href":"https:\/\/www.hoymercedes.com.ar\/principal\/wp-json\/wp\/v2\/users\/1"}],"replies":[{"embeddable":true,"href":"https:\/\/www.hoymercedes.com.ar\/principal\/wp-json\/wp\/v2\/comments?post=5573"}],"version-history":[{"count":0,"href":"https:\/\/www.hoymercedes.com.ar\/principal\/wp-json\/wp\/v2\/posts\/5573\/revisions"}],"wp:attachment":[{"href":"https:\/\/www.hoymercedes.com.ar\/principal\/wp-json\/wp\/v2\/media?parent=5573"}],"wp:term":[{"taxonomy":"category","embeddable":true,"href":"https:\/\/www.hoymercedes.com.ar\/principal\/wp-json\/wp\/v2\/categories?post=5573"},{"taxonomy":"post_tag","embeddable":true,"href":"https:\/\/www.hoymercedes.com.ar\/principal\/wp-json\/wp\/v2\/tags?post=5573"}],"curies":[{"name":"wp","href":"https:\/\/api.w.org\/{rel}","templated":true}]}}