{"id":55757,"date":"2016-10-11T10:30:57","date_gmt":"2016-10-11T13:30:57","guid":{"rendered":"http:\/\/www.hoymercedes.com.ar\/principal\/?p=55757"},"modified":"2016-10-11T10:19:39","modified_gmt":"2016-10-11T13:19:39","slug":"realizaran-el-2o-encuentro-nacional-de-mujeres-rurales","status":"publish","type":"post","link":"https:\/\/www.hoymercedes.com.ar\/principal\/2016\/10\/11\/realizaran-el-2o-encuentro-nacional-de-mujeres-rurales\/","title":{"rendered":"Realizar\u00e1n el 2\u00ba Encuentro Nacional de Mujeres Rurales"},"content":{"rendered":"<p>En la corriente semana se llevar\u00e1 adelante la segunda edici\u00f3n del Encuentro Nacional de Mujeres Rurales. Ser\u00e1n tres d\u00edas, concentr\u00e1ndose en dos jornadas con talleres y charlas orientadas a las trabajadoras del sector agropecuario.<\/p>\n<p>El mi\u00e9rcoles 12, en horas de la tarde, se iniciar\u00e1 el Encuentro en el Mart\u00edn Rodr\u00edguez con la inscripci\u00f3n. No obstante, el jueves 13 ser\u00e1n los talleres. De 10 a 20 horas, en los salones del polideportivo a cielo abierto, cuyo ingreso es por la calle 6 y su intersecci\u00f3n con calle 9.<\/p>\n<p>Para todo el p\u00fablico, sin costos, pero con inscripci\u00f3n previa, el jueves entonces habr\u00e1 talleres en producci\u00f3n de azafr\u00e1n a cargo de Gabriel Pi\u00f1a, realizaci\u00f3n de jabones medicinales en el taller dirigido por Griselda Soria. Por su parte, Sonia Acttis realizar\u00e1 un taller sobre producci\u00f3n de quesos y luego Mirta Retamozzo ser\u00e1 coordinadora de una charla \u2013 debate sobre la trata y el maltrato de las mujeres rurales.<\/p>\n<p>En la tarde del jueves, Alicia Bustos brindar\u00e1 un taller sobre fieltro, en tanto, Claudia Cal aportar\u00e1 un taller sobre comidas saludables, mientras que Pat Posada MacNiles dar\u00e1 un taller introduciendo a la producci\u00f3n de joyer\u00eda.<\/p>\n<p>El d\u00eda viernes, 10:30 horas, ser\u00e1 el acto central de reconocimientos a cuarenta mujeres rurales de todo el pa\u00eds en el Sal\u00f3n del Honorable Concejo Deliberante.<\/p>\n<p>El Encuentro de Mujeres Rurales, o \u201cpro-fiesta nacional de la mujer rural\u201d nace por iniciativa de dos mujeres pertenecientes a AROPEA, Sof\u00eda Cruz y Susana Castagneto, en una reuni\u00f3n nacional del sector, al tratar un tema relacionado a la problem\u00e1tica de las econom\u00edas regionales y la vida rural, surge entre los integrantes de la mesa, hacer una fiesta de la mujer rural.<\/p>\n<p>Como la ciudad de Mercedes es sede de varios grandes encuentros Sof\u00eda Cruz \u00a0le propone a Susana Castagneto hacerla en su ciudad. Ella accede de inmediato. Trae la idea a AROPEA, la asociaci\u00f3n que preside y r\u00e1pidamente prende la idea entre las incansables mujeres del grupo. Con la ayuda del municipio que ofrece sus instalaciones y la colaboraci\u00f3n de FEBA se logra en 26 d\u00edas una exitosa primera edici\u00f3n de jornadas de mujeres rurales homenajeando a 36 mujeres de distintos puntos del pa\u00eds a quienes postulan sus pares. Despu\u00e9s de la repercusi\u00f3n lograda y con la suma de varias mujeres se encara este a\u00f1o el 2do. Encuentro que promete ser m\u00e1s numeroso.<\/p>\n<p>&nbsp;<\/p>\n<p>&nbsp;<\/p>\n","protected":false},"excerpt":{"rendered":"<p>En la corriente semana se llevar\u00e1 adelante la segunda edici\u00f3n del Encuentro Nacional de Mujeres Rurales. Ser\u00e1n tres d\u00edas, concentr\u00e1ndose &#8230; <a title=\"Realizar\u00e1n el 2\u00ba Encuentro Nacional de Mujeres Rurales\" class=\"read-more\" href=\"https:\/\/www.hoymercedes.com.ar\/principal\/2016\/10\/11\/realizaran-el-2o-encuentro-nacional-de-mujeres-rurales\/\" aria-label=\"Leer m\u00e1s sobre Realizar\u00e1n el 2\u00ba Encuentro Nacional de Mujeres Rurales\">Leer m\u00e1s<\/a><\/p>\n","protected":false},"author":1,"featured_media":55792,"comment_status":"open","ping_status":"open","sticky":false,"template":"","format":"standard","meta":{"_monsterinsights_skip_tracking":false,"_monsterinsights_sitenote_active":false,"_monsterinsights_sitenote_note":"","_monsterinsights_sitenote_category":0,"jetpack_post_was_ever_published":false,"_jetpack_newsletter_access":"","_jetpack_dont_email_post_to_subs":false,"_jetpack_newsletter_tier_id":0,"_jetpack_memberships_contains_paywalled_content":false,"_jetpack_memberships_contains_paid_content":false,"footnotes":"","jetpack_publicize_message":"","jetpack_publicize_feature_enabled":true,"jetpack_social_post_already_shared":true,"jetpack_social_options":{"image_generator_settings":{"template":"highway","default_image_id":0,"font":"","enabled":false},"version":2},"_wpas_customize_per_network":false},"categories":[8],"tags":[1734,10099],"class_list":["post-55757","post","type-post","status-publish","format-standard","has-post-thumbnail","hentry","category-sociedad","tag-ciudad-2","tag-mujeres-rurales","generate-columns","tablet-grid-50","mobile-grid-100","grid-parent","grid-50"],"jetpack_publicize_connections":[],"jetpack_featured_media_url":"https:\/\/www.hoymercedes.com.ar\/principal\/wp-content\/uploads\/2016\/10\/11-Mujeres-Rurales-1.jpg","wps_subtitle":"Los d\u00edas 12, 13 y 14 de octubre","jetpack_sharing_enabled":true,"_links":{"self":[{"href":"https:\/\/www.hoymercedes.com.ar\/principal\/wp-json\/wp\/v2\/posts\/55757","targetHints":{"allow":["GET"]}}],"collection":[{"href":"https:\/\/www.hoymercedes.com.ar\/principal\/wp-json\/wp\/v2\/posts"}],"about":[{"href":"https:\/\/www.hoymercedes.com.ar\/principal\/wp-json\/wp\/v2\/types\/post"}],"author":[{"embeddable":true,"href":"https:\/\/www.hoymercedes.com.ar\/principal\/wp-json\/wp\/v2\/users\/1"}],"replies":[{"embeddable":true,"href":"https:\/\/www.hoymercedes.com.ar\/principal\/wp-json\/wp\/v2\/comments?post=55757"}],"version-history":[{"count":0,"href":"https:\/\/www.hoymercedes.com.ar\/principal\/wp-json\/wp\/v2\/posts\/55757\/revisions"}],"wp:featuredmedia":[{"embeddable":true,"href":"https:\/\/www.hoymercedes.com.ar\/principal\/wp-json\/wp\/v2\/media\/55792"}],"wp:attachment":[{"href":"https:\/\/www.hoymercedes.com.ar\/principal\/wp-json\/wp\/v2\/media?parent=55757"}],"wp:term":[{"taxonomy":"category","embeddable":true,"href":"https:\/\/www.hoymercedes.com.ar\/principal\/wp-json\/wp\/v2\/categories?post=55757"},{"taxonomy":"post_tag","embeddable":true,"href":"https:\/\/www.hoymercedes.com.ar\/principal\/wp-json\/wp\/v2\/tags?post=55757"}],"curies":[{"name":"wp","href":"https:\/\/api.w.org\/{rel}","templated":true}]}}