{"id":55851,"date":"2016-10-13T10:20:14","date_gmt":"2016-10-13T13:20:14","guid":{"rendered":"http:\/\/www.hoymercedes.com.ar\/principal\/?p=55851"},"modified":"2016-10-13T10:20:14","modified_gmt":"2016-10-13T13:20:14","slug":"marcela-brown-expondra-la-obra-premiada-en-el-salon-nacional","status":"publish","type":"post","link":"https:\/\/www.hoymercedes.com.ar\/principal\/2016\/10\/13\/marcela-brown-expondra-la-obra-premiada-en-el-salon-nacional\/","title":{"rendered":"Marcela Brown expondr\u00e1 la obra premiada en el Sal\u00f3n Nacional"},"content":{"rendered":"<p>La artista pl\u00e1stica Marcela Brown expondr\u00e1 en el Museo de Arte Municipalidad de Mercedes la <a href=\"https:\/\/www.hoymercedes.com.ar\/principal\/2016\/05\/28\/marcela-brown-seleccionada-el-salon-nacional-del-palais-de-glace\/\" target=\"_blank\">obra <\/a>con la que logr\u00f3 el tercer premio\u00a0en el <a href=\"https:\/\/www.hoymercedes.com.ar\/principal\/2016\/06\/04\/marcela-brown-gano-el-tercer-premio-en-textil\/\" target=\"_blank\">Sal\u00f3n Nacional de Artes Visuales<\/a>.<\/p>\n<p>Este viernes 14 de octubre, la pieza en arte textil se mostrar\u00e1 en el MAMM a partir de las 19,30 con la particularidad de que las personas ciegas podr\u00e1n tocas y leer en braile la inscripci\u00f3n e historia detr\u00e1s de la obra.<\/p>\n<p>La obra se titula \u201cEllas cerraron las piernas\u201d recordando a las prostitutas de San Juli\u00e1n en Santa Cruz, recordadas en el libro La Patagonia Rebelde de Osvaldo Bayer.<\/p>\n<p><img loading=\"lazy\" decoding=\"async\" data-attachment-id=\"50496\" data-permalink=\"https:\/\/www.hoymercedes.com.ar\/principal\/2016\/05\/29\/la-ensenanza-y-el-aprendizaje-a-traves-del-cine\/28-marcela-brown\/#main\" data-orig-file=\"https:\/\/www.hoymercedes.com.ar\/principal\/wp-content\/uploads\/2016\/05\/28-marcela-brown.jpg\" data-orig-size=\"407,336\" data-comments-opened=\"1\" data-image-meta=\"{&quot;aperture&quot;:&quot;0&quot;,&quot;credit&quot;:&quot;&quot;,&quot;camera&quot;:&quot;&quot;,&quot;caption&quot;:&quot;&quot;,&quot;created_timestamp&quot;:&quot;0&quot;,&quot;copyright&quot;:&quot;&quot;,&quot;focal_length&quot;:&quot;0&quot;,&quot;iso&quot;:&quot;0&quot;,&quot;shutter_speed&quot;:&quot;0&quot;,&quot;title&quot;:&quot;&quot;,&quot;orientation&quot;:&quot;0&quot;}\" data-image-title=\"28 marcela brown\" data-image-description=\"\" data-image-caption=\"\" data-large-file=\"https:\/\/www.hoymercedes.com.ar\/principal\/wp-content\/uploads\/2016\/05\/28-marcela-brown.jpg\" class=\"aligncenter size-full wp-image-50496\" src=\"https:\/\/www.hoymercedes.com.ar\/principal\/wp-content\/uploads\/2016\/05\/28-marcela-brown.jpg\" alt=\"28 marcela brown\" width=\"407\" height=\"336\" srcset=\"https:\/\/www.hoymercedes.com.ar\/principal\/wp-content\/uploads\/2016\/05\/28-marcela-brown.jpg 407w, https:\/\/www.hoymercedes.com.ar\/principal\/wp-content\/uploads\/2016\/05\/28-marcela-brown-150x124.jpg 150w\" sizes=\"auto, (max-width: 407px) 100vw, 407px\" \/><\/p>\n","protected":false},"excerpt":{"rendered":"<p>La artista pl\u00e1stica Marcela Brown expondr\u00e1 en el Museo de Arte Municipalidad de Mercedes la obra con la que logr\u00f3 &#8230; <a title=\"Marcela Brown expondr\u00e1 la obra premiada en el Sal\u00f3n Nacional\" class=\"read-more\" href=\"https:\/\/www.hoymercedes.com.ar\/principal\/2016\/10\/13\/marcela-brown-expondra-la-obra-premiada-en-el-salon-nacional\/\" aria-label=\"Leer m\u00e1s sobre Marcela Brown expondr\u00e1 la obra premiada en el Sal\u00f3n Nacional\">Leer m\u00e1s<\/a><\/p>\n","protected":false},"author":1,"featured_media":0,"comment_status":"open","ping_status":"open","sticky":false,"template":"","format":"standard","meta":{"_monsterinsights_skip_tracking":false,"_monsterinsights_sitenote_active":false,"_monsterinsights_sitenote_note":"","_monsterinsights_sitenote_category":0,"jetpack_post_was_ever_published":false,"_jetpack_newsletter_access":"","_jetpack_dont_email_post_to_subs":false,"_jetpack_newsletter_tier_id":0,"_jetpack_memberships_contains_paywalled_content":false,"_jetpack_memberships_contains_paid_content":false,"footnotes":"","jetpack_publicize_message":"","jetpack_publicize_feature_enabled":true,"jetpack_social_post_already_shared":true,"jetpack_social_options":{"image_generator_settings":{"template":"highway","default_image_id":0,"font":"","enabled":false},"version":2},"_wpas_customize_per_network":false},"categories":[11],"tags":[7805,4937,697],"class_list":["post-55851","post","type-post","status-publish","format-standard","hentry","category-ciudad","tag-cultura","tag-marcela-brown","tag-premio","generate-columns","tablet-grid-50","mobile-grid-100","grid-parent","grid-50"],"jetpack_publicize_connections":[],"jetpack_featured_media_url":"","wps_subtitle":"Este viernes en el MAMM","jetpack_sharing_enabled":true,"jetpack-related-posts":[{"id":50739,"url":"https:\/\/www.hoymercedes.com.ar\/principal\/2016\/06\/04\/marcela-brown-gano-el-tercer-premio-en-textil\/","url_meta":{"origin":55851,"position":0},"title":"Marcela Brown gan\u00f3 el Tercer Premio en textil","author":"hoymercedes","date":"4 junio, 2016","format":false,"excerpt":"Por Clarisa Altieri \/ La artista pl\u00e1stica mercedina Marcela Brown gan\u00f3 el tercer premio de la categor\u00eda textil en el\u00a0Sal\u00f3n Nacional de Artes Visuales. La obra se titula \"Ellas cerraron las piernas\" y recuerda a las prostitutas de San Juli\u00e1n.\u00a0 \"Ya era dif\u00edcil entrar, mucho m\u00e1s ganar alg\u00fan premio\", dijo\u2026","rel":"","context":"En \u00abCultura\u00bb","block_context":{"text":"Cultura","link":"https:\/\/www.hoymercedes.com.ar\/principal\/category\/cultura\/"},"img":{"alt_text":"","src":"https:\/\/i0.wp.com\/www.hoymercedes.com.ar\/principal\/wp-content\/uploads\/2016\/06\/04-Marce-Brown-1.jpg?resize=350%2C200&ssl=1","width":350,"height":200,"srcset":"https:\/\/i0.wp.com\/www.hoymercedes.com.ar\/principal\/wp-content\/uploads\/2016\/06\/04-Marce-Brown-1.jpg?resize=350%2C200&ssl=1 1x, https:\/\/i0.wp.com\/www.hoymercedes.com.ar\/principal\/wp-content\/uploads\/2016\/06\/04-Marce-Brown-1.jpg?resize=525%2C300&ssl=1 1.5x, https:\/\/i0.wp.com\/www.hoymercedes.com.ar\/principal\/wp-content\/uploads\/2016\/06\/04-Marce-Brown-1.jpg?resize=700%2C400&ssl=1 2x"},"classes":[]},{"id":56002,"url":"https:\/\/www.hoymercedes.com.ar\/principal\/2016\/10\/16\/marcela-brown-muestra-ellas-cerraron-las-piernas\/","url_meta":{"origin":55851,"position":1},"title":"Marcela Brown muestra \u00abEllas cerraron las piernas\u00bb","author":"hoymercedes","date":"16 octubre, 2016","format":false,"excerpt":"En la noche del viernes, Marcela Brown present\u00f3 en el Museo de Arte Municipalidad de Mercedes la obra \"Ellas cerraron las piernas\". La obra de arte textil que gan\u00f3 el 3\u00b0 premio en el Sal\u00f3n Nacional de Artes Visuales expuesto hasta mediados de septiembre en el Palais de Glace. La\u2026","rel":"","context":"En \u00abCultura\u00bb","block_context":{"text":"Cultura","link":"https:\/\/www.hoymercedes.com.ar\/principal\/category\/cultura\/"},"img":{"alt_text":"","src":"https:\/\/i0.wp.com\/www.hoymercedes.com.ar\/principal\/wp-content\/uploads\/2016\/10\/16-marce-brown-1.jpg?resize=350%2C200&ssl=1","width":350,"height":200,"srcset":"https:\/\/i0.wp.com\/www.hoymercedes.com.ar\/principal\/wp-content\/uploads\/2016\/10\/16-marce-brown-1.jpg?resize=350%2C200&ssl=1 1x, https:\/\/i0.wp.com\/www.hoymercedes.com.ar\/principal\/wp-content\/uploads\/2016\/10\/16-marce-brown-1.jpg?resize=525%2C300&ssl=1 1.5x"},"classes":[]},{"id":102197,"url":"https:\/\/www.hoymercedes.com.ar\/principal\/2019\/11\/12\/marcela-brown-seleccionada-para-muestra-textil-en-el-centro-cultural-borges\/","url_meta":{"origin":55851,"position":2},"title":"Marcela Brown seleccionada para muestra textil en el Centro Cultural Borges","author":"hoymercedes","date":"12 noviembre, 2019","format":false,"excerpt":"La obra hecha con letras de tela est\u00e1 inspirada en un libro de la d\u00e9cada del \u201940 que hablaba sobre la sexualidad en los ni\u00f1os y las ni\u00f1as. El t\u00edtulo de la obra es \u2018La sexualidad y el paso del tiempo, de la opresi\u00f3n a la libertad. Turbarsem\u00e1s-Masturbarse\u2019. La obra\u2026","rel":"","context":"En \u00abCultura\u00bb","block_context":{"text":"Cultura","link":"https:\/\/www.hoymercedes.com.ar\/principal\/category\/cultura\/"},"img":{"alt_text":"","src":"https:\/\/i0.wp.com\/www.hoymercedes.com.ar\/principal\/wp-content\/uploads\/2019\/11\/12-MBrown-800x800.jpeg?resize=350%2C200&ssl=1","width":350,"height":200,"srcset":"https:\/\/i0.wp.com\/www.hoymercedes.com.ar\/principal\/wp-content\/uploads\/2019\/11\/12-MBrown-800x800.jpeg?resize=350%2C200&ssl=1 1x, https:\/\/i0.wp.com\/www.hoymercedes.com.ar\/principal\/wp-content\/uploads\/2019\/11\/12-MBrown-800x800.jpeg?resize=525%2C300&ssl=1 1.5x, https:\/\/i0.wp.com\/www.hoymercedes.com.ar\/principal\/wp-content\/uploads\/2019\/11\/12-MBrown-800x800.jpeg?resize=700%2C400&ssl=1 2x"},"classes":[]},{"id":50506,"url":"https:\/\/www.hoymercedes.com.ar\/principal\/2016\/05\/28\/marcela-brown-seleccionada-el-salon-nacional-del-palais-de-glace\/","url_meta":{"origin":55851,"position":3},"title":"Marcela Brown seleccionada para el Sal\u00f3n Nacional del Palais de Glace","author":"hoymercedes","date":"28 mayo, 2016","format":false,"excerpt":"Por Clarisa Altieri \/ La obra se titula \u201cEllas cerraron las piernas\u201d recordando a las prostitutas de San Juli\u00e1n en Santa Cruz, recordadas en el libro La Patagonia Rebelde de Osvaldo Bayer. La artista pl\u00e1stica mercedina fue seleccionada y espera conocer qui\u00e9nes ser\u00e1n los ganadores en la inauguraci\u00f3n del pr\u00f3ximo\u2026","rel":"","context":"En \u00abCultura\u00bb","block_context":{"text":"Cultura","link":"https:\/\/www.hoymercedes.com.ar\/principal\/category\/cultura\/"},"img":{"alt_text":"","src":"https:\/\/i0.wp.com\/www.hoymercedes.com.ar\/principal\/wp-content\/uploads\/2016\/05\/28-marcela-brown.jpg?resize=350%2C200&ssl=1","width":350,"height":200},"classes":[]},{"id":149812,"url":"https:\/\/www.hoymercedes.com.ar\/principal\/2022\/06\/25\/entregan-premios-a-los-ganadores-del-salon-de-pintura-ciudad-de-mercedes\/","url_meta":{"origin":55851,"position":4},"title":"Entregan premios a los ganadores del Sal\u00f3n de Pintura \u00abCiudad de Mercedes\u00bb","author":"hoymercedes","date":"25 junio, 2022","format":false,"excerpt":"Entregan premios a los ganadores del Sal\u00f3n de Pintura \"Ciudad de Mercedes\"","rel":"","context":"En \u00abCultura\u00bb","block_context":{"text":"Cultura","link":"https:\/\/www.hoymercedes.com.ar\/principal\/category\/cultura\/"},"img":{"alt_text":"","src":"https:\/\/i0.wp.com\/www.hoymercedes.com.ar\/principal\/wp-content\/uploads\/2022\/06\/IMG_20220624_190443818.jpg?resize=350%2C200&ssl=1","width":350,"height":200,"srcset":"https:\/\/i0.wp.com\/www.hoymercedes.com.ar\/principal\/wp-content\/uploads\/2022\/06\/IMG_20220624_190443818.jpg?resize=350%2C200&ssl=1 1x, https:\/\/i0.wp.com\/www.hoymercedes.com.ar\/principal\/wp-content\/uploads\/2022\/06\/IMG_20220624_190443818.jpg?resize=525%2C300&ssl=1 1.5x, https:\/\/i0.wp.com\/www.hoymercedes.com.ar\/principal\/wp-content\/uploads\/2022\/06\/IMG_20220624_190443818.jpg?resize=700%2C400&ssl=1 2x"},"classes":[]},{"id":69002,"url":"https:\/\/www.hoymercedes.com.ar\/principal\/2017\/10\/31\/marcela-cueto-camilo-guinot-y-mariano-fuaz-seleccionados-en-el-salon-de-junin\/","url_meta":{"origin":55851,"position":5},"title":"Marcela Cueto, Camilo Guinot y Mariano Fuaz seleccionados en el Sal\u00f3n de Jun\u00edn","author":"hoymercedes","date":"31 octubre, 2017","format":false,"excerpt":"El XIII Sal\u00f3n Nacional de Artes Visuales de la localidad de Jun\u00edn dio a conocer los nombres de los artistas seleccionados en la primera etapa. Entre ellos, tres mercedinos fueron distinguidos y tendr\u00e1n que presentar sus trabajos antes del 10 de noviembre para formar parte de la selecci\u00f3n final. Marcela\u2026","rel":"","context":"En \u00abCultura\u00bb","block_context":{"text":"Cultura","link":"https:\/\/www.hoymercedes.com.ar\/principal\/category\/cultura\/"},"img":{"alt_text":"","src":"https:\/\/i0.wp.com\/www.hoymercedes.com.ar\/principal\/wp-content\/uploads\/2017\/10\/31-salon-nacional-junin.jpg?resize=350%2C200&ssl=1","width":350,"height":200,"srcset":"https:\/\/i0.wp.com\/www.hoymercedes.com.ar\/principal\/wp-content\/uploads\/2017\/10\/31-salon-nacional-junin.jpg?resize=350%2C200&ssl=1 1x, https:\/\/i0.wp.com\/www.hoymercedes.com.ar\/principal\/wp-content\/uploads\/2017\/10\/31-salon-nacional-junin.jpg?resize=525%2C300&ssl=1 1.5x, https:\/\/i0.wp.com\/www.hoymercedes.com.ar\/principal\/wp-content\/uploads\/2017\/10\/31-salon-nacional-junin.jpg?resize=700%2C400&ssl=1 2x"},"classes":[]}],"_links":{"self":[{"href":"https:\/\/www.hoymercedes.com.ar\/principal\/wp-json\/wp\/v2\/posts\/55851","targetHints":{"allow":["GET"]}}],"collection":[{"href":"https:\/\/www.hoymercedes.com.ar\/principal\/wp-json\/wp\/v2\/posts"}],"about":[{"href":"https:\/\/www.hoymercedes.com.ar\/principal\/wp-json\/wp\/v2\/types\/post"}],"author":[{"embeddable":true,"href":"https:\/\/www.hoymercedes.com.ar\/principal\/wp-json\/wp\/v2\/users\/1"}],"replies":[{"embeddable":true,"href":"https:\/\/www.hoymercedes.com.ar\/principal\/wp-json\/wp\/v2\/comments?post=55851"}],"version-history":[{"count":0,"href":"https:\/\/www.hoymercedes.com.ar\/principal\/wp-json\/wp\/v2\/posts\/55851\/revisions"}],"wp:attachment":[{"href":"https:\/\/www.hoymercedes.com.ar\/principal\/wp-json\/wp\/v2\/media?parent=55851"}],"wp:term":[{"taxonomy":"category","embeddable":true,"href":"https:\/\/www.hoymercedes.com.ar\/principal\/wp-json\/wp\/v2\/categories?post=55851"},{"taxonomy":"post_tag","embeddable":true,"href":"https:\/\/www.hoymercedes.com.ar\/principal\/wp-json\/wp\/v2\/tags?post=55851"}],"curies":[{"name":"wp","href":"https:\/\/api.w.org\/{rel}","templated":true}]}}