{"id":5587,"date":"2011-07-17T16:32:00","date_gmt":"2011-07-17T16:32:00","guid":{"rendered":"http:\/\/www.hoymercedes.com.ar\/principal\/?p=5587"},"modified":"2011-07-17T16:32:00","modified_gmt":"2011-07-17T16:32:00","slug":"gran-exito-del-estreno-los-chismes-de-las-mujeres%e2%80%9d","status":"publish","type":"post","link":"https:\/\/www.hoymercedes.com.ar\/principal\/2011\/07\/17\/gran-exito-del-estreno-los-chismes-de-las-mujeres%e2%80%9d\/","title":{"rendered":"Gran exito del estreno: \u00abLos chismes de las Mujeres\u201d"},"content":{"rendered":"<p>La funci\u00f3n del grupo teatral \u00abRenacer\u00bb integrada por internos de la Unidad 5 de Mercedes, una vez m\u00e1s lleno la Sala A del Teatro Julio Cesar Gioscio y dio una excelente presentaci\u00f3n ante el publico que los fue a ver.<\/p>\n<p>El viernes, pasadas las a las 20, con gran cantidad de gente que se acerco una vez m\u00e1s hasta el Teatro para acompa\u00f1ar a este Grupo teatral denominado \u201cRenacer\u201d, presentaron \u201cLos chismes de la Mujeres\u201d, siendo esta vez la direcci\u00f3n y puesta en escena y profesora de ellos Gabriela Lorusso, que adem\u00e1s actu\u00f3 de manera excelente, con mucha presencia en el escenario, grandes gestos y dejando lucir a cada uno de los personajes que todos hicieron muy buenas interpretaciones.<\/p>\n<p style=\"text-align: center;\"><a href=\"https:\/\/www.hoymercedes.com.ar\/principal\/wp-content\/uploads\/2011\/07\/tu5.jpg\"><img loading=\"lazy\" decoding=\"async\" data-attachment-id=\"5589\" data-permalink=\"https:\/\/www.hoymercedes.com.ar\/principal\/2011\/07\/17\/gran-exito-del-estreno-los-chismes-de-las-mujeres%e2%80%9d\/tu5\/#main\" data-orig-file=\"https:\/\/www.hoymercedes.com.ar\/principal\/wp-content\/uploads\/2011\/07\/tu5.jpg\" data-orig-size=\"605,454\" data-comments-opened=\"1\" data-image-meta=\"{&quot;aperture&quot;:&quot;2.8&quot;,&quot;credit&quot;:&quot;&quot;,&quot;camera&quot;:&quot;KODAK EASYSHARE V1003 ZOOM DIGITAL CAMERA&quot;,&quot;caption&quot;:&quot;&quot;,&quot;created_timestamp&quot;:&quot;1263906785&quot;,&quot;copyright&quot;:&quot;&quot;,&quot;focal_length&quot;:&quot;7.5&quot;,&quot;iso&quot;:&quot;160&quot;,&quot;shutter_speed&quot;:&quot;0.016666666666667&quot;,&quot;title&quot;:&quot;&quot;}\" data-image-title=\"tu5\" data-image-description=\"\" data-image-caption=\"\" data-large-file=\"https:\/\/www.hoymercedes.com.ar\/principal\/wp-content\/uploads\/2011\/07\/tu5.jpg\" class=\"size-full wp-image-5589 aligncenter\" title=\"tu5\" src=\"https:\/\/www.hoymercedes.com.ar\/principal\/wp-content\/uploads\/2011\/07\/tu5.jpg\" alt=\"\" width=\"605\" height=\"454\" \/><\/a><\/p>\n<p>La obra se trat\u00f3 de una comedia italiana de Carlo Godoni, que lleva a enredos y situaciones maliciosas de chismosas de distintas sepas sociales de Venecia del 1700, pero todo mal intencionado y llenas de charlataner\u00edas, que les dificultan la vida a los dem\u00e1s. Con un texto que contiene vocabulario de \u00e9poca, distinto al actual, supieron llevarla de manera relajada y sin errores.<\/p>\n<p>La escenograf\u00eda remarcaba un bello paisaje de Venecia, g\u00f3ndolas y una calle donde estaban todas las casas de las chismosas, realizado en diversas telas, el escenario se visti\u00f3 con la escena. El vestuario lleno de color, importantes trajes hicieron transportar al los espectadores en esa \u00e9poca y en ese lugar. Todo fue realizado en los talleres de la Unidad.<\/p>\n<p>Este grupo que tiene 5 a\u00f1os de trayectoria y con esta son seis \u201csalidas\u201d o presentaciones con distintas obras, siempre tiene una buena cantidad de publico, siendo esta vez una m\u00e1s, desde la Unidad agradecieron a todos los presentes por apoyar e incentivar estas actividades, como as\u00ed tambi\u00e9n a la profesora que desde principios de a\u00f1o va a ense\u00f1ar de manera gratuita a los internos.<\/p>\n<p>El elenco estuvo conformado por Marcelo D\u00edaz, Hector Zelaya, Adriana Rodr\u00edguez, Sergio Cuello, Mat\u00edas Garcia, Rodrigo Mi\u00f1o, Miguel Urbino, Liliana Carabajal, Ver\u00f3nica Ibarra, Blanca Negro, Liliana G\u00f3mez, Jos\u00e9 Escalada y Gonzalo Castroman ser\u00e1n iluminador y sonidista. La direcci\u00f3n y puesta en escena a cargo de la profesora Gabriela Lorusso.<\/p>\n<p>Los actores de este grupo les dan las gracias al p\u00fablico que asisti\u00f3 y a personas que siempre les dan su apoyo, con la presencia, con los aplausos y con colaboraciones y al Servicio Penitenciario que hace que todo esto sea posible de realizarse,<\/p>\n","protected":false},"excerpt":{"rendered":"<p>La funci\u00f3n del grupo teatral \u00abRenacer\u00bb integrada por internos de la Unidad 5 de Mercedes, una vez m\u00e1s lleno la &#8230; <a title=\"Gran exito del estreno: \u00abLos chismes de las Mujeres\u201d\" class=\"read-more\" href=\"https:\/\/www.hoymercedes.com.ar\/principal\/2011\/07\/17\/gran-exito-del-estreno-los-chismes-de-las-mujeres%e2%80%9d\/\" aria-label=\"Leer m\u00e1s sobre Gran exito del estreno: \u00abLos chismes de las Mujeres\u201d\">Leer m\u00e1s<\/a><\/p>\n","protected":false},"author":1,"featured_media":0,"comment_status":"open","ping_status":"open","sticky":false,"template":"","format":"standard","meta":{"_monsterinsights_skip_tracking":false,"_monsterinsights_sitenote_active":false,"_monsterinsights_sitenote_note":"","_monsterinsights_sitenote_category":0,"jetpack_post_was_ever_published":false,"_jetpack_newsletter_access":"","_jetpack_dont_email_post_to_subs":false,"_jetpack_newsletter_tier_id":0,"_jetpack_memberships_contains_paywalled_content":false,"_jetpack_memberships_contains_paid_content":false,"footnotes":"","jetpack_publicize_message":"","jetpack_publicize_feature_enabled":true,"jetpack_social_post_already_shared":false,"jetpack_social_options":{"image_generator_settings":{"template":"highway","default_image_id":0,"font":"","enabled":false},"version":2},"_wpas_customize_per_network":false},"categories":[8],"tags":[1038,1037,113],"class_list":["post-5587","post","type-post","status-publish","format-standard","hentry","category-sociedad","tag-merecedes","tag-teatro-unidad-5","tag-unidad-5","generate-columns","tablet-grid-50","mobile-grid-100","grid-parent","grid-50"],"jetpack_publicize_connections":[],"jetpack_featured_media_url":"","wps_subtitle":"","jetpack_sharing_enabled":true,"_links":{"self":[{"href":"https:\/\/www.hoymercedes.com.ar\/principal\/wp-json\/wp\/v2\/posts\/5587","targetHints":{"allow":["GET"]}}],"collection":[{"href":"https:\/\/www.hoymercedes.com.ar\/principal\/wp-json\/wp\/v2\/posts"}],"about":[{"href":"https:\/\/www.hoymercedes.com.ar\/principal\/wp-json\/wp\/v2\/types\/post"}],"author":[{"embeddable":true,"href":"https:\/\/www.hoymercedes.com.ar\/principal\/wp-json\/wp\/v2\/users\/1"}],"replies":[{"embeddable":true,"href":"https:\/\/www.hoymercedes.com.ar\/principal\/wp-json\/wp\/v2\/comments?post=5587"}],"version-history":[{"count":0,"href":"https:\/\/www.hoymercedes.com.ar\/principal\/wp-json\/wp\/v2\/posts\/5587\/revisions"}],"wp:attachment":[{"href":"https:\/\/www.hoymercedes.com.ar\/principal\/wp-json\/wp\/v2\/media?parent=5587"}],"wp:term":[{"taxonomy":"category","embeddable":true,"href":"https:\/\/www.hoymercedes.com.ar\/principal\/wp-json\/wp\/v2\/categories?post=5587"},{"taxonomy":"post_tag","embeddable":true,"href":"https:\/\/www.hoymercedes.com.ar\/principal\/wp-json\/wp\/v2\/tags?post=5587"}],"curies":[{"name":"wp","href":"https:\/\/api.w.org\/{rel}","templated":true}]}}