{"id":5591,"date":"2011-07-17T16:33:54","date_gmt":"2011-07-17T16:33:54","guid":{"rendered":"http:\/\/www.hoymercedes.com.ar\/principal\/?p=5591"},"modified":"2011-07-17T16:33:54","modified_gmt":"2011-07-17T16:33:54","slug":"el-equipo-de-campana-de-%e2%80%9cpancho-%e2%80%9ctorres-programa-diversas-actividades","status":"publish","type":"post","link":"https:\/\/www.hoymercedes.com.ar\/principal\/2011\/07\/17\/el-equipo-de-campana-de-%e2%80%9cpancho-%e2%80%9ctorres-programa-diversas-actividades\/","title":{"rendered":"El equipo de campa\u00f1a de \u201cPancho \u201cTorres programa diversas actividades"},"content":{"rendered":"<p>De acuerdo a lo informado a trav\u00e9s de un comunicado dirigido a los medios, el Equipo de Campa\u00f1a de Juan Manuel Torres informo que visitar\u00e1 la ciudad de Mercedes la Diputada Natalia Gambaro como parte de una gira pol\u00edtica que incluye los Partidos de Luj\u00e1n, Mercedes y Suipacha.<\/p>\n<p>La parlamentarias estar\u00e1 en nuestro medio el d\u00eda 19 del corriente mes y entre sus actividades est\u00e1 dispuesta la visitas a varios barrios y una posterior conferencia de prensa en un horario aun a determinar.<\/p>\n<p>Posteriormente el 22 se llevar\u00e1 a cabo una cena con j\u00f3venes y militantes y el d\u00eda 27 un equipo especializado dar\u00e1 una charla sobre el Mapa de Seguridad de Nuestra ciudad<\/p>\n","protected":false},"excerpt":{"rendered":"<p>De acuerdo a lo informado a trav\u00e9s de un comunicado dirigido a los medios, el Equipo de Campa\u00f1a de Juan &#8230; <a title=\"El equipo de campa\u00f1a de \u201cPancho \u201cTorres programa diversas actividades\" class=\"read-more\" href=\"https:\/\/www.hoymercedes.com.ar\/principal\/2011\/07\/17\/el-equipo-de-campana-de-%e2%80%9cpancho-%e2%80%9ctorres-programa-diversas-actividades\/\" aria-label=\"Leer m\u00e1s sobre El equipo de campa\u00f1a de \u201cPancho \u201cTorres programa diversas actividades\">Leer m\u00e1s<\/a><\/p>\n","protected":false},"author":1,"featured_media":0,"comment_status":"open","ping_status":"open","sticky":false,"template":"","format":"standard","meta":{"_monsterinsights_skip_tracking":false,"_monsterinsights_sitenote_active":false,"_monsterinsights_sitenote_note":"","_monsterinsights_sitenote_category":0,"jetpack_post_was_ever_published":false,"_jetpack_newsletter_access":"","_jetpack_dont_email_post_to_subs":false,"_jetpack_newsletter_tier_id":0,"_jetpack_memberships_contains_paywalled_content":false,"_jetpack_memberships_contains_paid_content":false,"footnotes":"","jetpack_publicize_message":"","jetpack_publicize_feature_enabled":true,"jetpack_social_post_already_shared":false,"jetpack_social_options":{"image_generator_settings":{"template":"highway","default_image_id":0,"font":"","enabled":false},"version":2},"_wpas_customize_per_network":false},"categories":[5],"tags":[1039,1040,392],"class_list":["post-5591","post","type-post","status-publish","format-standard","hentry","category-politica","tag-denarvaez","tag-natalia-gambaro","tag-pancho-torres","generate-columns","tablet-grid-50","mobile-grid-100","grid-parent","grid-50"],"jetpack_publicize_connections":[],"jetpack_featured_media_url":"","wps_subtitle":"","jetpack_sharing_enabled":true,"_links":{"self":[{"href":"https:\/\/www.hoymercedes.com.ar\/principal\/wp-json\/wp\/v2\/posts\/5591","targetHints":{"allow":["GET"]}}],"collection":[{"href":"https:\/\/www.hoymercedes.com.ar\/principal\/wp-json\/wp\/v2\/posts"}],"about":[{"href":"https:\/\/www.hoymercedes.com.ar\/principal\/wp-json\/wp\/v2\/types\/post"}],"author":[{"embeddable":true,"href":"https:\/\/www.hoymercedes.com.ar\/principal\/wp-json\/wp\/v2\/users\/1"}],"replies":[{"embeddable":true,"href":"https:\/\/www.hoymercedes.com.ar\/principal\/wp-json\/wp\/v2\/comments?post=5591"}],"version-history":[{"count":0,"href":"https:\/\/www.hoymercedes.com.ar\/principal\/wp-json\/wp\/v2\/posts\/5591\/revisions"}],"wp:attachment":[{"href":"https:\/\/www.hoymercedes.com.ar\/principal\/wp-json\/wp\/v2\/media?parent=5591"}],"wp:term":[{"taxonomy":"category","embeddable":true,"href":"https:\/\/www.hoymercedes.com.ar\/principal\/wp-json\/wp\/v2\/categories?post=5591"},{"taxonomy":"post_tag","embeddable":true,"href":"https:\/\/www.hoymercedes.com.ar\/principal\/wp-json\/wp\/v2\/tags?post=5591"}],"curies":[{"name":"wp","href":"https:\/\/api.w.org\/{rel}","templated":true}]}}