{"id":55942,"date":"2016-10-16T10:53:22","date_gmt":"2016-10-16T13:53:22","guid":{"rendered":"http:\/\/www.hoymercedes.com.ar\/principal\/?p=55942"},"modified":"2016-10-15T14:57:29","modified_gmt":"2016-10-15T17:57:29","slug":"la-simple-y-clara-voluntad-politica-de-querer-mejorar-la-calidad-de-vida-de-nuestros-vecinos","status":"publish","type":"post","link":"https:\/\/www.hoymercedes.com.ar\/principal\/2016\/10\/16\/la-simple-y-clara-voluntad-politica-de-querer-mejorar-la-calidad-de-vida-de-nuestros-vecinos\/","title":{"rendered":"\u00abLa simple y clara voluntad pol\u00edtica de querer mejorar la calidad de vida de nuestros vecinos\u00bb"},"content":{"rendered":"<p><strong><em>Por Ing. Fernando Lapolla<\/em><\/strong> &#8211; Muchas veces nos lleg\u00f3 la noticia de que la autopista se iba terminar siempre como promesa de campa\u00f1a, siempre jugando con la ilusi\u00f3n y los sue\u00f1os y dem\u00e1s pretensiones que tenemos los ciudadanos cuando queremos desarrollarnos y crecer en el pa\u00eds que tanto queremos.<\/p>\n<p>M\u00e1s de 30 a\u00f1os llevaba la autopista y en los \u00faltimos a\u00f1os nos prometieron m\u00e1s de una vez que la iban a terminar y que iba a beneficiar a miles de mercedinos como as\u00ed tambi\u00e9n a mucho de los ciudadanos que transitan la Ruta Nacional N\u00aa\u00a05\u00a0generando m\u00e1s seguridad y ahorro de tiempo a nuestros vecinos.<\/p>\n<p>Y hoy con el avance de los primeros meses de gobierno de Cambiemos vemos que lo que hac\u00eda falta no eran tantas promesas o millones en licitaciones fraudulentas para guardar bolsos en un convento sino la simple y clara voluntad pol\u00edtica de querer mejorar la calidad de vida de nuestros vecinos.<\/p>\n<p>Hoy tomamos conocimiento de que los avances en las obras son reales (en Jauregui comenzaron las obras de conexi\u00f3n con la autopista) y a la brevedad podremos utilizar lo que tantas veces nos hicieron creer.<\/p>\n<p>Ing. Fernando Lapolla<br \/>\nDirector Provincial de Innovaci\u00f3n, Ciencia y Tecnolog\u00eda<\/p>\n","protected":false},"excerpt":{"rendered":"<p>Por Ing. Fernando Lapolla &#8211; Muchas veces nos lleg\u00f3 la noticia de que la autopista se iba terminar siempre como &#8230; <a title=\"\u00abLa simple y clara voluntad pol\u00edtica de querer mejorar la calidad de vida de nuestros vecinos\u00bb\" class=\"read-more\" href=\"https:\/\/www.hoymercedes.com.ar\/principal\/2016\/10\/16\/la-simple-y-clara-voluntad-politica-de-querer-mejorar-la-calidad-de-vida-de-nuestros-vecinos\/\" aria-label=\"Leer m\u00e1s sobre \u00abLa simple y clara voluntad pol\u00edtica de querer mejorar la calidad de vida de nuestros vecinos\u00bb\">Leer m\u00e1s<\/a><\/p>\n","protected":false},"author":1,"featured_media":0,"comment_status":"open","ping_status":"open","sticky":false,"template":"","format":"standard","meta":{"_monsterinsights_skip_tracking":false,"_monsterinsights_sitenote_active":false,"_monsterinsights_sitenote_note":"","_monsterinsights_sitenote_category":0,"jetpack_post_was_ever_published":false,"_jetpack_newsletter_access":"","_jetpack_dont_email_post_to_subs":false,"_jetpack_newsletter_tier_id":0,"_jetpack_memberships_contains_paywalled_content":false,"_jetpack_memberships_contains_paid_content":false,"footnotes":"","jetpack_publicize_message":"","jetpack_publicize_feature_enabled":true,"jetpack_social_post_already_shared":true,"jetpack_social_options":{"image_generator_settings":{"template":"highway","default_image_id":0,"font":"","enabled":false},"version":2},"_wpas_customize_per_network":false},"categories":[11],"tags":[10120,1734,8748],"class_list":["post-55942","post","type-post","status-publish","format-standard","hentry","category-ciudad","tag-autopista","tag-ciudad-2","tag-opinion","generate-columns","tablet-grid-50","mobile-grid-100","grid-parent","grid-50"],"jetpack_publicize_connections":[],"jetpack_featured_media_url":"","wps_subtitle":"Opini\u00f3n","jetpack_sharing_enabled":true,"_links":{"self":[{"href":"https:\/\/www.hoymercedes.com.ar\/principal\/wp-json\/wp\/v2\/posts\/55942","targetHints":{"allow":["GET"]}}],"collection":[{"href":"https:\/\/www.hoymercedes.com.ar\/principal\/wp-json\/wp\/v2\/posts"}],"about":[{"href":"https:\/\/www.hoymercedes.com.ar\/principal\/wp-json\/wp\/v2\/types\/post"}],"author":[{"embeddable":true,"href":"https:\/\/www.hoymercedes.com.ar\/principal\/wp-json\/wp\/v2\/users\/1"}],"replies":[{"embeddable":true,"href":"https:\/\/www.hoymercedes.com.ar\/principal\/wp-json\/wp\/v2\/comments?post=55942"}],"version-history":[{"count":0,"href":"https:\/\/www.hoymercedes.com.ar\/principal\/wp-json\/wp\/v2\/posts\/55942\/revisions"}],"wp:attachment":[{"href":"https:\/\/www.hoymercedes.com.ar\/principal\/wp-json\/wp\/v2\/media?parent=55942"}],"wp:term":[{"taxonomy":"category","embeddable":true,"href":"https:\/\/www.hoymercedes.com.ar\/principal\/wp-json\/wp\/v2\/categories?post=55942"},{"taxonomy":"post_tag","embeddable":true,"href":"https:\/\/www.hoymercedes.com.ar\/principal\/wp-json\/wp\/v2\/tags?post=55942"}],"curies":[{"name":"wp","href":"https:\/\/api.w.org\/{rel}","templated":true}]}}