{"id":5603,"date":"2011-07-18T02:08:50","date_gmt":"2011-07-18T02:08:50","guid":{"rendered":"http:\/\/www.hoymercedes.com.ar\/principal\/?p=5603"},"modified":"2011-07-18T02:08:50","modified_gmt":"2011-07-18T02:08:50","slug":"ustarroz-sigue-recorriendo-los-barrios","status":"publish","type":"post","link":"https:\/\/www.hoymercedes.com.ar\/principal\/2011\/07\/18\/ustarroz-sigue-recorriendo-los-barrios\/","title":{"rendered":"Ustarroz sigue recorriendo los barrios"},"content":{"rendered":"<p>El fin de semana el candidato del Frente Mercedino para la Victoria Juan Ignacio Ustarroz junto a sus candidatos recorri\u00f3 algunos barrios de la ciudad.<\/p>\n<p>La parada mas significativa se dio en el barrio San Martin, donde los candidatos a concejales y consejeros escolares desde pasadas las 10 horas visitaron las casas de los vecinos de la barriada, hablando sobre el proyecto del Frente Mercedino y sus alcances.<\/p>\n<p><a href=\"https:\/\/www.hoymercedes.com.ar\/principal\/wp-content\/uploads\/2011\/07\/ustarroz-sanmartin.jpg\"><img loading=\"lazy\" decoding=\"async\" data-attachment-id=\"5605\" data-permalink=\"https:\/\/www.hoymercedes.com.ar\/principal\/2011\/07\/18\/ustarroz-sigue-recorriendo-los-barrios\/ustarroz-sanmartin\/#main\" data-orig-file=\"https:\/\/www.hoymercedes.com.ar\/principal\/wp-content\/uploads\/2011\/07\/ustarroz-sanmartin.jpg\" data-orig-size=\"600,399\" data-comments-opened=\"1\" data-image-meta=\"{&quot;aperture&quot;:&quot;8&quot;,&quot;credit&quot;:&quot;Moreira Mario&quot;,&quot;camera&quot;:&quot;NIKON D300&quot;,&quot;caption&quot;:&quot;&quot;,&quot;created_timestamp&quot;:&quot;1310824722&quot;,&quot;copyright&quot;:&quot;Moreira Mario&quot;,&quot;focal_length&quot;:&quot;18&quot;,&quot;iso&quot;:&quot;200&quot;,&quot;shutter_speed&quot;:&quot;0.004&quot;,&quot;title&quot;:&quot;&quot;}\" data-image-title=\"ustarroz-sanmartin\" data-image-description=\"\" data-image-caption=\"\" data-large-file=\"https:\/\/www.hoymercedes.com.ar\/principal\/wp-content\/uploads\/2011\/07\/ustarroz-sanmartin.jpg\" class=\"aligncenter size-full wp-image-5605\" title=\"ustarroz-sanmartin\" src=\"https:\/\/www.hoymercedes.com.ar\/principal\/wp-content\/uploads\/2011\/07\/ustarroz-sanmartin.jpg\" alt=\"\" width=\"600\" height=\"399\" \/><\/a><\/p>\n<p>Pasada las 12 horas Juan Ustarroz, quien venia con otro grupo de trabajo procedentes de otro barrio se sumo a caminar el barrio con sus candidatos.<\/p>\n<p>Cerca de las 13 horas Ustarroz se subi\u00f3 al acoplado de un cami\u00f3n que hacia las veces de escenario para dirigirse a la gente del barrio, presentando a Gustavo Morales, candidato a concejal suplente de la fuerza que dijo:\u201dComo algunos saben yo naci en la Pampa chica y ah\u00ed conoci a el grupo maravilloso que trabajaba junto a Juani, cuando empezaron a hacer ese comedor divino,con el amor y el sacrificio que lo hicieron, nunca me voy a olvidar, en ese terrible 2001,le ofrecieron un vaso de leche a los chicos cuando la situaci\u00f3n era muy dif\u00edcil, adem\u00e1s que en esa \u00e9poca lo hicieron sin ninguna bandera pol\u00edtica, eso demuestra la gran persona que es hoy Juani y todos los que conforman ese grupo\u201d.<\/p>\n<p>Luego fue el tiempo de Paulina, ella esta a cargo de un Comedor que se encuentra en el barrio contiguo al San Martin, el barrio Lopardo, Jorge Camargo, vecino del barrio que esta dentro de la lista de Ustarroz y Carlos Cangaro, medico pediatra que por vocaci\u00f3n atiende a todos aquellos ni\u00f1os y ni\u00f1as que no cuentan con ning\u00fan tipo de cobertura en diferentes barrios de la ciudad.<\/p>\n<p><a href=\"https:\/\/www.hoymercedes.com.ar\/principal\/wp-content\/uploads\/2011\/07\/ustarroz-sanmartinII.jpg\"><img loading=\"lazy\" decoding=\"async\" data-attachment-id=\"5606\" data-permalink=\"https:\/\/www.hoymercedes.com.ar\/principal\/2011\/07\/18\/ustarroz-sigue-recorriendo-los-barrios\/ustarroz-sanmartinii\/#main\" data-orig-file=\"https:\/\/www.hoymercedes.com.ar\/principal\/wp-content\/uploads\/2011\/07\/ustarroz-sanmartinII.jpg\" data-orig-size=\"600,399\" data-comments-opened=\"1\" data-image-meta=\"{&quot;aperture&quot;:&quot;7.1&quot;,&quot;credit&quot;:&quot;Moreira Mario&quot;,&quot;camera&quot;:&quot;NIKON D300&quot;,&quot;caption&quot;:&quot;&quot;,&quot;created_timestamp&quot;:&quot;1310825495&quot;,&quot;copyright&quot;:&quot;Moreira Mario&quot;,&quot;focal_length&quot;:&quot;18&quot;,&quot;iso&quot;:&quot;200&quot;,&quot;shutter_speed&quot;:&quot;0.005&quot;,&quot;title&quot;:&quot;&quot;}\" data-image-title=\"ustarroz-sanmartinII\" data-image-description=\"\" data-image-caption=\"\" data-large-file=\"https:\/\/www.hoymercedes.com.ar\/principal\/wp-content\/uploads\/2011\/07\/ustarroz-sanmartinII.jpg\" class=\"aligncenter size-full wp-image-5606\" title=\"ustarroz-sanmartinII\" src=\"https:\/\/www.hoymercedes.com.ar\/principal\/wp-content\/uploads\/2011\/07\/ustarroz-sanmartinII.jpg\" alt=\"\" width=\"600\" height=\"399\" srcset=\"https:\/\/www.hoymercedes.com.ar\/principal\/wp-content\/uploads\/2011\/07\/ustarroz-sanmartinII.jpg 600w, https:\/\/www.hoymercedes.com.ar\/principal\/wp-content\/uploads\/2011\/07\/ustarroz-sanmartinII-300x199.jpg 300w\" sizes=\"auto, (max-width: 600px) 100vw, 600px\" \/><\/a><\/p>\n<p>El cierre de la jornada estuvo a cargo del candidato a Intendente del Frente Mercedino para la Victoria Juan Ignacio Ustarroz:\u201d Hace 10 a\u00f1os atr\u00e1s luch\u00e1bamos por un sue\u00f1o que era darle de comer a los chicos de la Pampa chica, hoy el sue\u00f1o y el desafio es mas grande porque Argentina ha crecido mucho y el dia de ma\u00f1ana queremos que esos chicos vivan en un barrio mejor, hoy no hacemos una campa\u00f1a con promesas sino que trabajamos codo a codo con el vecino como lo hicimos en el barrio Esperanza. Hoy, Mercedes tiene una oportunidad hist\u00f3rica, para poder hacer crecer a nuestra ciudad, para que los barrios mejoren\u201d.<\/p>\n<p>\u201cEl Frente naci\u00f3 al calor de Nestor y Cristina, Nestor le dejo un legado a la juventud, Cristina nos pide que seamos el puente para transitar ese camino\u201d.<\/p>\n<p>\u201cNosotros tenemos un compromiso, lo demuestra la cantidad de personas que suman dia a dia al proyecto, tenemos el sue\u00f1o de ver que nuestra ciudad crezca, por eso caminamos toda ciudad, no venimos a criticar a nadie no lo hacemos porque tenemos proyectos y propuestas para mejorar la calidad de vida de la gente, eso es lo importante\u201d.<\/p>\n","protected":false},"excerpt":{"rendered":"<p>El fin de semana el candidato del Frente Mercedino para la Victoria Juan Ignacio Ustarroz junto a sus candidatos recorri\u00f3 &#8230; <a title=\"Ustarroz sigue recorriendo los barrios\" class=\"read-more\" href=\"https:\/\/www.hoymercedes.com.ar\/principal\/2011\/07\/18\/ustarroz-sigue-recorriendo-los-barrios\/\" aria-label=\"Leer m\u00e1s sobre Ustarroz sigue recorriendo los barrios\">Leer m\u00e1s<\/a><\/p>\n","protected":false},"author":1,"featured_media":0,"comment_status":"open","ping_status":"open","sticky":false,"template":"","format":"standard","meta":{"_monsterinsights_skip_tracking":false,"_monsterinsights_sitenote_active":false,"_monsterinsights_sitenote_note":"","_monsterinsights_sitenote_category":0,"jetpack_post_was_ever_published":false,"_jetpack_newsletter_access":"","_jetpack_dont_email_post_to_subs":false,"_jetpack_newsletter_tier_id":0,"_jetpack_memberships_contains_paywalled_content":false,"_jetpack_memberships_contains_paid_content":false,"footnotes":"","jetpack_publicize_message":"","jetpack_publicize_feature_enabled":true,"jetpack_social_post_already_shared":false,"jetpack_social_options":{"image_generator_settings":{"template":"highway","default_image_id":0,"font":"","enabled":false},"version":2},"_wpas_customize_per_network":false},"categories":[5],"tags":[1041,424],"class_list":["post-5603","post","type-post","status-publish","format-standard","hentry","category-politica","tag-barrio-san-martin","tag-ustarroz","generate-columns","tablet-grid-50","mobile-grid-100","grid-parent","grid-50"],"jetpack_publicize_connections":[],"jetpack_featured_media_url":"","wps_subtitle":"","jetpack_sharing_enabled":true,"_links":{"self":[{"href":"https:\/\/www.hoymercedes.com.ar\/principal\/wp-json\/wp\/v2\/posts\/5603","targetHints":{"allow":["GET"]}}],"collection":[{"href":"https:\/\/www.hoymercedes.com.ar\/principal\/wp-json\/wp\/v2\/posts"}],"about":[{"href":"https:\/\/www.hoymercedes.com.ar\/principal\/wp-json\/wp\/v2\/types\/post"}],"author":[{"embeddable":true,"href":"https:\/\/www.hoymercedes.com.ar\/principal\/wp-json\/wp\/v2\/users\/1"}],"replies":[{"embeddable":true,"href":"https:\/\/www.hoymercedes.com.ar\/principal\/wp-json\/wp\/v2\/comments?post=5603"}],"version-history":[{"count":0,"href":"https:\/\/www.hoymercedes.com.ar\/principal\/wp-json\/wp\/v2\/posts\/5603\/revisions"}],"wp:attachment":[{"href":"https:\/\/www.hoymercedes.com.ar\/principal\/wp-json\/wp\/v2\/media?parent=5603"}],"wp:term":[{"taxonomy":"category","embeddable":true,"href":"https:\/\/www.hoymercedes.com.ar\/principal\/wp-json\/wp\/v2\/categories?post=5603"},{"taxonomy":"post_tag","embeddable":true,"href":"https:\/\/www.hoymercedes.com.ar\/principal\/wp-json\/wp\/v2\/tags?post=5603"}],"curies":[{"name":"wp","href":"https:\/\/api.w.org\/{rel}","templated":true}]}}