{"id":56032,"date":"2016-10-17T18:15:36","date_gmt":"2016-10-17T21:15:36","guid":{"rendered":"http:\/\/www.hoymercedes.com.ar\/principal\/?p=56032"},"modified":"2016-10-17T23:27:31","modified_gmt":"2016-10-18T02:27:31","slug":"fuerte-y-sorpresivo-control-de-seguridad-vial","status":"publish","type":"post","link":"https:\/\/www.hoymercedes.com.ar\/principal\/2016\/10\/17\/fuerte-y-sorpresivo-control-de-seguridad-vial\/","title":{"rendered":"Fuerte y sorpresivo control de seguridad vial"},"content":{"rendered":"<p>Por Prensa Municipal &#8211; La noche del viernes depar\u00f3 un gran despliegue por parte de la Polic\u00eda Comunal, la Polic\u00eda Local y la Secretaria de Control Urbano en distintos puntos de la ciudad y en especial en los accesos y las avenidas. El control efectuado fue sobre cuestiones de tr\u00e1nsito y con \u00e9nfasis en exponer un fuerte rol del Estado municipal sobre la lejana problem\u00e1tica que son las motos con escapes libres, las picadas, las maniobras imprudentes y el andar en banda por las avenidas, tanto moto ciclomotores como autos en las salidas.<\/p>\n<p>Durante la semana el intendente Ustarroz present\u00f3 una nueva Coordinaci\u00f3n dentro de Control Urbano justamente con la idea de reforzar un \u00e1rea clave para \u00e9l. Nancy Okos se hizo cargo de la Coordinaci\u00f3n de tr\u00e1nsito en una medida que avanza sobre uno de los ejes de la gesti\u00f3n que incluso ya ven\u00edan desde antes de asumir cuando desde su bloque de concejales, cuando Ustarroz era edil, hab\u00edan presentado un proyecto que se volvi\u00f3 ordenanza contra los escapes, instancia que reafirm\u00f3 en un reciente proyecto elevado al Concejo Delibrante firmado por el primer mandatario y la Secretaria de Control Urbano para que se lo habilite a secuestrar motos como as\u00ed tambi\u00e9n interceder sobre los comercios que los vendan.<\/p>\n<p>La Polic\u00eda Comunal con una importante cantidad de efectivos, conducida por el comisario Macedo, como as\u00ed tambi\u00e9n la Polic\u00eda Comunal, con su responsable Gimeno, fueron quienes encabezaron la medida en un junto a Josefina Kelly y Esteban Rossi por parte de la Comuna.<\/p>\n<p>\u201cNosotros apostamos al control, al tr\u00e1nsito responsable, tambi\u00e9n a la educaci\u00f3n y la concientizaci\u00f3n y por eso estamos cada d\u00eda descentralizando m\u00e1s el \u00e1rea, estamos cada vez con menos burocracia y agilidad de tr\u00e1mites. Es una tarea a largo plazo, lo sabemos, pero siempre hay que empezar por alg\u00fan lado. Nosotros lo decidimos y por eso vamos a los barrios, cerca de los vecinos, a la par que apostamos al desarrollo de la Secretar\u00eda de Control Urbano, su personal y gestores, como por supuesto la relaci\u00f3n y acci\u00f3n con las fuerzas de seguridad, tanto la Comunal como la Local que van mostrando eficiencia y eficacia, tal como los \u00faltimos hechos denotan\u201d, sostuvo Ustarroz entre otros conceptos al hablar del tema.<\/p>\n<p>Gimeno, Jefe de la Polic\u00eda Local coment\u00f3 \u201cEl operativo estuvo muy bien. Se secuestraron varias motos y a la madrugada con los m\u00f3viles recorriendo el centro no hubo casi desmanes mostrando c\u00f3mo la acci\u00f3n tuvo resultado positivo\u201d<\/p>\n<p>Por su jefe de la comunal destac\u00f3 que \u201ctodo sali\u00f3 bien, se trabaj\u00f3 coordinadamente, siempre hay cosas para mejorar. Este es el primero y sabemos que es un asunto socialmente complejo, lo importante es que logramos una gran tarea\u201d<\/p>\n<p>La acci\u00f3n cont\u00f3 con toda la plana mayor de la ciudad. Otro de los que hizo menci\u00f3n a la tarea fue Estaban Rossi, Director de Seguridad, que manifest\u00f3: \u201csali\u00f3 muy bien y debemos agradecer la participaci\u00f3n de la Agencia Nacional de Seguridad Vial\u00a0 por el aporte realizado\u201d<\/p>\n<p>La Secretaria de Control Urbano, una de las firmantes del mencionado proyecto elevado y que pas\u00f3 a comisi\u00f3n, pero entienden ser\u00e1 aprobado y dar\u00e1 mayores herramientas de gesti\u00f3n coment\u00f3 que \u201cfue el primer trabajo articulado con la Agencia Nacional, Polic\u00eda Comunal, Polic\u00eda Local y Tr\u00e1nsito. El resultado fue positivo, pero esta semana vamos a juntarnos nuevamente para evaluar c\u00f3mo podemos mejorar porque es una problem\u00e1tica que ata\u00f1e a toda la comunidad y viene desde hace tiempo. Adem\u00e1s de estos operativos,\u00a0 con clara Zunino y Nancy Okos vamos a trabajar fuertemente en la capacitaci\u00f3n porque consideramos esencial que se comprenda el riesgo que corren quienes realizan estas pr\u00e1cticas para s\u00ed mismos y para terceros\u201d.<\/p>\n<p>El hecho despert\u00f3 r\u00e1pidamente la satisfacci\u00f3n de buena parte de la ciudadan\u00eda que se sorprend\u00eda por el gran despliegue, como as\u00ed tambi\u00e9n los conductores que debieron dar respuesta a los oficiales de la polic\u00eda y de tr\u00e1nsito que efectuaban la verificaci\u00f3n de los documentos como as\u00ed tambi\u00e9n el cumplimiento de las normas vigentes.<\/p>\n","protected":false},"excerpt":{"rendered":"<p>Por Prensa Municipal &#8211; La noche del viernes depar\u00f3 un gran despliegue por parte de la Polic\u00eda Comunal, la Polic\u00eda &#8230; <a title=\"Fuerte y sorpresivo control de seguridad vial\" class=\"read-more\" href=\"https:\/\/www.hoymercedes.com.ar\/principal\/2016\/10\/17\/fuerte-y-sorpresivo-control-de-seguridad-vial\/\" aria-label=\"Leer m\u00e1s sobre Fuerte y sorpresivo control de seguridad vial\">Leer m\u00e1s<\/a><\/p>\n","protected":false},"author":1,"featured_media":56033,"comment_status":"open","ping_status":"open","sticky":false,"template":"","format":"standard","meta":{"_monsterinsights_skip_tracking":false,"_monsterinsights_sitenote_active":false,"_monsterinsights_sitenote_note":"","_monsterinsights_sitenote_category":0,"jetpack_post_was_ever_published":false,"_jetpack_newsletter_access":"","_jetpack_dont_email_post_to_subs":false,"_jetpack_newsletter_tier_id":0,"_jetpack_memberships_contains_paywalled_content":false,"_jetpack_memberships_contains_paid_content":false,"footnotes":"","jetpack_publicize_message":"","jetpack_publicize_feature_enabled":true,"jetpack_social_post_already_shared":true,"jetpack_social_options":{"image_generator_settings":{"template":"highway","default_image_id":0,"font":"","enabled":false},"version":2},"_wpas_customize_per_network":false},"categories":[30],"tags":[1616,244],"class_list":["post-56032","post","type-post","status-publish","format-standard","has-post-thumbnail","hentry","category-municipio","tag-control-urbano","tag-municipio-2","generate-columns","tablet-grid-50","mobile-grid-100","grid-parent","grid-50"],"jetpack_publicize_connections":[],"jetpack_featured_media_url":"https:\/\/www.hoymercedes.com.ar\/principal\/wp-content\/uploads\/2016\/10\/17-control-urbano.jpg","wps_subtitle":"Operativo nocturno","jetpack_sharing_enabled":true,"_links":{"self":[{"href":"https:\/\/www.hoymercedes.com.ar\/principal\/wp-json\/wp\/v2\/posts\/56032","targetHints":{"allow":["GET"]}}],"collection":[{"href":"https:\/\/www.hoymercedes.com.ar\/principal\/wp-json\/wp\/v2\/posts"}],"about":[{"href":"https:\/\/www.hoymercedes.com.ar\/principal\/wp-json\/wp\/v2\/types\/post"}],"author":[{"embeddable":true,"href":"https:\/\/www.hoymercedes.com.ar\/principal\/wp-json\/wp\/v2\/users\/1"}],"replies":[{"embeddable":true,"href":"https:\/\/www.hoymercedes.com.ar\/principal\/wp-json\/wp\/v2\/comments?post=56032"}],"version-history":[{"count":0,"href":"https:\/\/www.hoymercedes.com.ar\/principal\/wp-json\/wp\/v2\/posts\/56032\/revisions"}],"wp:featuredmedia":[{"embeddable":true,"href":"https:\/\/www.hoymercedes.com.ar\/principal\/wp-json\/wp\/v2\/media\/56033"}],"wp:attachment":[{"href":"https:\/\/www.hoymercedes.com.ar\/principal\/wp-json\/wp\/v2\/media?parent=56032"}],"wp:term":[{"taxonomy":"category","embeddable":true,"href":"https:\/\/www.hoymercedes.com.ar\/principal\/wp-json\/wp\/v2\/categories?post=56032"},{"taxonomy":"post_tag","embeddable":true,"href":"https:\/\/www.hoymercedes.com.ar\/principal\/wp-json\/wp\/v2\/tags?post=56032"}],"curies":[{"name":"wp","href":"https:\/\/api.w.org\/{rel}","templated":true}]}}