{"id":56058,"date":"2016-10-18T16:53:10","date_gmt":"2016-10-18T19:53:10","guid":{"rendered":"http:\/\/www.hoymercedes.com.ar\/principal\/?p=56058"},"modified":"2016-10-18T16:56:47","modified_gmt":"2016-10-18T19:56:47","slug":"realizaron-capacitacion-para-emprendedores","status":"publish","type":"post","link":"https:\/\/www.hoymercedes.com.ar\/principal\/2016\/10\/18\/realizaron-capacitacion-para-emprendedores\/","title":{"rendered":"Realizaron capacitaci\u00f3n para emprendedores"},"content":{"rendered":"<p>Desde la Direcci\u00f3n de Producci\u00f3n se realiz\u00f3 el primer taller de sensibilizaci\u00f3n dentro del programa de formalizaci\u00f3n para emprendedores. El objetivo del programa es formalizar a los emprendedores, fomentando as\u00ed el autoempleo.<\/p>\n<p>La actividad consiste en una taller de sensibilizaci\u00f3n donde se hace eje en la importancia de tributar y regularizar sus emprendimientos, adem\u00e1s contienen m\u00f3dulo de seguridad e higiene en el lugar de trabajo y todo lo que implica la formalizaci\u00f3n de su tarea.<\/p>\n<p>El equipo de la oficina de empleo orientaci\u00f3n y capacitaci\u00f3n Municipal de la Direcci\u00f3n de Producci\u00f3n llev\u00f3 a cabo este taller, que luego de 3 meses de formalizaci\u00f3n comprobada, a\u00a0 los emprendedores les brindar\u00e1 una importante ayuda econ\u00f3mica.<\/p>\n<p>En este primer curso se trabaj\u00f3 con integrantes de la feria municipal de La Trocha y dem\u00e1s emprendedores que se acercaron a la Direcci\u00f3n con inquietudes de capacitaci\u00f3n y asesoramiento.<\/p>\n<p>Se trabaj\u00f3 en articulaci\u00f3n con la Direcci\u00f3n de Turismo y la Secretaria de Desarrollo Social, que realiza el trabajo territorial y barrial llegando as\u00ed a las distintas zonas de nuestra ciudad.<\/p>\n<p>El Coordinador de la Feria Municipal, Javier Lennard, Carolina Galeano y Marcela Vita tuvieron a cargo del dictado del taller.<\/p>\n<p>Los 30 integrantes de este primer curso se mostraron muy entusiasmados con el contenido informativo que el mismo brind\u00f3. Se dict\u00f3 en el CECAP (centro de capacitaci\u00f3n municipal) de calle 21 casi 26.<\/p>\n<p>Fuente: Prensa Municipal<\/p>\n<p>&nbsp;<\/p>\n","protected":false},"excerpt":{"rendered":"<p>Desde la Direcci\u00f3n de Producci\u00f3n se realiz\u00f3 el primer taller de sensibilizaci\u00f3n dentro del programa de formalizaci\u00f3n para emprendedores. El &#8230; <a title=\"Realizaron capacitaci\u00f3n para emprendedores\" class=\"read-more\" href=\"https:\/\/www.hoymercedes.com.ar\/principal\/2016\/10\/18\/realizaron-capacitacion-para-emprendedores\/\" aria-label=\"Leer m\u00e1s sobre Realizaron capacitaci\u00f3n para emprendedores\">Leer m\u00e1s<\/a><\/p>\n","protected":false},"author":1,"featured_media":56059,"comment_status":"open","ping_status":"open","sticky":false,"template":"","format":"standard","meta":{"_monsterinsights_skip_tracking":false,"_monsterinsights_sitenote_active":false,"_monsterinsights_sitenote_note":"","_monsterinsights_sitenote_category":0,"jetpack_post_was_ever_published":false,"_jetpack_newsletter_access":"","_jetpack_dont_email_post_to_subs":false,"_jetpack_newsletter_tier_id":0,"_jetpack_memberships_contains_paywalled_content":false,"_jetpack_memberships_contains_paid_content":false,"footnotes":"","jetpack_publicize_message":"","jetpack_publicize_feature_enabled":true,"jetpack_social_post_already_shared":true,"jetpack_social_options":{"image_generator_settings":{"template":"highway","default_image_id":0,"font":"","enabled":false},"version":2},"_wpas_customize_per_network":false},"categories":[30],"tags":[8656,9125,244,8912],"class_list":["post-56058","post","type-post","status-publish","format-standard","has-post-thumbnail","hentry","category-municipio","tag-capacitacion","tag-empleo","tag-municipio-2","tag-produccion","generate-columns","tablet-grid-50","mobile-grid-100","grid-parent","grid-50"],"jetpack_publicize_connections":[],"jetpack_featured_media_url":"https:\/\/www.hoymercedes.com.ar\/principal\/wp-content\/uploads\/2016\/10\/18-FORMACION.jpg","wps_subtitle":"Oficina de empleo","jetpack_sharing_enabled":true,"_links":{"self":[{"href":"https:\/\/www.hoymercedes.com.ar\/principal\/wp-json\/wp\/v2\/posts\/56058","targetHints":{"allow":["GET"]}}],"collection":[{"href":"https:\/\/www.hoymercedes.com.ar\/principal\/wp-json\/wp\/v2\/posts"}],"about":[{"href":"https:\/\/www.hoymercedes.com.ar\/principal\/wp-json\/wp\/v2\/types\/post"}],"author":[{"embeddable":true,"href":"https:\/\/www.hoymercedes.com.ar\/principal\/wp-json\/wp\/v2\/users\/1"}],"replies":[{"embeddable":true,"href":"https:\/\/www.hoymercedes.com.ar\/principal\/wp-json\/wp\/v2\/comments?post=56058"}],"version-history":[{"count":0,"href":"https:\/\/www.hoymercedes.com.ar\/principal\/wp-json\/wp\/v2\/posts\/56058\/revisions"}],"wp:featuredmedia":[{"embeddable":true,"href":"https:\/\/www.hoymercedes.com.ar\/principal\/wp-json\/wp\/v2\/media\/56059"}],"wp:attachment":[{"href":"https:\/\/www.hoymercedes.com.ar\/principal\/wp-json\/wp\/v2\/media?parent=56058"}],"wp:term":[{"taxonomy":"category","embeddable":true,"href":"https:\/\/www.hoymercedes.com.ar\/principal\/wp-json\/wp\/v2\/categories?post=56058"},{"taxonomy":"post_tag","embeddable":true,"href":"https:\/\/www.hoymercedes.com.ar\/principal\/wp-json\/wp\/v2\/tags?post=56058"}],"curies":[{"name":"wp","href":"https:\/\/api.w.org\/{rel}","templated":true}]}}