{"id":56064,"date":"2016-10-18T19:30:52","date_gmt":"2016-10-18T22:30:52","guid":{"rendered":"http:\/\/www.hoymercedes.com.ar\/principal\/?p=56064"},"modified":"2016-10-18T21:14:05","modified_gmt":"2016-10-19T00:14:05","slug":"nuevas-maquinarias-fueron-entregadas-a-la-comuna","status":"publish","type":"post","link":"https:\/\/www.hoymercedes.com.ar\/principal\/2016\/10\/18\/nuevas-maquinarias-fueron-entregadas-a-la-comuna\/","title":{"rendered":"Municipio adquiri\u00f3 nuevas m\u00e1quinas para servicios p\u00fablicos"},"content":{"rendered":"<p>Frente al Palacio Municipal, el Intendente Dr. Juan Ignacio Ustarro, present\u00f3 junto a trabajadores municipales nuevas unidades que se incorporan al Parque Automotor del municipio y que ser\u00e1n una continuidad en la apuesta de brindar cada vez m\u00e1s y mejores servicios p\u00fablicos.<\/p>\n<p><img loading=\"lazy\" decoding=\"async\" data-attachment-id=\"56066\" data-permalink=\"https:\/\/www.hoymercedes.com.ar\/principal\/2016\/10\/18\/nuevas-maquinarias-fueron-entregadas-a-la-comuna\/18-maquina-agrale-1\/#main\" data-orig-file=\"https:\/\/www.hoymercedes.com.ar\/principal\/wp-content\/uploads\/2016\/10\/18-maquina-agrale-1.jpg\" data-orig-size=\"630,420\" data-comments-opened=\"1\" data-image-meta=\"{&quot;aperture&quot;:&quot;5.6&quot;,&quot;credit&quot;:&quot;&quot;,&quot;camera&quot;:&quot;NIKON D3100&quot;,&quot;caption&quot;:&quot;&quot;,&quot;created_timestamp&quot;:&quot;1476466258&quot;,&quot;copyright&quot;:&quot;&quot;,&quot;focal_length&quot;:&quot;48&quot;,&quot;iso&quot;:&quot;200&quot;,&quot;shutter_speed&quot;:&quot;0.0025&quot;,&quot;title&quot;:&quot;&quot;,&quot;orientation&quot;:&quot;1&quot;}\" data-image-title=\"18-maquina-agrale-1\" data-image-description=\"\" data-image-caption=\"\" data-large-file=\"https:\/\/www.hoymercedes.com.ar\/principal\/wp-content\/uploads\/2016\/10\/18-maquina-agrale-1.jpg\" class=\"aligncenter size-medium wp-image-56066\" src=\"https:\/\/www.hoymercedes.com.ar\/principal\/wp-content\/uploads\/2016\/10\/18-maquina-agrale-1-630x420.jpg\" alt=\"18-maquina-agrale-1\" width=\"630\" height=\"420\" srcset=\"https:\/\/www.hoymercedes.com.ar\/principal\/wp-content\/uploads\/2016\/10\/18-maquina-agrale-1.jpg 630w, https:\/\/www.hoymercedes.com.ar\/principal\/wp-content\/uploads\/2016\/10\/18-maquina-agrale-1-150x100.jpg 150w, https:\/\/www.hoymercedes.com.ar\/principal\/wp-content\/uploads\/2016\/10\/18-maquina-agrale-1-300x200.jpg 300w\" sizes=\"auto, (max-width: 630px) 100vw, 630px\" \/><\/p>\n<p>\u201cEs una alegr\u00eda inmensa sumar esta barredora de arrastre, m\u00e1s un tractor con una pala tambi\u00e9n, porque esto forma parte de lo que venimos haciendo desde el inicio de nuestro gobierno, capitalizando al municipio, pudiendo invertir en maquinarias y as\u00ed poder mejorar los servicios y hacer la presentaci\u00f3n junto a agentes municipales que estar\u00e1n a cargo de cada una de las unidades, es una gran satisfacci\u00f3n\u201d indico el Jefe Comunal quien desde hace un tiempo viene invirtiendo.<\/p>\n<p>El Intendente explico que \u201cuno de los ejes de la gesti\u00f3n ha sido desde el primer momento poder construir entre todos una ciudad m\u00e1s linda, m\u00e1s limpia y para eso necesitamos y apelamos al vecino, sabiendo que el municipio tiene una responsabilidad mayor y para esto sabemos que es extremadamente necesario contar con las herramientas correspondientes.\u00a0 Desde el inicio sab\u00edamos y ten\u00edamos un diagn\u00f3stico de c\u00f3mo se encontraba el parque automotor municipal y que hab\u00eda que incorporar maquinarias, aunque con el trabajo y la buena voluntad de los agentes municipales, pudimos arreglar y recuperar varias unidades. De a poco vamos recuperando y adquiriendo lo necesario, pero hay que seguir llevando adelante este tipo de inversiones para este sector.\u201d<\/p>\n<p><img loading=\"lazy\" decoding=\"async\" data-attachment-id=\"56065\" data-permalink=\"https:\/\/www.hoymercedes.com.ar\/principal\/2016\/10\/18\/nuevas-maquinarias-fueron-entregadas-a-la-comuna\/18-maquina-agrale-3\/#main\" data-orig-file=\"https:\/\/www.hoymercedes.com.ar\/principal\/wp-content\/uploads\/2016\/10\/18-maquina-agrale-3.jpg\" data-orig-size=\"630,420\" data-comments-opened=\"1\" data-image-meta=\"{&quot;aperture&quot;:&quot;4.5&quot;,&quot;credit&quot;:&quot;&quot;,&quot;camera&quot;:&quot;NIKON D3100&quot;,&quot;caption&quot;:&quot;&quot;,&quot;created_timestamp&quot;:&quot;1476466395&quot;,&quot;copyright&quot;:&quot;&quot;,&quot;focal_length&quot;:&quot;30&quot;,&quot;iso&quot;:&quot;200&quot;,&quot;shutter_speed&quot;:&quot;0.002&quot;,&quot;title&quot;:&quot;&quot;,&quot;orientation&quot;:&quot;1&quot;}\" data-image-title=\"18-maquina-agrale-3\" data-image-description=\"\" data-image-caption=\"\" data-large-file=\"https:\/\/www.hoymercedes.com.ar\/principal\/wp-content\/uploads\/2016\/10\/18-maquina-agrale-3.jpg\" class=\"aligncenter size-medium wp-image-56065\" src=\"https:\/\/www.hoymercedes.com.ar\/principal\/wp-content\/uploads\/2016\/10\/18-maquina-agrale-3-630x420.jpg\" alt=\"18-maquina-agrale-3\" width=\"630\" height=\"420\" srcset=\"https:\/\/www.hoymercedes.com.ar\/principal\/wp-content\/uploads\/2016\/10\/18-maquina-agrale-3.jpg 630w, https:\/\/www.hoymercedes.com.ar\/principal\/wp-content\/uploads\/2016\/10\/18-maquina-agrale-3-150x100.jpg 150w, https:\/\/www.hoymercedes.com.ar\/principal\/wp-content\/uploads\/2016\/10\/18-maquina-agrale-3-300x200.jpg 300w\" sizes=\"auto, (max-width: 630px) 100vw, 630px\" \/><\/p>\n<p>Ustarroz indico que esta presentaci\u00f3n \u201ces parte del convenio que se tiene con la empresa Agrale S.A., el que se va a extender, ante la necesidad de adquirir m\u00e1s elementos ya que se tiene en consideraci\u00f3n la llegada del verano, y es una \u00e9poca en la cual los servicios municipales ven en aumento su demanda. Un ejemplo es el hecho de que debemos tener m\u00e1s maquinas regadoras, tenemos que profundizar los trabajos en los caminos rurales, y es por eso que seguimos trabajando junto a las diferentes \u00e1reas que corresponden como econom\u00eda y servicios p\u00fablicos, para continuar incorporando unidades y darle continuidad a las capacitaciones que se le brinda al personal municipal. Esto es un paso m\u00e1s hacia delante para cumplir con los objetivos que tenemos como municipio en beneficio de toda la ciudad\u201d<\/p>\n<p>De esta forma se suman m\u00e1s elementos de trabajo. Recordemos que hace unas semanas se realiz\u00f3 una importante incorporaci\u00f3n tras una compra transparente y eficaz, en efectivo, que permiti\u00f3 ahorrar varios millones de pesos.<\/p>\n<p><img loading=\"lazy\" decoding=\"async\" data-attachment-id=\"56067\" data-permalink=\"https:\/\/www.hoymercedes.com.ar\/principal\/2016\/10\/18\/nuevas-maquinarias-fueron-entregadas-a-la-comuna\/18-maquina-agrale-2\/#main\" data-orig-file=\"https:\/\/www.hoymercedes.com.ar\/principal\/wp-content\/uploads\/2016\/10\/18-maquina-agrale-2.jpg\" data-orig-size=\"630,420\" data-comments-opened=\"1\" data-image-meta=\"{&quot;aperture&quot;:&quot;4.5&quot;,&quot;credit&quot;:&quot;&quot;,&quot;camera&quot;:&quot;NIKON D3100&quot;,&quot;caption&quot;:&quot;&quot;,&quot;created_timestamp&quot;:&quot;1476466382&quot;,&quot;copyright&quot;:&quot;&quot;,&quot;focal_length&quot;:&quot;22&quot;,&quot;iso&quot;:&quot;200&quot;,&quot;shutter_speed&quot;:&quot;0.0025&quot;,&quot;title&quot;:&quot;&quot;,&quot;orientation&quot;:&quot;1&quot;}\" data-image-title=\"18-maquina-agrale-2\" data-image-description=\"\" data-image-caption=\"\" data-large-file=\"https:\/\/www.hoymercedes.com.ar\/principal\/wp-content\/uploads\/2016\/10\/18-maquina-agrale-2.jpg\" class=\"aligncenter size-medium wp-image-56067\" src=\"https:\/\/www.hoymercedes.com.ar\/principal\/wp-content\/uploads\/2016\/10\/18-maquina-agrale-2-630x420.jpg\" alt=\"18-maquina-agrale-2\" width=\"630\" height=\"420\" srcset=\"https:\/\/www.hoymercedes.com.ar\/principal\/wp-content\/uploads\/2016\/10\/18-maquina-agrale-2.jpg 630w, https:\/\/www.hoymercedes.com.ar\/principal\/wp-content\/uploads\/2016\/10\/18-maquina-agrale-2-150x100.jpg 150w, https:\/\/www.hoymercedes.com.ar\/principal\/wp-content\/uploads\/2016\/10\/18-maquina-agrale-2-300x200.jpg 300w\" sizes=\"auto, (max-width: 630px) 100vw, 630px\" \/><\/p>\n<p>Fuente: Prensa Municipal<\/p>\n","protected":false},"excerpt":{"rendered":"<p>Frente al Palacio Municipal, el Intendente Dr. Juan Ignacio Ustarro, present\u00f3 junto a trabajadores municipales nuevas unidades que se incorporan &#8230; <a title=\"Municipio adquiri\u00f3 nuevas m\u00e1quinas para servicios p\u00fablicos\" class=\"read-more\" href=\"https:\/\/www.hoymercedes.com.ar\/principal\/2016\/10\/18\/nuevas-maquinarias-fueron-entregadas-a-la-comuna\/\" aria-label=\"Leer m\u00e1s sobre Municipio adquiri\u00f3 nuevas m\u00e1quinas para servicios p\u00fablicos\">Leer m\u00e1s<\/a><\/p>\n","protected":false},"author":1,"featured_media":56067,"comment_status":"open","ping_status":"open","sticky":false,"template":"","format":"standard","meta":{"_monsterinsights_skip_tracking":false,"_monsterinsights_sitenote_active":false,"_monsterinsights_sitenote_note":"","_monsterinsights_sitenote_category":0,"jetpack_post_was_ever_published":false,"_jetpack_newsletter_access":"","_jetpack_dont_email_post_to_subs":false,"_jetpack_newsletter_tier_id":0,"_jetpack_memberships_contains_paywalled_content":false,"_jetpack_memberships_contains_paid_content":false,"footnotes":"","jetpack_publicize_message":"","jetpack_publicize_feature_enabled":true,"jetpack_social_post_already_shared":true,"jetpack_social_options":{"image_generator_settings":{"template":"highway","default_image_id":0,"font":"","enabled":false},"version":2},"_wpas_customize_per_network":false},"categories":[30],"tags":[9447,244,10126],"class_list":["post-56064","post","type-post","status-publish","format-standard","has-post-thumbnail","hentry","category-municipio","tag-maquinarias","tag-municipio-2","tag-tractores","generate-columns","tablet-grid-50","mobile-grid-100","grid-parent","grid-50"],"jetpack_publicize_connections":[],"jetpack_featured_media_url":"https:\/\/www.hoymercedes.com.ar\/principal\/wp-content\/uploads\/2016\/10\/18-maquina-agrale-2.jpg","wps_subtitle":"En la ma\u00f1ana del martes","jetpack_sharing_enabled":true,"_links":{"self":[{"href":"https:\/\/www.hoymercedes.com.ar\/principal\/wp-json\/wp\/v2\/posts\/56064","targetHints":{"allow":["GET"]}}],"collection":[{"href":"https:\/\/www.hoymercedes.com.ar\/principal\/wp-json\/wp\/v2\/posts"}],"about":[{"href":"https:\/\/www.hoymercedes.com.ar\/principal\/wp-json\/wp\/v2\/types\/post"}],"author":[{"embeddable":true,"href":"https:\/\/www.hoymercedes.com.ar\/principal\/wp-json\/wp\/v2\/users\/1"}],"replies":[{"embeddable":true,"href":"https:\/\/www.hoymercedes.com.ar\/principal\/wp-json\/wp\/v2\/comments?post=56064"}],"version-history":[{"count":0,"href":"https:\/\/www.hoymercedes.com.ar\/principal\/wp-json\/wp\/v2\/posts\/56064\/revisions"}],"wp:featuredmedia":[{"embeddable":true,"href":"https:\/\/www.hoymercedes.com.ar\/principal\/wp-json\/wp\/v2\/media\/56067"}],"wp:attachment":[{"href":"https:\/\/www.hoymercedes.com.ar\/principal\/wp-json\/wp\/v2\/media?parent=56064"}],"wp:term":[{"taxonomy":"category","embeddable":true,"href":"https:\/\/www.hoymercedes.com.ar\/principal\/wp-json\/wp\/v2\/categories?post=56064"},{"taxonomy":"post_tag","embeddable":true,"href":"https:\/\/www.hoymercedes.com.ar\/principal\/wp-json\/wp\/v2\/tags?post=56064"}],"curies":[{"name":"wp","href":"https:\/\/api.w.org\/{rel}","templated":true}]}}